{"id":668471,"date":"2026-01-16T20:19:10","date_gmt":"2026-01-16T20:19:10","guid":{"rendered":"https:\/\/www.europesays.com\/fr\/668471\/"},"modified":"2026-01-16T20:19:10","modified_gmt":"2026-01-16T20:19:10","slug":"la-ministre-de-la-sante-penche-pour-un-demenagement-du-centre-daccueil-pour-les-toxicomanes","status":"publish","type":"post","link":"https:\/\/www.europesays.com\/fr\/668471\/","title":{"rendered":"la ministre de la Sant\u00e9 penche pour un d\u00e9m\u00e9nagement du centre d\u2019accueil pour les toxicomanes"},"content":{"rendered":"<p>Elle le fait savoir dans un courrier adress\u00e9 vendredi 16\u00a0janvier \u00e0 Thomas Cazenave, d\u00e9put\u00e9 Renaissance et candidat aux \u00e9lections municipales, lequel avait saisi la ministre deux jours plus t\u00f4t, le 14\u00a0janvier, s\u2019effor\u00e7ant de la sensibiliser aux probl\u00e9matiques de cohabitation, sur la voie publique, entre toxicomanes, nombreux passants et commer\u00e7ants. Si la Case est ouverte depuis d\u00e9but 2012, <a href=\"https:\/\/www.change.org\/p\/d%C3%A9m%C3%A9nagement-du-caarud-la-case-sis-au-36-38-rue-saint-james\" target=\"_blank\" rel=\"nofollow noopener\">une p\u00e9tition en ligne appelant \u00e0 son d\u00e9m\u00e9nagement<\/a>, et lanc\u00e9e pas plus tard qu\u2019\u00e0 l\u2019automne, affiche pr\u00e8s de 1\u00a0000\u00a0signatures. \u00ab\u00a0On a pris le temps de se faire une conviction sur le sujet\u00a0\u00bb, dit Thomas Cazenave, \u00ab\u00a0tr\u00e8s sensible \u00e0 l\u2019offre de soins\u00a0\u00bb, qui dit avoir rencontr\u00e9 la directrice de la Case et \u00ab\u00a0des gens au CHU\u00a0\u00bb. \u00ab\u00a0On ne veut pas fermer le Caarud. Mais il y a un tel niveau de tension\u00a0: il n\u2019est pas compatible dans le tissu urbain.\u00a0\u00bb<\/p>\n<p>\u00ab\u00a0On sera tr\u00e8s vigilant\u00a0\u00bb<\/p>\n<p>Si la ministre Rist rappelle que la r\u00e9duction des risques et la pr\u00e9vention des addictions est \u00ab\u00a0un pilier essentiel de notre politique de sant\u00e9 publique\u00a0\u00bb, elle donne acte \u00e0 Thomas Cazenave\u00a0: \u00ab\u00a0Votre analyse sur la n\u00e9cessit\u00e9 de repenser l\u2019implantation de l\u2019offre de prise en charge et de pr\u00e9vention en addictologie sur votre territoire est pleinement entendue.\u00a0\u00bb Vendredi apr\u00e8s-midi, Thomas Cazenave a bouscul\u00e9 son programme de campagne, \u00e0 la rencontre de commer\u00e7ants rue Bouffard, pour s\u2019en aller annoncer la nouvelle \u00e0 Danielle Pendanx, pr\u00e9sidente de l\u2019association des commer\u00e7ants du quartier Saint-Paul.<\/p>\n<blockquote><p>\u00ab\u00a0Dire qu\u2019il faut mettre le Caarud \u00e0 l\u2019h\u00f4pital Saint-Andr\u00e9, c\u2019est une absurdit\u00e9\u00a0\u00bb<\/p><\/blockquote>\n<p>\u00ab\u00a0Je pense que \u00e7a va te faire plaisir\u2026\u00a0\u00bb s\u2019avance Thomas Cazenave, dans le petit atelier de couture, m\u00e9nageant son effet. \u00ab\u00a0On attendait \u00e7a depuis tellement longtemps\u00a0! C\u2019est important de savoir que c\u2019est pris en compte. Jusqu\u2019\u00e0 pr\u00e9sent, l\u2019\u00c9tat n\u2019avait rien dit\u00a0\u00bb, se r\u00e9jouit la commer\u00e7ante, lasse de voir \u00ab\u00a0cette verrue\u00a0\u00bb \u00e0 l\u2019entr\u00e9e du quartier. Et de pr\u00e9venir\u00a0: \u00ab\u00a0Maintenant que la ministre s\u2019est engag\u00e9e, on sera tr\u00e8s vigilant.\u00a0\u00bb<\/p>\n<p>\u00ab\u00a0Attiser les peurs\u00a0\u00bb<\/p>\n<p>Car la question de la relocalisation de la Case, qui a vocation \u00e0 \u00eatre au plus pr\u00e8s des publics toxicomanes, entre cours Victor-Hugo et rue Sainte-Catherine, reste enti\u00e8re. Maire-adjoint du quartier centre et adjoint en charge de la s\u00e9curit\u00e9, Marc Etcheverry l\u2019assure, \u00ab\u00a0nous prendrons notre part s\u2019il y a un travail men\u00e9 pour les \u00e9volutions des Caarud en ville\u00a0\u00bb. Conscient des \u00ab\u00a0sujets tranquillit\u00e9 et dynamique commerciale\u00a0\u00bb, l\u2019adjoint pose avant tout la question de la \u00ab\u00a0juste jauge\u00a0\u00bb du site, et donc de sa surfr\u00e9quentation.<\/p>\n","protected":false},"excerpt":{"rendered":"Elle le fait savoir dans un courrier adress\u00e9 vendredi 16\u00a0janvier \u00e0 Thomas Cazenave, d\u00e9put\u00e9 Renaissance et candidat aux&hellip;\n","protected":false},"author":2,"featured_media":668472,"comment_status":"","ping_status":"","sticky":false,"template":"","format":"standard","meta":{"footnotes":""},"categories":[2817],"tags":[1111,11,1997,1777,674,1011,27,12,2219,25],"class_list":{"0":"post-668471","1":"post","2":"type-post","3":"status-publish","4":"format-standard","5":"has-post-thumbnail","7":"category-bordeaux","8":"tag-actu","9":"tag-actualites","10":"tag-bordeaux","11":"tag-eu","12":"tag-europe","13":"tag-fr","14":"tag-france","15":"tag-news","16":"tag-nouvelle-aquitaine","17":"tag-republique-francaise"},"share_on_mastodon":{"url":"https:\/\/pubeurope.com\/@fr\/115906633060188349","error":""},"_links":{"self":[{"href":"https:\/\/www.europesays.com\/fr\/wp-json\/wp\/v2\/posts\/668471","targetHints":{"allow":["GET"]}}],"collection":[{"href":"https:\/\/www.europesays.com\/fr\/wp-json\/wp\/v2\/posts"}],"about":[{"href":"https:\/\/www.europesays.com\/fr\/wp-json\/wp\/v2\/types\/post"}],"author":[{"embeddable":true,"href":"https:\/\/www.europesays.com\/fr\/wp-json\/wp\/v2\/users\/2"}],"replies":[{"embeddable":true,"href":"https:\/\/www.europesays.com\/fr\/wp-json\/wp\/v2\/comments?post=668471"}],"version-history":[{"count":0,"href":"https:\/\/www.europesays.com\/fr\/wp-json\/wp\/v2\/posts\/668471\/revisions"}],"wp:featuredmedia":[{"embeddable":true,"href":"https:\/\/www.europesays.com\/fr\/wp-json\/wp\/v2\/media\/668472"}],"wp:attachment":[{"href":"https:\/\/www.europesays.com\/fr\/wp-json\/wp\/v2\/media?parent=668471"}],"wp:term":[{"taxonomy":"category","embeddable":true,"href":"https:\/\/www.europesays.com\/fr\/wp-json\/wp\/v2\/categories?post=668471"},{"taxonomy":"post_tag","embeddable":true,"href":"https:\/\/www.europesays.com\/fr\/wp-json\/wp\/v2\/tags?post=668471"}],"curies":[{"name":"wp","href":"https:\/\/api.w.org\/{rel}","templated":true}]}}