{"id":668475,"date":"2026-01-16T20:21:11","date_gmt":"2026-01-16T20:21:11","guid":{"rendered":"https:\/\/www.europesays.com\/fr\/668475\/"},"modified":"2026-01-16T20:21:11","modified_gmt":"2026-01-16T20:21:11","slug":"alice-rufo-au-commandement-de-lespace-a-toulouse-pour-la-strategie-spatiale","status":"publish","type":"post","link":"https:\/\/www.europesays.com\/fr\/668475\/","title":{"rendered":"Alice Rufo au Commandement de l\u2019espace \u00e0 Toulouse pour la strat\u00e9gie spatiale"},"content":{"rendered":"<p>\n                                                                    l&rsquo;essentiel<br \/>\n                                                                Alice Rufo se d\u00e9place au Commandement de l\u2019espace \u00e0 Toulouse le 19\u00a0janvier 2026. Selon le minist\u00e8re, elle valorisera la strat\u00e9gie nationale spatiale.\n                            <\/p>\n<p>La ministre d\u00e9l\u00e9gu\u00e9e Alice Rufo se rend au Commandement de l\u2019espace (CDE) sur la base a\u00e9rienne 101 de Toulouse le 19\u00a0janvier 2026. Ce d\u00e9placement s\u2019inscrit dans le cadre de la strat\u00e9gie nationale spatiale (SNS) initialis\u00e9e par le pr\u00e9sident de la R\u00e9publique en novembre\u00a02025. Durant cette visite, la ministre doit rencontrer des repr\u00e9sentants institutionnels, des militaires ainsi que des chercheurs et des industriels du secteur.<\/p>\n<p>Inauguration du centre de l\u2019OTAN<\/p>\n<p>Alice Rufo inaugurera officiellement le Centre d\u2019excellence de l\u2019OTAN (NATO Space CoE). Cette structure a obtenu l\u2019accr\u00e9ditation de l\u2019Organisation du trait\u00e9 de l\u2019Atlantique Nord lors du sommet de Vilnius le 14\u00a0juillet 2023. Cette \u00e9tape marque un jalon important pour la coop\u00e9ration internationale et la d\u00e9fense spatiale sur le sol fran\u00e7ais.<\/p>\n<p>Partenariat avec le secteur priv\u00e9<\/p>\n<p>La s\u00e9quence se terminera par une visite des installations de la soci\u00e9t\u00e9 Hemeria. L\u2019entreprise est pr\u00e9sent\u00e9e comme un intervenant de premier plan dans les domaines du spatial et de la tr\u00e8s haute altitude. Cette rencontre permet de souligner la collaboration entre les services publics et les entit\u00e9s priv\u00e9es. Selon les informations transmises, l\u2019objectif est de mettre en avant l\u2019innovation technologique ainsi que le r\u00f4le du New Space.<\/p>\n<p>Ce secteur \u00e9mergent contribue \u00e0 l\u2019autonomie strat\u00e9gique fran\u00e7aise. Le minist\u00e8re souligne que ce soutien intervient dans une p\u00e9riode marqu\u00e9e par une mutation des probl\u00e9matiques de s\u00e9curit\u00e9. La comp\u00e9tition internationale dans l\u2019espace impose en effet une adaptation rapide des moyens de d\u00e9fense et de surveillance. Cette visite \u00e0 Toulouse confirme ainsi la place centrale de la ville dans les ambitions spatiales de la France et de ses alli\u00e9s.<\/p>\n","protected":false},"excerpt":{"rendered":"l&rsquo;essentiel Alice Rufo se d\u00e9place au Commandement de l\u2019espace \u00e0 Toulouse le 19\u00a0janvier 2026. Selon le minist\u00e8re, elle&hellip;\n","protected":false},"author":2,"featured_media":668476,"comment_status":"","ping_status":"","sticky":false,"template":"","format":"standard","meta":{"footnotes":""},"categories":[2816],"tags":[1111,11,69001,1777,674,1011,27,329,2722,12,2680,25,2312],"class_list":{"0":"post-668475","1":"post","2":"type-post","3":"status-publish","4":"format-standard","5":"has-post-thumbnail","7":"category-toulouse","8":"tag-actu","9":"tag-actualites","10":"tag-du00e9fense-armu00e9e","11":"tag-eu","12":"tag-europe","13":"tag-fr","14":"tag-france","15":"tag-france-monde","16":"tag-haute-garonne","17":"tag-news","18":"tag-occitanie","19":"tag-republique-francaise","20":"tag-toulouse"},"share_on_mastodon":{"url":"https:\/\/pubeurope.com\/@fr\/115906640827816162","error":""},"_links":{"self":[{"href":"https:\/\/www.europesays.com\/fr\/wp-json\/wp\/v2\/posts\/668475","targetHints":{"allow":["GET"]}}],"collection":[{"href":"https:\/\/www.europesays.com\/fr\/wp-json\/wp\/v2\/posts"}],"about":[{"href":"https:\/\/www.europesays.com\/fr\/wp-json\/wp\/v2\/types\/post"}],"author":[{"embeddable":true,"href":"https:\/\/www.europesays.com\/fr\/wp-json\/wp\/v2\/users\/2"}],"replies":[{"embeddable":true,"href":"https:\/\/www.europesays.com\/fr\/wp-json\/wp\/v2\/comments?post=668475"}],"version-history":[{"count":0,"href":"https:\/\/www.europesays.com\/fr\/wp-json\/wp\/v2\/posts\/668475\/revisions"}],"wp:featuredmedia":[{"embeddable":true,"href":"https:\/\/www.europesays.com\/fr\/wp-json\/wp\/v2\/media\/668476"}],"wp:attachment":[{"href":"https:\/\/www.europesays.com\/fr\/wp-json\/wp\/v2\/media?parent=668475"}],"wp:term":[{"taxonomy":"category","embeddable":true,"href":"https:\/\/www.europesays.com\/fr\/wp-json\/wp\/v2\/categories?post=668475"},{"taxonomy":"post_tag","embeddable":true,"href":"https:\/\/www.europesays.com\/fr\/wp-json\/wp\/v2\/tags?post=668475"}],"curies":[{"name":"wp","href":"https:\/\/api.w.org\/{rel}","templated":true}]}}