{"id":668479,"date":"2026-01-16T20:23:14","date_gmt":"2026-01-16T20:23:14","guid":{"rendered":"https:\/\/www.europesays.com\/fr\/668479\/"},"modified":"2026-01-16T20:23:14","modified_gmt":"2026-01-16T20:23:14","slug":"paris-ouvre-le-score-sur-un-eclair-de-dembele","status":"publish","type":"post","link":"https:\/\/www.europesays.com\/fr\/668479\/","title":{"rendered":"Paris ouvre le score sur un \u00e9clair de Demb\u00e9l\u00e9"},"content":{"rendered":"<p>MUKAU MANQUE LE CADRE !<\/p>\n<p>Apr\u00e8s un gros duel entre Giroud et Pacho, le ballon arrive sur le milieu lillois, dont la frappe du droit est un peu trop crois\u00e9e. C&rsquo;\u00e9tait une belle occasion.<\/p>\n<p>KVARA DANS LA SURFACE !<\/p>\n<p>Le G\u00e9orgien part dans un festival, encha\u00eene les dribbles mais ne r\u00e9ussit pas \u00e0 d\u00e9clencher une frappe. C&rsquo;\u00e9tait un ballon de 2-0.<\/p>\n<p>Za\u00efre-Emery envoie Demb\u00e9l\u00e9 en profondeur<\/p>\n<p>La d\u00e9fense lilloise s&rsquo;\u00e9tait ouverte mais la passe de Za\u00efre-Emery est trop puissante, Demb\u00e9l\u00e9 ne peut pas y aller.<\/p>\n<p>Le 4e but de Demb\u00e9l\u00e9 en Ligue 1<\/p>\n<p>Le num\u00e9ro 10 parisien, encore loin de ses statistiques d&rsquo;il y a un an, a marqu\u00e9 lors des deux derniers matchs du PSG en championnat.<\/p>\n<p>DEMBELE OUVRE LE SCORE DE LOIN !<\/p>\n<p>SUR SA PREMIERE TENTATIVE ! On ne l&rsquo;a quasiment pas vu depuis le d\u00e9but du match, mais un \u00e9clair a suffi. Depuis l&rsquo;ext\u00e9rieur de la surface, il d\u00e9clenche du gauche, \u00e0 ras de terre. Ca touche le poteau et \u00e7a rentre, 1-0 pour le PSG.<\/p>\n<p>Vitinha pique pour Demb\u00e9l\u00e9<\/p>\n<p>Mais c&rsquo;est trop long et \u00e7a file en sortie de but.<\/p>\n<p>Paris tente de mettre le pied sur le ballon<\/p>\n<p>Mais pour le moment on trouve tr\u00e8s peu Demb\u00e9l\u00e9, Dou\u00e9 et Kvara sur le front de l&rsquo;attaque.<\/p>\n<p>Ethan Mbapp\u00e9 encore !<\/p>\n<p>Deuxi\u00e8me occasion en quelques minutes. Mbapp\u00e9 prend la profondeur, il est servi et p\u00e9n\u00e8tre dans la surface. Dans un angle ferm\u00e9, il frappe du gauche mais c&rsquo;est repouss\u00e9 par Chevalier. En tout cas, le LOSC d\u00e9marre fort.<\/p>\n<p>Bouaddi sort le ballon dans la surface<\/p>\n<p>Le centre de Nuno Mendes \u00e9tait bon, le contr\u00f4le de Demb\u00e9l\u00e9 un peu moins. Bouaddi intervient.<\/p>\n<p>GIROUD SUR LA TRANSVERSALE !<\/p>\n<p>LE LOSC A FAILLI OUVRIR LE SCORE ! Pacho est compl\u00e8tement pris par Ethan Mbapp\u00e9, qui d\u00e9vie vers Giroud. Le Fran\u00e7ais tente de lober Chevalier, tr\u00e8s avanc\u00e9, mais \u00e7a heurte la barre. Le ballon revient sur Mbapp\u00e9, qui tente de conclure mais bute sur le gardien parisien.<\/p>\n<p>C&rsquo;est parti au Parc des Princes !<\/p>\n<p>Devant son public, le Paris Saint-Germain donne le coup d&rsquo;envoi de ce choc de la journ\u00e9e en Ligue 1.<\/p>\n<p>Coup d&rsquo;envoi imminent<\/p>\n<p>Les joueurs vont sortir du tunnel. L&rsquo;occasion de rappeler les compositions du soir.<\/p>\n<p><strong>PSG:<\/strong> Chevalier &#8211; Za\u00efre-Emery, Marquinhos, Pacho, Nuno Mendes &#8211; Vitinha, Ruiz, Mayulu &#8211; Kvaratskhelia, Demb\u00e9l\u00e9, Dou\u00e9.<\/p>\n<p><strong>Lille:<\/strong> \u00d6zer &#8211; Tiago Santos, Mandi, Ngoy, Perraud &#8211; Bentaleb, Bouaddi, Mukau &#8211; Mbapp\u00e9, Haraldsson, Giroud.<\/p>\n<p>Le PSG ne conna\u00eet pas sa meilleure s\u00e9rie<\/p>\n<p>Les Parisiens ont l&rsquo;occasion de prendre provisoirement la t\u00eate de la Ligue 1, ce soir. Pourtant, les derni\u00e8res semaines ont \u00e9t\u00e9 par moments compliqu\u00e9es sur le terrain, avec un nul contre Bilbao en Ligue des champions, une victoire arrach\u00e9e in-extremis contre l&rsquo;OM aux tirs au but lors du Troph\u00e9e des Champions, et une d\u00e9faite en Coupe de France contre le Paris FC. Avec quasiment son onze type, Luis Enrique esp\u00e8re relancer une bonne dynamique.<\/p>\n<p>Lille peut grimper sur le podium<\/p>\n<p>En attendant le match de l&rsquo;OM samedi soir contre Angers, le LOSC, qui reste sur quatre succ\u00e8s cons\u00e9cutifs en Ligue 1, peut monter sur la troisi\u00e8me marche du podium en cas de victoire ou de match nul.<\/p>\n<p>Le LOSC n&rsquo;a plus battu le PSG depuis 2021<\/p>\n<p>C&rsquo;\u00e9tait lors du Troph\u00e9e des Champions, Lille l&rsquo;avait emport\u00e9 1-0. Depuis, il y a eu 9 rencontres, toutes en Ligue 1, pour 7 victoires du PSG et 2 nuls.<\/p>\n<p>Lille avec Giroud et Mbapp\u00e9<\/p>\n<p><strong>La composition de Lille:<\/strong> \u00d6zer &#8211; Tiago Santos, Mandi, Ngoy, \u00a0Perraud &#8211; Bentaleb, Bouaddi, Mukau &#8211; Mbapp\u00e9, Haraldsson, Giroud \u00a0<\/p>\n<p>Le PSG avec Demb\u00e9l\u00e9, Dou\u00e9 et Kvara<\/p>\n<p><strong>La compo du PSG: <\/strong>Chevalier &#8211; Za\u00efre-Emery, Marquinhos, Pacho, Nuno Mendes &#8211; Vitinha, Ruiz, Mayulu &#8211; Kvaratskhelia, Demb\u00e9l\u00e9, Dou\u00e9<\/p>\n<p>L\u00e9tang suspendu plusieurs mois apr\u00e8s ses attaques contre l\u2019arbitrage, Genesio aussi sanctionn\u00e9<\/p>\n<p>Le pr\u00e9sident lillois Olivier L\u00e9tang \u00e9tait convoqu\u00e9 ce mercredi par la commission de discipline de la LFP apr\u00e8s ses r\u00e9centes critiques contre les arbitres. Il est suspendu jusqu\u2019au 31 mars.<\/p>\n<p><a href=\"https:\/\/rmcsport.bfmtv.com\/football\/clubs\/losc-lille\/lille-letang-suspendu-plusieurs-mois-apres-ses-attaques-contre-l-arbitrage-genesio-aussi-sanctionne_AV-202601141007.html\" title=\"Lille: L\u00e9tang suspendu plusieurs mois apr\u00e8s ses attaques contre l\u2019arbitrage, Genesio aussi sanctionn\u00e9\" class=\"internal_link\" target=\"_blank\" rel=\"noopener\">&gt;&gt; L\u00e9tang suspendu plusieurs mois apr\u00e8s ses attaques contre l\u2019arbitrage, Genesio aussi sanctionn\u00e9<\/a><\/p>\n<p>Luis Enrique veut voir le c\u00f4t\u00e9 b\u00e9n\u00e9fique de l&rsquo;\u00e9limination en Coupe de France<\/p>\n<p>Luis Enrique, entra\u00eeneur du PSG, se dit d\u00e9\u00e7u de l&rsquo;\u00e9limination de son \u00e9quipe en Coupe de France, tout en y voyant une aubaine de r\u00e9duire le calendrier surcharg\u00e9 de son \u00e9quipe et de prendre plus le temps de travailler tactiquement.<\/p>\n<p><a href=\"https:\/\/rmcsport.bfmtv.com\/football\/ligue-1\/psg-plus-facile-a-gerer-quand-il-y-a-moins-de-matchs-luis-enrique-veut-voir-le-cote-benefique-de-l-elimination-en-coupe-de-france_AV-202601150550.html\" title=\"PSG: &quot;Plus facile \u00e0 g\u00e9rer quand il y a moins de matchs&quot;, Luis Enrique veut voir le c\u00f4t\u00e9 b\u00e9n\u00e9fique de l&#039;\u00e9limination en Coupe de France\" class=\"internal_link\" target=\"_blank\" rel=\"noopener\">&gt;&gt; Luis Enrique veut voir le c\u00f4t\u00e9 b\u00e9n\u00e9fique de l&rsquo;\u00e9limination en Coupe de France<\/a><\/p>\n<p>Le Losc d\u00e9nonce l&rsquo;encadrement de ses supporters, le d\u00e9placement au Parc des Princes boycott\u00e9<\/p>\n<p>\u00c0 quelques heures de d\u00e9fier le PSG au Parc des Princes, ce vendredi pour le compte de la 18e journ\u00e9e de Ligue (21h), Lille a d\u00e9nonc\u00e9 \u00ab\u00a0deux poids, deux mesures\u00a0\u00bb pour son public. La \u00ab\u00a0grande majorit\u00e9\u00a0\u00bb de ses associations de supporters vont boycotter le d\u00e9placement.<\/p>\n<p><a href=\"https:\/\/rmcsport.bfmtv.com\/football\/ligue-1\/psg-lille-le-losc-denonce-l-encadrement-de-ses-supporters-le-deplacement-au-parc-des-princes-boycotte_AV-202601160462.html\" title=\"PSG-Lille: le Losc d\u00e9nonce l&#039;encadrement de ses supporters, le d\u00e9placement au Parc des Princes boycott\u00e9\" class=\"internal_link\" target=\"_blank\" rel=\"noopener\">&gt;&gt; Le Losc d\u00e9nonce l&rsquo;encadrement de ses supporters, le d\u00e9placement au Parc des Princes boycott\u00e9<\/a><\/p>\n<p>Bonjour \u00e0 tous !<\/p>\n<p>\u00c9limin\u00e9s en Coupe de France, le PSG et Lille se retrouvent ce vendredi au Parc des Princes pour le choc de la 18e journ\u00e9e de Ligue 1. Paris peut en profiter pour repasser provisoirement devant Lens en t\u00eate du classement. Coup d&rsquo;envoi \u00e0 21h.<\/p>\n","protected":false},"excerpt":{"rendered":"MUKAU MANQUE LE CADRE ! Apr\u00e8s un gros duel entre Giroud et Pacho, le ballon arrive sur le&hellip;\n","protected":false},"author":2,"featured_media":668480,"comment_status":"","ping_status":"","sticky":false,"template":"","format":"standard","meta":{"footnotes":""},"categories":[2815],"tags":[1111,11,1777,674,1011,27,811,1307,12,25],"class_list":{"0":"post-668479","1":"post","2":"type-post","3":"status-publish","4":"format-standard","5":"has-post-thumbnail","7":"category-lille","8":"tag-actu","9":"tag-actualites","10":"tag-eu","11":"tag-europe","12":"tag-fr","13":"tag-france","14":"tag-hauts-de-france","15":"tag-lille","16":"tag-news","17":"tag-republique-francaise"},"share_on_mastodon":{"url":"https:\/\/pubeurope.com\/@fr\/115906648611592491","error":""},"_links":{"self":[{"href":"https:\/\/www.europesays.com\/fr\/wp-json\/wp\/v2\/posts\/668479","targetHints":{"allow":["GET"]}}],"collection":[{"href":"https:\/\/www.europesays.com\/fr\/wp-json\/wp\/v2\/posts"}],"about":[{"href":"https:\/\/www.europesays.com\/fr\/wp-json\/wp\/v2\/types\/post"}],"author":[{"embeddable":true,"href":"https:\/\/www.europesays.com\/fr\/wp-json\/wp\/v2\/users\/2"}],"replies":[{"embeddable":true,"href":"https:\/\/www.europesays.com\/fr\/wp-json\/wp\/v2\/comments?post=668479"}],"version-history":[{"count":0,"href":"https:\/\/www.europesays.com\/fr\/wp-json\/wp\/v2\/posts\/668479\/revisions"}],"wp:featuredmedia":[{"embeddable":true,"href":"https:\/\/www.europesays.com\/fr\/wp-json\/wp\/v2\/media\/668480"}],"wp:attachment":[{"href":"https:\/\/www.europesays.com\/fr\/wp-json\/wp\/v2\/media?parent=668479"}],"wp:term":[{"taxonomy":"category","embeddable":true,"href":"https:\/\/www.europesays.com\/fr\/wp-json\/wp\/v2\/categories?post=668479"},{"taxonomy":"post_tag","embeddable":true,"href":"https:\/\/www.europesays.com\/fr\/wp-json\/wp\/v2\/tags?post=668479"}],"curies":[{"name":"wp","href":"https:\/\/api.w.org\/{rel}","templated":true}]}}