{"id":668490,"date":"2026-01-16T20:30:25","date_gmt":"2026-01-16T20:30:25","guid":{"rendered":"https:\/\/www.europesays.com\/fr\/668490\/"},"modified":"2026-01-16T20:30:25","modified_gmt":"2026-01-16T20:30:25","slug":"marshall-munetsi-rejoint-le-paris-fc-2","status":"publish","type":"post","link":"https:\/\/www.europesays.com\/fr\/668490\/","title":{"rendered":"Marshall Munetsi rejoint le Paris FC"},"content":{"rendered":"<p>\n    Le Paris FC a officialis\u00e9 l\u2019arriv\u00e9e de l\u2019international zimbabw\u00e9en de 29 ans, en pr\u00eat, en provenance de Wolverhampton jusqu\u2019\u00e0 la fin de la saison.<\/p>\n<p class=\"fig-paragraph\">Marshall Munetsi rejoint le\u00a0<a href=\"http:\/\/www.lefigaro.fr\/sports\/football\/coupe-de-france\/coupe-de-france-piege-par-le-paris-fc-le-psg-abandonne-son-titre-20260112\" data-fig-type=\"NewsFlash\" data-gtm-custom-categorie=\"navigation\" data-gtm-custom-action=\"crossclick\" data-gtm-custom-label=\"Contextuel\" data-gtm-event=\"customEventSPE\" data-fig-domain=\"LEFIGARO\" target=\"_blank\" rel=\"noopener\">Paris FC<\/a>\u00a0en pr\u00eat jusqu\u2019\u00e0 la fin de saison. L\u2019international zimbabw\u00e9en arrive en provenance de Wolverhampton, lanterne rouge de Premier League.<\/p>\n<p class=\"fig-paragraph\">Milieu de terrain box-to-box, athl\u00e9tique et exp\u00e9riment\u00e9, Marshall Munetsi conna\u00eet bien le football fran\u00e7ais. Pass\u00e9 par le Stade de Reims, o\u00f9 il a disput\u00e9 six saisons pleines en Ligue 1, le joueur avait rejoint la Premier League en 2025. Apr\u00e8s une saison en Angleterre et 27 matches disput\u00e9s, il fait son retour dans l\u2019Hexagone avec l\u2019ambition d\u2019apporter son impact physique, sa qualit\u00e9 technique et son leadership au groupe de St\u00e9phane Gilli.<\/p>\n<p>                                            <a class=\"fig-a11y-skip\" href=\"#fig-a11y-skip-main-inarticle\" data-module=\"a11y-skip\" data-context=\"was @visible\"><br \/>\n    Passer la publicit\u00e9<br \/>\n<\/a>            <\/p>\n<p class=\"fig-paragraph\">Le directeur sportif du Paris FC, Marco Neppe, s\u2019est f\u00e9licit\u00e9 de cette arriv\u00e9e\u00a0: \u00ab Nous sommes ravis d\u2019accueillir Marshall au Paris FC. C\u2019est un joueur avec une grande exp\u00e9rience de la Ligue 1 et beaucoup de qualit\u00e9s sur et en dehors du terrain. Sa personnalit\u00e9, son \u00e9nergie positive et son attitude vont nous rendre meilleurs.\u00a0\u00bb<\/p>\n","protected":false},"excerpt":{"rendered":"Le Paris FC a officialis\u00e9 l\u2019arriv\u00e9e de l\u2019international zimbabw\u00e9en de 29 ans, en pr\u00eat, en provenance de Wolverhampton&hellip;\n","protected":false},"author":2,"featured_media":668491,"comment_status":"","ping_status":"","sticky":false,"template":"","format":"standard","meta":{"footnotes":""},"categories":[1888],"tags":[1111,1928,11,1927,1777,674,1011,27,12,1926,626,445,1925,25],"class_list":{"0":"post-668490","1":"post","2":"type-post","3":"status-publish","4":"format-standard","5":"has-post-thumbnail","7":"category-paris","8":"tag-actu","9":"tag-actu-paris","10":"tag-actualites","11":"tag-actualites-paris","12":"tag-eu","13":"tag-europe","14":"tag-fr","15":"tag-france","16":"tag-news","17":"tag-news-paris","18":"tag-paris","19":"tag-paris-fc","20":"tag-paris-news","21":"tag-republique-francaise"},"share_on_mastodon":{"url":"https:\/\/pubeurope.com\/@fr\/115906676159246726","error":""},"_links":{"self":[{"href":"https:\/\/www.europesays.com\/fr\/wp-json\/wp\/v2\/posts\/668490","targetHints":{"allow":["GET"]}}],"collection":[{"href":"https:\/\/www.europesays.com\/fr\/wp-json\/wp\/v2\/posts"}],"about":[{"href":"https:\/\/www.europesays.com\/fr\/wp-json\/wp\/v2\/types\/post"}],"author":[{"embeddable":true,"href":"https:\/\/www.europesays.com\/fr\/wp-json\/wp\/v2\/users\/2"}],"replies":[{"embeddable":true,"href":"https:\/\/www.europesays.com\/fr\/wp-json\/wp\/v2\/comments?post=668490"}],"version-history":[{"count":0,"href":"https:\/\/www.europesays.com\/fr\/wp-json\/wp\/v2\/posts\/668490\/revisions"}],"wp:featuredmedia":[{"embeddable":true,"href":"https:\/\/www.europesays.com\/fr\/wp-json\/wp\/v2\/media\/668491"}],"wp:attachment":[{"href":"https:\/\/www.europesays.com\/fr\/wp-json\/wp\/v2\/media?parent=668490"}],"wp:term":[{"taxonomy":"category","embeddable":true,"href":"https:\/\/www.europesays.com\/fr\/wp-json\/wp\/v2\/categories?post=668490"},{"taxonomy":"post_tag","embeddable":true,"href":"https:\/\/www.europesays.com\/fr\/wp-json\/wp\/v2\/tags?post=668490"}],"curies":[{"name":"wp","href":"https:\/\/api.w.org\/{rel}","templated":true}]}}