{"id":668496,"date":"2026-01-16T20:36:17","date_gmt":"2026-01-16T20:36:17","guid":{"rendered":"https:\/\/www.europesays.com\/fr\/668496\/"},"modified":"2026-01-16T20:36:17","modified_gmt":"2026-01-16T20:36:17","slug":"mercato-psg-une-pepite-du-barca-dans-le-viseur-de-paris","status":"publish","type":"post","link":"https:\/\/www.europesays.com\/fr\/668496\/","title":{"rendered":"Mercato PSG\u00a0: une p\u00e9pite du Bar\u00e7a dans le viseur de Paris\u00a0?"},"content":{"rendered":"<p class=\"paragraph text_align_left lp-f-body-02\">Il a 18 ans depuis lundi dernier, jour de l\u2019\u00e9limination du <a href=\"https:\/\/www.leparisien.fr\/sports\/football\/psg\/\" target=\"_blank\" rel=\"noreferrer noopener\">PSG <\/a>contre le Paris FC (0-1) en 16es de finale de la <a href=\"https:\/\/www.leparisien.fr\/sports\/football\/\" target=\"_blank\" rel=\"noreferrer noopener\">Coupe de France<\/a>. Il se nomme Dro Fernandez et joue pour Barcelone, dont il est un pur produit de la formation, mais va quitter cet hiver le club catalan, faute d\u2019accord contractuel. Il est li\u00e9 aux Catalans jusqu\u2019en juin 2027.<\/p>\n<p class=\"\">Il \u00ab suffit \u00bb de racheter sa clause, fix\u00e9e \u00e0 6 millions d\u2019euros. Une mis\u00e8re pour une p\u00e9pite aussi prometteuse, un joueur offensif, capable d\u2019\u00e9voluer devant comme au milieu de terrain. Des clubs anglais, comme Manchester City, et allemands le convoitent d\u2019ores et d\u00e9j\u00e0. Et le PSG ?<\/p>\n<p>Apparu en Liga et en Ligue des champions<\/p>\n<p class=\"\">L\u2019agent de l\u2019Espagnol, qui poss\u00e8de des origines philippines, d\u00e9ment un int\u00e9r\u00eat des champions d\u2019Europe. Le club, lui, n\u2019infirmait pas ce vendredi suivre ce talent apparu quatre fois en Liga cette saison et une en <a href=\"https:\/\/www.leparisien.fr\/sports\/football\/ligue-des-champions\/\" target=\"_blank\" rel=\"noreferrer noopener\">Ligue des champions<\/a>. Depuis l\u2019\u00e9t\u00e9 dernier, le PSG suit un joueur de son profil, capable d\u2019\u00e9voluer couloir droit mais aussi \u00e0 gauche, voire en faux num\u00e9ro 9. Bref polyvalent, tout ce qu\u2019aime <a href=\"https:\/\/www.leparisien.fr\/sports\/football\/luis-enrique\/\" target=\"_blank\" rel=\"noreferrer noopener\">Luis Enrique<\/a>, qui partage avec Dro Fernandez, le m\u00eame agent, Iv\u00e1n de la Pe\u00f1a.<\/p>\n<p class=\"\">Depuis l\u2019arriv\u00e9e de l\u2019ancien coach de Barcelone sur le banc du PSG \u00e0 l\u2019\u00e9t\u00e9 2023, Paris cherche de jeunes joueurs \u00e0 fort potentiel, capable de grandir en m\u00eame temps que l\u2019\u00e9quipe sous la f\u00e9rule d\u2019un entra\u00eeneur exigeant. Exactement le profil de Dro Fernandez qu\u2019Hansi Flick, le technicien des Blaugrana, adore \u00e9galement.<\/p>\n<p>\u00ab On est ouvert, mais sans aucune pr\u00e9cipitation \u00bb<\/p>\n<p class=\"\">L\u2019\u00e9t\u00e9 dernier, Paris a cherch\u00e9 un joueur offensif droit et multifonction, bataillant avec le Real Madrid pour engager Franco Mastantuono. Le milieu-attaquant de River Plate, 18 ans, a finalement choisi la maison blanche pour plus de 67 millions d\u2019euros alors qu\u2019il avait une clause \u00e0 42 millions d\u2019euros. Les champions d\u2019Europe n\u2019ont pas voulu surench\u00e9rir. Mais ils restent aux aguets, sondant en permanence le march\u00e9 par l\u2019interm\u00e9diaire de Luis Campos, le conseiller sportif du club de la capitale.<\/p>\n<p class=\"\">Ce jeudi en conf\u00e9rence de presse, \u00e0 la veille de recevoir Lille en Ligue 1, Luis Enrique martelait une nouvelle fois le mantra hivernal alors que le mercato avait commenc\u00e9 depuis deux semaines : \u00ab Bien s\u00fbr, on est ouvert, mais cela n\u2019est pas li\u00e9 \u00e0 la d\u00e9faite du dernier match. On est tout le temps ouvert. On est ouvert \u00e0 profiter de chaque possibilit\u00e9. C\u2019est notre mani\u00e8re de g\u00e9rer \u00e7a, mais ce que j\u2019ai vu de l\u2019\u00e9quipe est pour moi tr\u00e8s positif. On est ouvert, on est pr\u00eat \u00e0 toute possibilit\u00e9, mais sans aucune pr\u00e9cipitation. \u00bb Dro Fernandez pourrait incarner cette ouverture.<\/p>\n","protected":false},"excerpt":{"rendered":"Il a 18 ans depuis lundi dernier, jour de l\u2019\u00e9limination du PSG contre le Paris FC (0-1) en&hellip;\n","protected":false},"author":2,"featured_media":668497,"comment_status":"","ping_status":"","sticky":false,"template":"","format":"standard","meta":{"footnotes":""},"categories":[1888],"tags":[11,1777,674,63,1011,27,12,626,93,25,60],"class_list":{"0":"post-668496","1":"post","2":"type-post","3":"status-publish","4":"format-standard","5":"has-post-thumbnail","7":"category-paris","8":"tag-actualites","9":"tag-eu","10":"tag-europe","11":"tag-football","12":"tag-fr","13":"tag-france","14":"tag-news","15":"tag-paris","16":"tag-psg","17":"tag-republique-francaise","18":"tag-sports"},"share_on_mastodon":{"url":"https:\/\/pubeurope.com\/@fr\/115906699838123185","error":""},"_links":{"self":[{"href":"https:\/\/www.europesays.com\/fr\/wp-json\/wp\/v2\/posts\/668496","targetHints":{"allow":["GET"]}}],"collection":[{"href":"https:\/\/www.europesays.com\/fr\/wp-json\/wp\/v2\/posts"}],"about":[{"href":"https:\/\/www.europesays.com\/fr\/wp-json\/wp\/v2\/types\/post"}],"author":[{"embeddable":true,"href":"https:\/\/www.europesays.com\/fr\/wp-json\/wp\/v2\/users\/2"}],"replies":[{"embeddable":true,"href":"https:\/\/www.europesays.com\/fr\/wp-json\/wp\/v2\/comments?post=668496"}],"version-history":[{"count":0,"href":"https:\/\/www.europesays.com\/fr\/wp-json\/wp\/v2\/posts\/668496\/revisions"}],"wp:featuredmedia":[{"embeddable":true,"href":"https:\/\/www.europesays.com\/fr\/wp-json\/wp\/v2\/media\/668497"}],"wp:attachment":[{"href":"https:\/\/www.europesays.com\/fr\/wp-json\/wp\/v2\/media?parent=668496"}],"wp:term":[{"taxonomy":"category","embeddable":true,"href":"https:\/\/www.europesays.com\/fr\/wp-json\/wp\/v2\/categories?post=668496"},{"taxonomy":"post_tag","embeddable":true,"href":"https:\/\/www.europesays.com\/fr\/wp-json\/wp\/v2\/tags?post=668496"}],"curies":[{"name":"wp","href":"https:\/\/api.w.org\/{rel}","templated":true}]}}