{"id":668499,"date":"2026-01-16T20:38:14","date_gmt":"2026-01-16T20:38:14","guid":{"rendered":"https:\/\/www.europesays.com\/fr\/668499\/"},"modified":"2026-01-16T20:38:14","modified_gmt":"2026-01-16T20:38:14","slug":"guerre-en-ukraine-la-russie-decerne-les-bons-points-les-negociations-de-paix-reprennent-entre-kiev-et-lequipe-trump","status":"publish","type":"post","link":"https:\/\/www.europesays.com\/fr\/668499\/","title":{"rendered":"Guerre en Ukraine : La Russie d\u00e9cerne les bons points, les n\u00e9gociations de paix reprennent entre Kiev et l\u2019\u00e9quipe Trump"},"content":{"rendered":"<p class=\"mb-4 text-lg md:leading-8 break-words\"><strong>R\u00e9cap &#8211; \u00ab\u00a020 Minutes\u00a0\u00bb fait le point pour vous tous les soirs sur le conflit en Ukraine. Ce vendredi, le Kremlin a fait un pas vers un retour du dialogue avec les Europ\u00e9ens, et les n\u00e9gociations entre Ukrainiens et Am\u00e9ricains ont repris<\/strong><\/p>\n<p class=\"mb-4 text-lg md:leading-8 break-words\">Vous avez rat\u00e9 les derniers \u00e9v\u00e9nements sur la <a href=\"https:\/\/www.20minutes.fr\/monde\/ukraine\/?at_medium=RSS%20feed&amp;at_campaign=ynews&amp;utm_source=yahoo&amp;utm_medium=rss&amp;utm_campaign=news_feed&amp;utm_content=in_article_link\" rel=\"nofollow noopener\" target=\"_blank\" data-ylk=\"slk:guerre en Ukraine;elm:context_link;itc:0;sec:content-canvas\" class=\"link \">guerre en Ukraine<\/a>\u00a0? 20 Minutes fait le point pour vous tous les soirs. Voici l\u2019essentiel de ce vendredi 16\u00a0janvier, au 1.422e jour du conflit.<\/p>\n<p>Le fait du jour<\/p>\n<p class=\"mb-4 text-lg md:leading-8 break-words\">C\u2019est assez rare pour le signaler, la <a href=\"https:\/\/www.20minutes.fr\/monde\/russie\/?at_medium=RSS%20feed&amp;at_campaign=ynews&amp;utm_source=yahoo&amp;utm_medium=rss&amp;utm_campaign=news_feed&amp;utm_content=in_article_link\" rel=\"nofollow noopener\" target=\"_blank\" data-ylk=\"slk:Russie;elm:context_link;itc:0;sec:content-canvas\" class=\"link \">Russie<\/a> a distribu\u00e9 un bon point aux Europ\u00e9ens ce vendredi. Dmitri Peskov, le porte-parole du <a href=\"https:\/\/www.20minutes.fr\/dossier\/kremlin?at_medium=RSS%20feed&amp;at_campaign=ynews&amp;utm_source=yahoo&amp;utm_medium=rss&amp;utm_campaign=news_feed&amp;utm_content=in_article_link\" rel=\"nofollow noopener\" target=\"_blank\" data-ylk=\"slk:Kremlin;elm:context_link;itc:0;sec:content-canvas\" class=\"link \">Kremlin<\/a> a qualifi\u00e9 de \u00ab\u00a0positive\u00a0\u00bb la volont\u00e9 affich\u00e9e de certains pays europ\u00e9ens \u2013 dont l\u2019<a href=\"https:\/\/www.20minutes.fr\/dossier\/italie?at_medium=RSS%20feed&amp;at_campaign=ynews&amp;utm_source=yahoo&amp;utm_medium=rss&amp;utm_campaign=news_feed&amp;utm_content=in_article_link\" rel=\"nofollow noopener\" target=\"_blank\" data-ylk=\"slk:Italie;elm:context_link;itc:0;sec:content-canvas\" class=\"link \">Italie<\/a> et la France \u2013 de restaurer le dialogue avec la Russie, rompu apr\u00e8s le d\u00e9but de l\u2019assaut en f\u00e9vrier\u00a02022. \u00ab\u00a0Si cela refl\u00e8te r\u00e9ellement la vision strat\u00e9gique des Europ\u00e9ens, il s\u2019agit d\u2019une \u00e9volution positive de leur position\u00a0\u00bb, a-t-il pr\u00e9cis\u00e9. \u00ab\u00a0\u00c0 Paris, \u00e0 Rome et m\u00eame \u00e0 Berlin, ils ont dit qu\u2019il fallait parler avec les Russes pour assurer la stabilit\u00e9 en Europe. Cela correspond tout \u00e0 fait \u00e0 notre vision\u00a0\u00bb, a poursuivi la \u00ab\u00a0voix\u00a0\u00bb de <a href=\"https:\/\/www.20minutes.fr\/monde\/vladimir_poutine\/?at_medium=RSS%20feed&amp;at_campaign=ynews&amp;utm_source=yahoo&amp;utm_medium=rss&amp;utm_campaign=news_feed&amp;utm_content=in_article_link\" rel=\"nofollow noopener\" target=\"_blank\" data-ylk=\"slk:Vladimir Poutine;elm:context_link;itc:0;sec:content-canvas\" class=\"link \">Vladimir Poutine<\/a>.<\/p>\n<p class=\"mb-4 text-lg md:leading-8 break-words\">Mais ce sera sans <a href=\"https:\/\/www.20minutes.fr\/monde\/keir-starmer\/?at_medium=RSS%20feed&amp;at_campaign=ynews&amp;utm_source=yahoo&amp;utm_medium=rss&amp;utm_campaign=news_feed&amp;utm_content=in_article_link\" rel=\"nofollow noopener\" target=\"_blank\" data-ylk=\"slk:Keir Starmer;elm:context_link;itc:0;sec:content-canvas\" class=\"link \">Keir Starmer<\/a>, le Premier ministre britannique qui a fait savoir qu\u2019il n\u2019avait pas le \u00ab\u00a0projet\u00a0\u00bb de s\u2019entretenir avec le ma\u00eetre du Kremlin. Le Royaume-Uni \u00ab\u00a0reste pour l\u2019instant sur des positions radicales\u00a0\u00bb et \u00ab\u00a0ne souhaite pas contribuer \u00e0 l\u2019\u00e9tablissement de la paix\u00a0\u00bb, en a d\u00e9duit Dmitri Peskov\u2026<\/p>\n<p>La d\u00e9claration du jour<\/p>\n<blockquote class=\"mb-4 border-l-2 pl-5 italic text-tertiary\">\n<p class=\"mb-4 text-lg md:leading-8 break-words\">A partir du 19\u00a0janvier, les \u00e9coles de la capitale seront ferm\u00e9es jusqu\u2019au 1er\u00a0f\u00e9vrier<\/p>\n<\/blockquote>\n<p class=\"mb-4 text-lg md:leading-8 break-words\">Le maire de Kiev, Vitali Klitschko, a fait cette annonce ce vendredi, en pleine crise caus\u00e9e par de r\u00e9cents bombardements russes qui ont entra\u00een\u00e9 des coupures de chauffage et de coura(&#8230;)<\/p>\n<p class=\"mb-4 text-lg md:leading-8 break-words\"><a href=\"https:\/\/www.20minutes.fr\/monde\/ukraine\/4196517-20260116-guerre-ukraine-russie-decerne-bons-points-negociations-paix-reprennent-entre-kiev-equipe-trump?at_medium=RSS%20feed&amp;at_campaign=ynews&amp;utm_source=yahoo&amp;utm_medium=rss&amp;utm_campaign=news_feed&amp;utm_content=read_more_link&quot;\" rel=\"nofollow noopener\" target=\"_blank\" data-ylk=\"slk:Lire la suite sur 20minutes;elm:context_link;itc:0;sec:content-canvas\" class=\"link \">Lire la suite sur 20minutes<\/a><\/p>\n<p>\u00c0 lire aussi :<br \/><a href=\"https:\/\/www.20minutes.fr\/monde\/ukraine\/4196292-20260115-guerre-ukraine-russie-presse-kiev-capituler-france-substitue-etats-unis?at_medium=RSS%20feed&amp;at_campaign=ynews&amp;utm_source=yahoo&amp;utm_medium=rss&amp;utm_campaign=news_feed&amp;utm_content=related_content_link\" rel=\"nofollow noopener\" target=\"_blank\" data-ylk=\"slk:Guerre en Ukraine\u00a0: La Russie presse Kiev de capituler et la France se substitue aux Etats-Unis;elm:context_link;itc:0;sec:content-canvas\" class=\"link \">Guerre en Ukraine\u00a0: La Russie presse Kiev de capituler et la France se substitue aux Etats-Unis<\/a><br \/><a href=\"https:\/\/www.20minutes.fr\/societe\/4196245-20260115-defense-systeme-sol-air-samp-vraiment-meilleur-monde-comme-dit-macron?at_medium=RSS%20feed&amp;at_campaign=ynews&amp;utm_source=yahoo&amp;utm_medium=rss&amp;utm_campaign=news_feed&amp;utm_content=related_content_link\" rel=\"nofollow noopener\" target=\"_blank\" data-ylk=\"slk:D\u00e9fense\u00a0: Le syst\u00e8me sol-air SAMP\/T est-il vraiment \u00ab\u00a0le meilleur au monde\u00a0\u00bb, comme le dit Macron\u00a0?;elm:context_link;itc:0;sec:content-canvas\" class=\"link \">D\u00e9fense\u00a0: Le syst\u00e8me sol-air SAMP\/T est-il vraiment \u00ab\u00a0le meilleur au monde\u00a0\u00bb, comme le dit Macron\u00a0?<\/a><\/p>\n","protected":false},"excerpt":{"rendered":"R\u00e9cap &#8211; \u00ab\u00a020 Minutes\u00a0\u00bb fait le point pour vous tous les soirs sur le conflit en Ukraine. Ce&hellip;\n","protected":false},"author":2,"featured_media":668500,"comment_status":"","ping_status":"","sticky":false,"template":"","format":"standard","meta":{"footnotes":""},"categories":[1590],"tags":[642,11,5438,1777,674,131,4998,2489,12,132,220],"class_list":{"0":"post-668499","1":"post","2":"type-post","3":"status-publish","4":"format-standard","5":"has-post-thumbnail","7":"category-ukraine","8":"tag-20-minutes","9":"tag-actualites","10":"tag-dmitri-peskov","11":"tag-eu","12":"tag-europe","13":"tag-guerre-en-ukraine","14":"tag-kremlin","15":"tag-la-russie","16":"tag-news","17":"tag-russie","18":"tag-ukraine"},"share_on_mastodon":{"url":"https:\/\/pubeurope.com\/@fr\/115906707692758003","error":""},"_links":{"self":[{"href":"https:\/\/www.europesays.com\/fr\/wp-json\/wp\/v2\/posts\/668499","targetHints":{"allow":["GET"]}}],"collection":[{"href":"https:\/\/www.europesays.com\/fr\/wp-json\/wp\/v2\/posts"}],"about":[{"href":"https:\/\/www.europesays.com\/fr\/wp-json\/wp\/v2\/types\/post"}],"author":[{"embeddable":true,"href":"https:\/\/www.europesays.com\/fr\/wp-json\/wp\/v2\/users\/2"}],"replies":[{"embeddable":true,"href":"https:\/\/www.europesays.com\/fr\/wp-json\/wp\/v2\/comments?post=668499"}],"version-history":[{"count":0,"href":"https:\/\/www.europesays.com\/fr\/wp-json\/wp\/v2\/posts\/668499\/revisions"}],"wp:featuredmedia":[{"embeddable":true,"href":"https:\/\/www.europesays.com\/fr\/wp-json\/wp\/v2\/media\/668500"}],"wp:attachment":[{"href":"https:\/\/www.europesays.com\/fr\/wp-json\/wp\/v2\/media?parent=668499"}],"wp:term":[{"taxonomy":"category","embeddable":true,"href":"https:\/\/www.europesays.com\/fr\/wp-json\/wp\/v2\/categories?post=668499"},{"taxonomy":"post_tag","embeddable":true,"href":"https:\/\/www.europesays.com\/fr\/wp-json\/wp\/v2\/tags?post=668499"}],"curies":[{"name":"wp","href":"https:\/\/api.w.org\/{rel}","templated":true}]}}