{"id":668507,"date":"2026-01-16T20:42:15","date_gmt":"2026-01-16T20:42:15","guid":{"rendered":"https:\/\/www.europesays.com\/fr\/668507\/"},"modified":"2026-01-16T20:42:15","modified_gmt":"2026-01-16T20:42:15","slug":"si-vladimir-poutine-etait-assassine-leurope-serait-rayee-de-la-carte-de-lhumanite-previent-lideologue-russe-serguei-karaganov","status":"publish","type":"post","link":"https:\/\/www.europesays.com\/fr\/668507\/","title":{"rendered":"Si Vladimir Poutine \u00e9tait assassin\u00e9, \u00abl\u2019Europe serait ray\u00e9e de la carte de l\u2019humanit\u00e9\u00bb, pr\u00e9vient l\u2019id\u00e9ologue russe Sergue\u00ef Karaganov"},"content":{"rendered":"<p>\n    Figure cl\u00e9 du bellicisme russe, Sergue\u00ef Karaganov a multipli\u00e9 ces derniers mois les propos mena\u00e7ants \u00e0 l\u2019encontre de l\u2019Europe, estimant qu\u2019elle \u00e9tait \u00abredevenue l\u2019expression la plus absolue du mal qui ronge l\u2019humanit\u00e9\u00bb.<\/p>\n<p class=\"fig-paragraph\">Une nouvelle menace de la part d\u2019un proche du\u00a0<a href=\"http:\/\/www.lefigaro.fr\/international\/friedrich-merz-nouvel-ennemi-numero-un-du-kremlin-20260101\" target=\"_blank\" data-fig-type=\"Article\" rel=\"noopener\" data-gtm-custom-categorie=\"navigation\" data-gtm-custom-action=\"crossclick\" data-gtm-custom-label=\"Contextuel\" data-gtm-event=\"customEventSPE\" data-fig-domain=\"LEFIGARO\">Kremlin<\/a>. Invit\u00e9 du podcast de l\u2019ancienne vedette de Fox News\u00a0<a href=\"http:\/\/www.lefigaro.fr\/international\/le-dollar-est-condamne-comment-tucker-carlson-stimule-son-commerce-de-l-or-20251129\" target=\"_blank\" data-fig-type=\"Article\" rel=\"noopener\" data-gtm-custom-categorie=\"navigation\" data-gtm-custom-action=\"crossclick\" data-gtm-custom-label=\"Contextuel\" data-gtm-event=\"customEventSPE\" data-fig-domain=\"LEFIGARO\">Tucker Carlson<\/a>, l\u2019id\u00e9ologue russe\u00a0<a href=\"http:\/\/www.lefigaro.fr\/international\/serguei-karaganov-architecte-de-la-politique-etrangere-russe-la-dissuasion-ne-fonctionne-plus-il-faut-reinstaurer-la-peur-20241203\" target=\"_blank\" data-fig-type=\"Article\" rel=\"noopener\" data-gtm-custom-categorie=\"navigation\" data-gtm-custom-action=\"crossclick\" data-gtm-custom-label=\"Contextuel\" data-gtm-event=\"customEventSPE\" data-fig-domain=\"LEFIGARO\">Sergue\u00ef Karaganov<\/a>\u00a0a estim\u00e9 qu\u2019en cas d\u2019assassinat de Vladimir Poutine, \u00abl\u2019Europe serait ray\u00e9e de la carte de l\u2019humanit\u00e9\u00bb. \u00abOn commencera \u00e0 attaquer l\u2019Europe avec des armes conventionnelles, puis (avec) des vagues de missiles nucl\u00e9aires\u00bb. Et de cingler: \u00abCes idiots ne comprennent rien d\u2019autre que la souffrance physique.\u00bb<\/p>\n<p class=\"fig-paragraph\">Figure cl\u00e9 du bellicisme russe, Sergue\u00ef Karaganov est le pr\u00e9sident d\u2019honneur de l\u2019influent Conseil de politique \u00e9trang\u00e8re et de d\u00e9fense (SVOP). Antieurop\u00e9en par excellence, bien qu\u2019il dit avoir \u00e9t\u00e9 \u00abeurophile il y a encore 40 ans\u00bb, il a multipli\u00e9 ces derniers mois les propos mena\u00e7ants \u00e0 l\u2019encontre de l\u2019Europe, estimant notamment en d\u00e9cembre que l\u2019Europe est \u00abredevenue l\u2019expression la plus absolue du mal qui ronge l\u2019humanit\u00e9\u00bb.<\/p>\n<p>                                            <a class=\"fig-a11y-skip\" href=\"#fig-a11y-skip-main-inarticle\" data-module=\"a11y-skip\" data-context=\"was @visible\"><br \/>\n    Passer la publicit\u00e9<br \/>\n<\/a>            <\/p>\n<p>                                            \u00abD\u00e9faite inconditionnelle de l\u2019Europe\u00bb<\/p>\n<p class=\"fig-paragraph\">Interrog\u00e9 par Tucker Carlson quant \u00e0 la fin \u00e9ventuelle de la guerre, Karaganov cingle: \u00abCette guerre ne se terminera que lorsque la Russie parviendra \u00e0 obtenir une d\u00e9faite inconditionnelle de l\u2019Europe. Esp\u00e9rons-le, sans la d\u00e9truire. Nous ne combattons pas l\u2019Ukraine ou Zelensky, nous combattons \u00e0 nouveau l\u2019Europe, qui est la source de tous les maux dans l\u2019histoire de l\u2019humanit\u00e9.\u00bb<\/p>\n<p class=\"fig-paragraph\">Au cours de cette heure d\u2019interview, Karaganov, qui estime que les \u00e9lites intellectuelles et politiques europ\u00e9ennes se sont \u00abtotalement d\u00e9grad\u00e9es\u00bb au fil des ann\u00e9es, sous-entend que la totalit\u00e9 de l\u2019Europe partageait le\u00a0<a href=\"http:\/\/www.lefigaro.fr\/international\/l-ere-trump-rappelle-le-populisme-du-sud-americain-pas-l-avenement-du-nazisme-20250516\" target=\"_blank\" data-fig-type=\"Article\" rel=\"noopener\" data-gtm-custom-categorie=\"navigation\" data-gtm-custom-action=\"crossclick\" data-gtm-custom-label=\"Contextuel\" data-gtm-event=\"customEventSPE\" data-fig-domain=\"LEFIGARO\">nazisme<\/a>\u00a0allemand lors de la seconde guerre mondiale. \u00abL\u2019Europe nous a envahis \u00e0 plusieurs reprises lors des deux guerres mondiales. Malgr\u00e9 leurs d\u00e9faites, ils poussent encore pour une guerre. L\u2019Europe a entra\u00een\u00e9 les \u00c9tats-Unis dans leurs guerres\u00bb, estime-t-il \u00e9galement. Une fa\u00e7on comme une autre de ne pas se mettre l\u2019administration Trump \u00e0 dos.<\/p>\n<p class=\"fig-paragraph\">\u00abL\u2019Europe a \u00e9t\u00e9 la source des pires affres de l\u2019humanit\u00e9: le racisme, le colonialisme&#8230; Elle est la source du \u201cpost-humain\u201d et tente d\u2019exporter (son id\u00e9ologie). Je ne parle pas de toute l\u2019Europe, il y a beaucoup de gens loin de tout \u00e7a et il existe de bons pays\u00bb, poursuit-il. Ce discours\u00a0<a href=\"https:\/\/www.lefigaro.fr\/livres\/la-propagandiste-de-cecile-desprairies-nazie-un-jour-nazie-toujours-20231005\" target=\"_blank\" data-fig-type=\"Article\" rel=\"noopener\" data-gtm-custom-categorie=\"navigation\" data-gtm-custom-action=\"crossclick\" data-gtm-custom-label=\"Contextuel\" data-gtm-event=\"customEventSPE\" data-fig-domain=\"LEFIGARO\">propagandiste<\/a>, largement document\u00e9 par moult observateurs, vise \u00e0 diviser le peuple europ\u00e9en et \u00e0 \u00absemer la discorde entre les \u00c9tats membres de l\u2019UE, \u00e0 saper le soutien \u00e0 l\u2019Ukraine et \u00e0 miner la coh\u00e9sion strat\u00e9gique de l\u2019alliance occidentale\u00bb, assure le minist\u00e8re des Arm\u00e9es sur son\u00a0<a href=\"https:\/\/www.defense.gouv.fr\/actualites\/trois-ans-doffensive-informationnelle-russe-anatomie-dun-front-invisible#:~:text=Diviser%20l%27Europe%20%3A%20narratifs%20anti,strat%C3%A9gique%20de%20l%27alliance%20occidentale.\" target=\"_blank\" rel=\"sponsored noopener\" data-gtm-custom-categorie=\"navigation\" data-gtm-custom-action=\"crossclick\" data-gtm-custom-label=\"Contextuel\" data-gtm-event=\"customEventSPE\">site<\/a>.<\/p>\n<p>                                            \u00abL\u2019Europe est une blague\u00bb<\/p>\n<p class=\"fig-paragraph\">Et \u00e0 Karaganov d\u2019ajouter: \u00abNous r\u00e9fl\u00e9chissons \u00e0 un armistice, offert par Donald Trump, mais tant que les \u00e9lites europ\u00e9ennes continuent de vouloir poursuivre la confrontation\u00bb, la guerre ne pourra pas s\u2019arr\u00eater. \u00abJ\u2019\u00e9tais un europhile il y a encore 40 ans (mais aujourd\u2019hui) l\u2019\u00e2ge d\u2019or est termin\u00e9\u00bb.<\/p>\n<p class=\"fig-paragraph\">Il accuse m\u00eame, sans fournir une quelconque preuve ou \u00e9l\u00e9ment tangible: \u00ab(Les \u00e9lites europ\u00e9ennes) ont besoin d\u2019une guerre pour rationaliser leurs envies de rester au pouvoir. (&#8230;) Ils pensent que la guerre ne viendra jamais sur leur territoire, ils ont oubli\u00e9 ce qu\u2019\u00e9tait la guerre.\u00bb Il cingle, enfin: \u00abD\u00e9sormais, l\u2019Europe est une blague, alors qu\u2019elle \u00e9tait l\u2019un des centres de pouvoir du monde. Je n\u2019ai plus d\u2019interlocuteurs en Europe.\u00bb<\/p>\n<p>                                            <a class=\"fig-a11y-skip\" href=\"#fig-a11y-skip-main-inarticle_mtf\" data-module=\"a11y-skip\" data-context=\"was @visible\"><br \/>\n    Passer la publicit\u00e9<br \/>\n<\/a>            <\/p>\n<p class=\"fig-paragraph\">Le discours de ce proche conseiller du Kremlin, diffus\u00e9 ce vendredi sur les r\u00e9seaux sociaux, tranche avec la derni\u00e8re d\u00e9claration du\u00a0<a href=\"http:\/\/www.lefigaro.fr\/international\/le-kremlin-juge-positive-la-volonte-de-certains-pays-europeens-de-restaurer-le-dialogue-avec-la-russie-20260116\" data-fig-type=\"NewsFlash\" data-gtm-custom-categorie=\"navigation\" data-gtm-custom-action=\"crossclick\" data-gtm-custom-label=\"Contextuel\" data-gtm-event=\"customEventSPE\" data-fig-domain=\"LEFIGARO\" target=\"_blank\" rel=\"noopener\">Kremlin<\/a>, qui a qualifi\u00e9 vendredi de \u00abpositive\u00bb la volont\u00e9 affich\u00e9e de certains pays europ\u00e9ens, dont l\u2019Italie et la France, de restaurer le dialogue avec la Russie. \u00abSi cela refl\u00e8te r\u00e9ellement la vision strat\u00e9gique des Europ\u00e9ens, il s\u2019agit d\u2019une \u00e9volution positive de leur position\u00bb, a d\u00e9clar\u00e9 aux journalistes le porte-parole de la pr\u00e9sidence russe, Dmitri Peskov, disant avoir \u00abpris note des d\u00e9clarations faites ces derniers jours par plusieurs dirigeants europ\u00e9ens\u00bb. \u00ab\u00c0 Paris, \u00e0 Rome et m\u00eame \u00e0 Berlin, ils ont dit qu\u2019il fallait parler avec les Russes pour assurer la stabilit\u00e9 en Europe. Cela correspond tout \u00e0 fait \u00e0 notre vision\u00bb, a poursuivi Dmitri Peskov. Comme toujours, les intentions du Kremlin sont floues et changeantes&#8230; Probablement \u00e0 dessein.<\/p>\n","protected":false},"excerpt":{"rendered":"Figure cl\u00e9 du bellicisme russe, Sergue\u00ef Karaganov a multipli\u00e9 ces derniers mois les propos mena\u00e7ants \u00e0 l\u2019encontre de&hellip;\n","protected":false},"author":2,"featured_media":668508,"comment_status":"","ping_status":"","sticky":false,"template":"","format":"standard","meta":{"footnotes":""},"categories":[1586],"tags":[11,1777,674,1011,27,12,25,135],"class_list":{"0":"post-668507","1":"post","2":"type-post","3":"status-publish","4":"format-standard","5":"has-post-thumbnail","7":"category-europe","8":"tag-actualites","9":"tag-eu","10":"tag-europe","11":"tag-fr","12":"tag-france","13":"tag-news","14":"tag-republique-francaise","15":"tag-vladimir-poutine"},"share_on_mastodon":{"url":"https:\/\/pubeurope.com\/@fr\/115906723416580121","error":""},"_links":{"self":[{"href":"https:\/\/www.europesays.com\/fr\/wp-json\/wp\/v2\/posts\/668507","targetHints":{"allow":["GET"]}}],"collection":[{"href":"https:\/\/www.europesays.com\/fr\/wp-json\/wp\/v2\/posts"}],"about":[{"href":"https:\/\/www.europesays.com\/fr\/wp-json\/wp\/v2\/types\/post"}],"author":[{"embeddable":true,"href":"https:\/\/www.europesays.com\/fr\/wp-json\/wp\/v2\/users\/2"}],"replies":[{"embeddable":true,"href":"https:\/\/www.europesays.com\/fr\/wp-json\/wp\/v2\/comments?post=668507"}],"version-history":[{"count":0,"href":"https:\/\/www.europesays.com\/fr\/wp-json\/wp\/v2\/posts\/668507\/revisions"}],"wp:featuredmedia":[{"embeddable":true,"href":"https:\/\/www.europesays.com\/fr\/wp-json\/wp\/v2\/media\/668508"}],"wp:attachment":[{"href":"https:\/\/www.europesays.com\/fr\/wp-json\/wp\/v2\/media?parent=668507"}],"wp:term":[{"taxonomy":"category","embeddable":true,"href":"https:\/\/www.europesays.com\/fr\/wp-json\/wp\/v2\/categories?post=668507"},{"taxonomy":"post_tag","embeddable":true,"href":"https:\/\/www.europesays.com\/fr\/wp-json\/wp\/v2\/tags?post=668507"}],"curies":[{"name":"wp","href":"https:\/\/api.w.org\/{rel}","templated":true}]}}