{"id":668509,"date":"2026-01-16T20:43:11","date_gmt":"2026-01-16T20:43:11","guid":{"rendered":"https:\/\/www.europesays.com\/fr\/668509\/"},"modified":"2026-01-16T20:43:11","modified_gmt":"2026-01-16T20:43:11","slug":"a-rio-lula-et-von-der-leyen-celebrent-laccord-commercial-ue-mercosur","status":"publish","type":"post","link":"https:\/\/www.europesays.com\/fr\/668509\/","title":{"rendered":"\u00c0 Rio, Lula et von der Leyen c\u00e9l\u00e8brent l\u2019accord commercial UE-Mercosur"},"content":{"rendered":"<p>Le pr\u00e9sident br\u00e9silien Lula et la pr\u00e9sidente de la Commission europ\u00e9enne Ursula von der Leyen ont c\u00e9l\u00e9br\u00e9 vendredi \u00e0 Rio de Janeiro l\u2019accord commercial entre l\u2019UE et le Mercosur, y voyant un succ\u00e8s du multilat\u00e9ralisme malgr\u00e9 les inqui\u00e9tudes persistantes.<\/p>\n<p>Apr\u00e8s plus de 25 ans de n\u00e9gociations, les pays fondateurs du Mercosur (Argentine, Br\u00e9sil, Uruguay et Paraguay) signeront samedi ce texte avec l\u2019Union europ\u00e9enne \u00e0 Asuncion, la capitale paraguayenne.<\/p>\n<p>Le trait\u00e9 cr\u00e9e l\u2019une des plus grandes zones de libre-\u00e9change au monde mais inqui\u00e8te fortement le monde agricole, notamment en France.<\/p>\n<p>Cet accord est \u00abtr\u00e8s bon, surtout pour le monde d\u00e9mocratique et pour le multilat\u00e9ralisme\u00bb, a dit devant la presse Luiz Inacio Lula da Silva.<\/p>\n<p>\u00abC\u2019est le pouvoir du partenariat et de l\u2019ouverture\u00bb, a rench\u00e9ri la dirigeante europ\u00e9enne. \u00abC\u2019est ainsi que nous cr\u00e9ons une vraie prosp\u00e9rit\u00e9\u00bb, a-t-elle ajout\u00e9.<\/p>\n<p>Ensemble, les deux blocs repr\u00e9sentent 30% du PIB mondial et comptent plus de 700 millions de consommateurs.<\/p>\n<p>Cet accord d\u00e9bouche dans un monde tr\u00e8s incertain, bouscul\u00e9 par le protectionnisme et les droits de douane de Donald Trump.<\/p>\n<p>Le pr\u00e9sident am\u00e9ricain a menac\u00e9 vendredi de surtaxes les pays qui ne soutiendraient pas son plan pour acqu\u00e9rir le Groenland, territoire autonome du Danemark, un pays membre de l\u2019Otan.<\/p>\n<p>\u00c0 la t\u00eate de la premi\u00e8re \u00e9conomie d\u2019Am\u00e9rique latine, g\u00e9ant agricole d\u2019envergure mondiale, Lula a jou\u00e9 un r\u00f4le crucial dans l\u2019avanc\u00e9e du trait\u00e9 UE-Mercosur. Il n\u2019assistera pas cependant \u00e0 la signature samedi.<\/p>\n<p>Le pr\u00e9sident du Paraguay, Santiago Pe\u00f1a, et son homologue uruguayen Yamandu Orsi seront pr\u00e9sents en revanche, de m\u00eame que Mme von der Leyen, apr\u00e8s son \u00e9tape br\u00e9silienne. La venue du pr\u00e9sident argentin Javier Milei n\u2019est pas confirm\u00e9e.<\/p>\n<p><strong>\u00abValeurs\u00bb partag\u00e9es\u00a0<\/strong><\/p>\n<p>En supprimant une large part des droits de douane, l\u2019accord favorise les exportations europ\u00e9ennes de voitures, de machines, de vins et de fromages.<\/p>\n<p>Dans le sens inverse, il facilite l\u2019entr\u00e9e en Europe de b\u0153uf, volaille, sucre, riz, miel et soja sud-am\u00e9ricains, avec des quotas de produits d\u00e9tax\u00e9s qui alarment les fili\u00e8res concern\u00e9es.<\/p>\n<p>Apr\u00e8s la signature, le trait\u00e9 commercial devra encore \u00eatre ratifi\u00e9 par le Parlement europ\u00e9en. Le scrutin pourrait \u00eatre serr\u00e9, m\u00eame si une majorit\u00e9 semble favorable \u00e0 l\u2019accord.<\/p>\n<p>En pleins bouleversements g\u00e9opolitiques mondiaux, Lula et Ursula von der Leyen ont vant\u00e9 l\u2019alliance des deux blocs au-del\u00e0 du commerce.<\/p>\n<p>\u00abL\u2019Union europ\u00e9enne et le Mercosur partagent des valeurs telles que le respect de la d\u00e9mocratie, de l\u2019\u00c9tat de droit et des droits humains\u00bb, a lanc\u00e9 le leader de la gauche br\u00e9silienne.<\/p>\n<p>La pr\u00e9sidente de la Commission europ\u00e9enne a vant\u00e9 le \u00ableadership\u00bb de son h\u00f4te, bas\u00e9 \u00e0 ses yeux sur l\u2019attachement \u00e0 \u00abla d\u00e9mocratie, l\u2019ordre international fond\u00e9 sur des r\u00e8gles et (au) respect\u00bb, notamment \u00abpour les autres pays\u00bb.<\/p>\n<p>Leur rencontre, et la signature de l\u2019accord samedi, interviennent \u00e0 un moment particulier pour l\u2019Am\u00e9rique du Sud.<\/p>\n<p>Les pays de la r\u00e9gion cherchent encore \u00e0 mesurer la nouvelle donne cr\u00e9\u00e9e par la capture le 3 janvier du pr\u00e9sident v\u00e9n\u00e9zu\u00e9lien Nicolas Maduro lors d\u2019une op\u00e9ration militaire am\u00e9ricaine spectaculaire. M. Maduro est d\u00e9sormais d\u00e9tenu aux \u00c9tats-Unis.<\/p>\n<p>Sur un autre th\u00e8me, celui des \u00abmati\u00e8res premi\u00e8res critiques\u00bb, au croisement des int\u00e9r\u00eats \u00e9conomiques et des enjeux de souverainet\u00e9 nationale, Mme von der Leyen a soulign\u00e9 qu\u2019Europe et Br\u00e9sil \u00abavancent vers un accord politique tr\u00e8s important\u00bb, visant des investissements conjoints dans \u00able lithium, le nickel et les terres rares\u00bb.<\/p>\n<p>Selon elle, \u00abc\u2019est essentiel pour notre transition num\u00e9rique et \u00e9cologique, ainsi que pour notre ind\u00e9pendance strat\u00e9gique dans un monde o\u00f9 les minerais tendent \u00e0 devenir un instrument de coercition\u00bb.<\/p>\n<p>La bataille pour les minerais fait rage au niveau mondial. L\u2019acc\u00e8s aux ressources min\u00e9rales du Groenland est ainsi jug\u00e9 crucial par l\u2019administration Trump.<\/p>\n<p>\u00a0<\/p>\n<p>AFP<\/p>\n","protected":false},"excerpt":{"rendered":"Le pr\u00e9sident br\u00e9silien Lula et la pr\u00e9sidente de la Commission europ\u00e9enne Ursula von der Leyen ont c\u00e9l\u00e9br\u00e9 vendredi&hellip;\n","protected":false},"author":2,"featured_media":668510,"comment_status":"","ping_status":"","sticky":false,"template":"","format":"standard","meta":{"footnotes":""},"categories":[1586],"tags":[11,1777,674,1779,1011,27,12,25,1778,364],"class_list":{"0":"post-668509","1":"post","2":"type-post","3":"status-publish","4":"format-standard","5":"has-post-thumbnail","7":"category-europe","8":"tag-actualites","9":"tag-eu","10":"tag-europe","11":"tag-european-union","12":"tag-fr","13":"tag-france","14":"tag-news","15":"tag-republique-francaise","16":"tag-ue","17":"tag-union-europeenne"},"share_on_mastodon":{"url":"https:\/\/pubeurope.com\/@fr\/115906727360946817","error":""},"_links":{"self":[{"href":"https:\/\/www.europesays.com\/fr\/wp-json\/wp\/v2\/posts\/668509","targetHints":{"allow":["GET"]}}],"collection":[{"href":"https:\/\/www.europesays.com\/fr\/wp-json\/wp\/v2\/posts"}],"about":[{"href":"https:\/\/www.europesays.com\/fr\/wp-json\/wp\/v2\/types\/post"}],"author":[{"embeddable":true,"href":"https:\/\/www.europesays.com\/fr\/wp-json\/wp\/v2\/users\/2"}],"replies":[{"embeddable":true,"href":"https:\/\/www.europesays.com\/fr\/wp-json\/wp\/v2\/comments?post=668509"}],"version-history":[{"count":0,"href":"https:\/\/www.europesays.com\/fr\/wp-json\/wp\/v2\/posts\/668509\/revisions"}],"wp:featuredmedia":[{"embeddable":true,"href":"https:\/\/www.europesays.com\/fr\/wp-json\/wp\/v2\/media\/668510"}],"wp:attachment":[{"href":"https:\/\/www.europesays.com\/fr\/wp-json\/wp\/v2\/media?parent=668509"}],"wp:term":[{"taxonomy":"category","embeddable":true,"href":"https:\/\/www.europesays.com\/fr\/wp-json\/wp\/v2\/categories?post=668509"},{"taxonomy":"post_tag","embeddable":true,"href":"https:\/\/www.europesays.com\/fr\/wp-json\/wp\/v2\/tags?post=668509"}],"curies":[{"name":"wp","href":"https:\/\/api.w.org\/{rel}","templated":true}]}}