{"id":668521,"date":"2026-01-16T20:55:11","date_gmt":"2026-01-16T20:55:11","guid":{"rendered":"https:\/\/www.europesays.com\/fr\/668521\/"},"modified":"2026-01-16T20:55:11","modified_gmt":"2026-01-16T20:55:11","slug":"iva-jovic-elisabetta-cocciaretto-wta-250-hobart-finale-samedi-17-janvier-2026-lequipe","status":"publish","type":"post","link":"https:\/\/www.europesays.com\/fr\/668521\/","title":{"rendered":"Iva Jovic &#8211; Elisabetta Cocciaretto, WTA 250, Hobart, Finale, Samedi 17 janvier 2026 &#8211; L&#039;\u00c9quipe"},"content":{"rendered":"<ol>\n<li><a href=\"https:\/\/news.google.com\/rss\/articles\/CBMixAFBVV95cUxNQ3dpU1JidXFsdmExVjVEeGgtSzZMUWFnVG12QThRMnJGRXlxY2ozU05DODRtTWQwd09zLUJ4RzNQWDg2clExT2RNeU5KQmx3YkpweUgzcjVSU1ZOWHJlYXAxSXNRY2RJY0lOZGhXUnAxdjFpbU1sa2x0UURFNkk2WTN5d1B0V0ZBNkZya0Z3Ymx4d0t2QmU0VDBmNGJnUTM3SThyc0VEbmVobzFSZlIyWllHR2R2LXhXRzJWV2FsdWJ3M0FX?oc=5\" target=\"_blank\" rel=\"noopener\">Iva Jovic &#8211; Elisabetta Cocciaretto, WTA 250, Hobart, Finale, Samedi 17 janvier 2026<\/a>&nbsp;&nbsp;L&rsquo;\u00c9quipe<\/li>\n<li><a href=\"https:\/\/news.google.com\/rss\/articles\/CBMipAFBVV95cUxNaU8xb2h5WExKN01VZjRFajJmRWN6SXkzTlVHMFp3Z3FfbEd4YS1kU1dhU2d3RW15QTZ1N2Z2cEZnVU1zaTVUNFVPb2hVVHZjdzZqTTZ5T2ZLX3pGZktSMkl6cDZoTFdmSVdKcnB3bUlCQTRCS2pWVGhZVE96R1lUTWZSWV94MWpDQmllcWNya2ZtdGdtX1E1bVV6YnU1QTJjVmF0Xw?oc=5\" target=\"_blank\" rel=\"noopener\">Hobart &#8211; La jeune prodige Iva Jovic en finale<\/a>&nbsp;&nbsp;Sports &#8211; Orange<\/li>\n<li><a href=\"https:\/\/news.google.com\/rss\/articles\/CBMi9AFBVV95cUxNamdZa1ZaeE0tTXBETENSQThTanhrRUJCTEx5VXlfS3p2ZUptSVcxQ3ROUmFtTXJXbThNcGx4X2dZc0hLcm9TZ3dNNWw2UkFiLWJuX0ljTzJheTg5cGw0NkxuMl9Vei00RDR4OE5PdWlDNnptS0ZwWGowZzlxa21xdldrYndTR2pWUGpMQTYxdU9FcS12Nm9mQlN4OFNVRUFIaDMwMVFDUUNnTzFuMHY3cExuNHdTT1F3N3hSTjlZWkVhUnNFRWpJSXdnN1Y2QkZaZDFEWWV2aUFlZnkzaVp5Uk85NFdnNTRGeXZmUF92bjRUaFVE?oc=5\" target=\"_blank\" rel=\"noopener\">Tennis : WTA &#8211; Hobart &#8211; Emma Raducanu est pass\u00e9e compl\u00e8tement \u00e0 c\u00f4t\u00e9 contre la 204e mondiale<\/a>&nbsp;&nbsp;MSN<\/li>\n<li><a href=\"https:\/\/news.google.com\/rss\/articles\/CBMi0AFBVV95cUxPLWFIYTludHNiWlJlbVg1bU9WbHNlZmJTNlNlS2NIQ3Z3OFowWjJ2V05ORkZOUzBtT0dkdFA1dFpqZ05pd2tab2t5LVljNVpVN2RESzF3WkZ6YW1IWkRNaVNDc2g2d1JERk43VWpjZWZqT1d1LTZnQ2pUNW9Rc2drUzFBX3hrczE3M1pyeTVtTDJMeTM3ME16NW1ZWFRXRURlWDFpdzdPZ1Y5WGExVzFmc0o3NXN5dlBBV0thM05WdlFLcGFtRXBEbXJNUkVlZzJl?oc=5\" target=\"_blank\" rel=\"noopener\">WTA Hobart &#8211; LIVE &#8211; Les r\u00e9sultats &#8211; Emma Raducanu s\u00e8chement battue, Iva Jovic devient favorite<\/a>&nbsp;&nbsp;Ski-nordique<\/li>\n<li><a href=\"https:\/\/news.google.com\/rss\/articles\/CBMiugFBVV95cUxPRmhzeml3ODNUd2pZSXRlcE9LdWNhM0dUYlVMZDlMVkE0aVc5VjVORkliRlhzMG1uSUVfVEpnWUhnalUxZjE1V3BOTzd3c3JKRS1QcERQc2RsOTNOd3ZnT0s1X3Y0X0RvSVVKOEFkQzZPM0NoVUYzQ3lpNjI2cGowd3lkWFlrQjZwNDJqc0UyeElQYWJEbkQzSFdubV83V3doYmZ1RW1UOFlOb1ZrRjJMVDVKTmwtT21fLUHSAboBQVVfeXFMUG1UZ1BPaDdwdzhPdEkxTGZDc0ZxRDd1WmVOX0REbXJWRktEeHdLRURPeTNIa0g1bG5JV24tdFpabEIxMG9PanM5Nk9rNTdsQ1FocllhTFJkTExobmZnNUtlTkR0OFpOR2huNHVMcmxIcXZBd3pOQWI0VEp0YjRxNVI5M0xzSWtEeGNjOEVVaTJ5emk1NFlUbjFuNmZ5UmR1d2FWNEZCQjRMbnVfajVJZEwxTnRKeDNKT0hn?oc=5\" target=\"_blank\" rel=\"noopener\">WTA &#8211; Hobart: Apr\u00e8s Raducanu, Taylah Preston enchaine ? Horaires et diffusion TV<\/a>&nbsp;&nbsp;Tennis Actu.<\/li>\n<\/ol>\n","protected":false},"excerpt":{"rendered":"Iva Jovic &#8211; Elisabetta Cocciaretto, WTA 250, Hobart, Finale, Samedi 17 janvier 2026&nbsp;&nbsp;L&rsquo;\u00c9quipe Hobart &#8211; La jeune prodige&hellip;\n","protected":false},"author":2,"featured_media":72028,"comment_status":"","ping_status":"","sticky":false,"template":"","format":"standard","meta":{"footnotes":""},"categories":[1415],"tags":[1011,27,76377,76866,73268,60,1467],"class_list":{"0":"post-668521","1":"post","2":"type-post","3":"status-publish","4":"format-standard","5":"has-post-thumbnail","7":"category-tennis","8":"tag-fr","9":"tag-france","10":"tag-hobart","11":"tag-iva-jovic-elisabetta-cocciaretto-en-direct","12":"tag-null","13":"tag-sports","14":"tag-tennis"},"share_on_mastodon":{"url":"https:\/\/pubeurope.com\/@fr\/115906774473089423","error":""},"_links":{"self":[{"href":"https:\/\/www.europesays.com\/fr\/wp-json\/wp\/v2\/posts\/668521","targetHints":{"allow":["GET"]}}],"collection":[{"href":"https:\/\/www.europesays.com\/fr\/wp-json\/wp\/v2\/posts"}],"about":[{"href":"https:\/\/www.europesays.com\/fr\/wp-json\/wp\/v2\/types\/post"}],"author":[{"embeddable":true,"href":"https:\/\/www.europesays.com\/fr\/wp-json\/wp\/v2\/users\/2"}],"replies":[{"embeddable":true,"href":"https:\/\/www.europesays.com\/fr\/wp-json\/wp\/v2\/comments?post=668521"}],"version-history":[{"count":0,"href":"https:\/\/www.europesays.com\/fr\/wp-json\/wp\/v2\/posts\/668521\/revisions"}],"wp:featuredmedia":[{"embeddable":true,"href":"https:\/\/www.europesays.com\/fr\/wp-json\/wp\/v2\/media\/72028"}],"wp:attachment":[{"href":"https:\/\/www.europesays.com\/fr\/wp-json\/wp\/v2\/media?parent=668521"}],"wp:term":[{"taxonomy":"category","embeddable":true,"href":"https:\/\/www.europesays.com\/fr\/wp-json\/wp\/v2\/categories?post=668521"},{"taxonomy":"post_tag","embeddable":true,"href":"https:\/\/www.europesays.com\/fr\/wp-json\/wp\/v2\/tags?post=668521"}],"curies":[{"name":"wp","href":"https:\/\/api.w.org\/{rel}","templated":true}]}}