{"id":668522,"date":"2026-01-16T20:59:11","date_gmt":"2026-01-16T20:59:11","guid":{"rendered":"https:\/\/www.europesays.com\/fr\/668522\/"},"modified":"2026-01-16T20:59:11","modified_gmt":"2026-01-16T20:59:11","slug":"piste-championnat-de-france-elite-j1-classements-actualite","status":"publish","type":"post","link":"https:\/\/www.europesays.com\/fr\/668522\/","title":{"rendered":"Piste &#8211; Championnat de France &#8211; \u00c9lite &#8211; J1 : Classements &#8211; Actualit\u00e9"},"content":{"rendered":"<p style=\"text-align: justify;\">Le Championnat de France sur Piste \u00c9lite se dispute du vendredi 16 au dimanche 18 janvier au V\u00e9lodrome du CREPS R\u00e9gion Centre-Val de Loire de Bourges (Cher). Retrouvez ci-dessous les classements de la premi\u00e8re journ\u00e9e.<\/p>\n<p style=\"text-align: justify;\"><strong>Classements :<\/strong><br \/><strong>Hommes :<\/strong><br \/><strong>Scratch<\/strong><br \/>1. BESNIER Erwan MAYENNE-MONBANA-RAPIDO\u00a0les 10 km en 11&rsquo;18\u00a0\u00bb (moy. 53,097 km\/h)<br \/>2. ROYER Luc BRETAGNE\u00a0<br \/>3. DUPE Mathieu MAYENNE-MONBANA-RAPIDO\u00a0\u00a0<br \/>4. PERLEAUX Dorian UNION CYCLISTE CHOLET 49\u00a0<br \/>5. TABELLION Valentin AVC AIX EN PROVENCE\u00a0<br \/>6. MENANTEAU Lucas VENDEE U PAYS DE LA LOIRE\u00a0<br \/>7. CARREAU Dorian BEZIERS-MEDITERRANEE CYCL\u00a0<br \/>8. BOUTRON Nathana\u00ebl AC BAS-BERRY\u00a0<br \/>9. LE NORMAND LUCAS Zephirin BRETAGNE\u00a0<br \/>10. ROBIC Julien EKOI HYERES TPM\u00a0<br \/>11. POCZERNIN Mathias TEAM BEN TRACK OCCITANIE\u00a0<br \/>12. TESSON Jason TOTALENERGIES\u00a0<br \/>13. MARCOUX Nathan UNION CYCLISTE PELUSSIN LOIRE PILAT\u00a0<br \/>14. FOULON Dorian CO COURONNAIS\u00a0<br \/>15. DAVY Cl\u00e9ment NICE METROPOLE COTE D&rsquo;AZUR\u00a0<br \/>16. PETIT Cl\u00e9ment VC ROUEN 76\u00a0<br \/>17. POUVREAULT Gregory VC THOUARS -1<br \/>18. BRETON Cl\u00e9ment SABLE SARTHE CYCLISME PDL -1<\/p>\n<p><strong>\u00c9limination<\/strong><br \/>1. GRONDIN Donavan VC ROUEN 76<br \/>2. FRIOT Jules ISTRES SPORT CYCLISME<br \/>3. MENANTEAU Lucas VENDEE U PAYS DE LA LOIRE<br \/>4. DAVY Cl\u00e9ment NICE METROPOLE COTE D&rsquo;AZUR<br \/>5. POMMELET Hugo KRONOS PARIS-SACLAY<br \/>6. PERLEAUX Dorian UNION CYCLISTE CHOLET 49<br \/>7. KEROUEDAN Quentin BRETAGNE<br \/>8. BRIOUX Christophe TEAM BEN TRACK OCCITANIE<br \/>9. CLERE Emilien PARIS A.C 95<br \/>10. FAURE Corentin CC PERIGUEUX DORDOGNE<br \/>11. SAGNIER Karl GROUPAMA-FDJ CONTINENTALE<br \/>12. TESSON Jason TOTALENERGIES<br \/>13. ROBIC Julien EKOI HYERES TPM<br \/>14. BEAUCART Jean Philippe TEAM TRACK ELITE BLB MF DOLTCINI<br \/>15. ROYER Luc BRETAGNE<br \/>16. FERDINAND Antoine SABLE SARTHE CYCLISME PDL<br \/>17. FLOUR Florian EKOI NTT<br \/>18. LEGENTIL L\u00e9o NORMANDIE<br \/>19. BARON Mathis MOYON PERCY VELO CLUB<\/p>\n<p><strong>Am\u00e9ricaine<br \/><\/strong>1. AVC AIX PROVENCE DOLE les 50 km en 54&rsquo;16\u00a0\u00bb (moy. 55,283 km\/h) 122 Pts<br \/>NILSSON JULIEN Oscar &#8211; TABELLION Valentin\u00a0<br \/>2. MAYENNE-MONBANA-RAPIDO 93 Pts \u00a0<br \/>BESNIER Erwan &#8211; DUPE Mathieu\u00a0<br \/>3. VC ROUEN 76 56 Pts<br \/>GRONDIN Donavan &#8211; PETIT Cl\u00e9ment\u00a0<br \/>4. NOUVELLE AQUITAINE 1Pt \u00a0\u00a0<br \/>GAYANT Lancelot &#8211; POUVREAULT Gregory<br \/>5. TEAM BEN TRACK OCCITANIE -78 Pts<br \/>BRIOUX Christophe &#8211; MAURY Adrien <\/p>\n<p><strong>Abandons :<\/strong><br \/>PAYS DE LA LOIRE<br \/>TESSON Jason &#8211; MENANTEAU Lucas<br \/>EKOI HYERES TPM\u00a0<br \/>GUEMY Lucas &#8211; HANSE BIGOT Ma\u00ebl<br \/>SABLE SARTHE CYCLISME PDL<br \/>BRETON Cl\u00e9ment &#8211; FERDINAND Antoine<br \/>NORMANDIE\u00a0<br \/>LEGENTIL L\u00e9o &#8211; BARON Mathis\u00a0<\/p>\n<p><strong>Km d\u00e9part arr\u00eat\u00e9<\/strong><br \/>1. OLIVIERO Etienne US CRETEIL CYCLISME U23 1&rsquo;00\u00a0\u00bb668<br \/>2. DERACHE Tom VC ROUBAIX LILLE METROPOLE 1&rsquo;01\u00a0\u00bb202<br \/>3. HELAL Rayan SALON CYCLOSPORT 1&rsquo;01\u00a0\u00bb747<br \/>4. LANDERNEAU Melvin KRONOS PARIS-SACLAY 1&rsquo;01\u00a0\u00bb974<br \/>5. CARON Oscar VC ROUBAIX LILLE METROPOLE 1&rsquo;02\u00a0\u00bb750<br \/>6. SYLVANISE Matthias US CRETEIL CYCLISME U23 1&rsquo;02\u00a0\u00bb884<br \/>7. GRENGBO Florian CYCLING TEAM 01 1&rsquo;03\u00a0\u00bb242<br \/>8. FUHRMANN Louis KRONOS PARIS-SACLAY U23 1&rsquo;03\u00a0\u00bb808<br \/>9. COLSENET Mat\u00e9o VC ROUBAIX LILLE METROPOLE 1&rsquo;04\u00a0\u00bb171<br \/>10. GERNIGON Erwan KRONOS PARIS-SACLAY 1&rsquo;04\u00a0\u00bb220<br \/>11. RIBEIRO DA CRUZ Mathias V.C. VILLEFRANCHE BEAUJOLAIS 1&rsquo;04\u00a0\u00bb470<br \/>12. GILLION Timmy VC ELANCOURT ST QUENTIN EN YVELINES TEAM VOUSSERT 1&rsquo;04\u00a0\u00bb855<br \/>13. FRIOT Jules ISTRES SPORT CYCLISME U23 1&rsquo;05\u00a0\u00bb227<br \/>14. GROS Cl\u00e9ment SALON CYCLOSPORT U23 1&rsquo;05\u00a0\u00bb827<br \/>15. ROBIC Julien EKOI HYERES TPM 1&rsquo;06\u00a0\u00bb071<br \/>16. CARREAU Dorian BEZIERS-MEDITERRANEE CYCL 1&rsquo;06\u00a0\u00bb211<br \/>17. SALAUN Herve KRONOS PARIS-SACLAY U23 1&rsquo;06\u00a0\u00bb238<br \/>18. RABOURDIN Cameron VC PITHIVIERS U23 1&rsquo;07\u00a0\u00bb192<br \/>19. BARON Adrien CC PLANCOETIN 1&rsquo;07\u00a0\u00bb656<br \/>20. POTEAU Alexandre TEAM TRACK ELITE BLB MF DOLTCINI 1&rsquo;08\u00a0\u00bb967<br \/>21. LABBE Lucas CYCLING TEAM 01 1&rsquo;09\u00a0\u00bb849<br \/>22. LYONNET Maxence CYCLING TEAM 01 U23 1&rsquo;09\u00a0\u00bb905<\/p>\n<p><strong>F\u00e9minines :<\/strong><br \/><strong>Poursuite individuelle <\/strong><br \/>1. DUPIN M\u00e9lanie TTBLB Temps Serie : 04&rsquo;46\u00a0\u00bb250\u00a0<br \/>2. CABOT Elina ENTT Temps Serie : 04&rsquo;54\u00a0\u00bb290 rejointe apr\u00e8s 2 km<br \/>3. MAHIEU L\u00e9onie ACL56 Temps Serie : 04&rsquo;56\u00a0\u00bb040 Temps Finale : 04&rsquo;54\u00a0\u00bb090<br \/>4. ROUAT Ilona MPE Temps Serie : 04&rsquo;55\u00a0\u00bb209 Temps Finale : 04&rsquo;57\u00a0\u00bb602<br \/>5. CHEREAU Cl\u00e9mence ACL56 Temps Serie : 04&rsquo;56\u00a0\u00bb629\u00a0<br \/>6. BIHAN Zo\u00e9 BRET Temps Serie : 05&rsquo;02\u00a0\u00bb752\u00a0<br \/>7. SIMON Il\u00e9na BRET Temps Serie : 05&rsquo;11\u00a0\u00bb485\u00a0<br \/>8. CASSIER Claire VCETV Temps Serie : 05&rsquo;11\u00a0\u00bb901\u00a0<br \/>9. ALMANSA Carla OCFF Temps Serie : 05&rsquo;17\u00a0\u00bb290\u00a0<br \/>10. TESSIER Cl\u00e9mentine TAV Temps Serie : 05&rsquo;18\u00a0\u00bb523\u00a0<\/p>\n<p><strong>Km d\u00e9part arr\u00eat\u00e9<\/strong><br \/>1. GROS Mathilde SALON CYCLOSPORT 1&rsquo;06\u00a0\u00bb856 &#8211;<a href=\"https:\/\/www.directvelo.com\/actualite\/126446\/un-record-de-france-du-kilometre-battu\" target=\"_blank\" rel=\"noopener\"><strong>record de France<\/strong><\/a>&#8211;<br \/>2. DROUODE Marie-Louisa US CRETEIL CYCLISME U23 1&rsquo;07\u00a0\u00bb373<br \/>3. KOUAME Taky Marie-Divine US CRETEIL CYCLISME 1&rsquo;08\u00a0\u00bb149<br \/>4. LALLEMANT Lara KRONOS PARIS-SACLAY U23 1&rsquo;09\u00a0\u00bb700<br \/>5. LEDEME Lilou KRONOS PARIS-SACLAY U23 1&rsquo;13\u00a0\u00bb094<br \/>6. MICHAUD Flavie US CRETEIL CYCLISME U23 1&rsquo;13\u00a0\u00bb345<br \/>7. MARCHAND Constance VC ELANCOURT ST QUENTIN EN YVELINES TEAM VOUSSERT 1&rsquo;13\u00a0\u00bb479<br \/>8. SCHAVITS Louise KRONOS PARIS-SACLAY U19 1&rsquo;14\u00a0\u00bb780<br \/>9. GRONDIN L\u00e9a US CRETEIL U19 1&rsquo;14\u00a0\u00bb837<br \/>10. ERRIN BIVOUAC Laura US CRETEIL U23 1&rsquo;15\u00a0\u00bb277<br \/>11. GUILLET Lisa UC ALENCON DAMIGNY U23 1&rsquo;15\u00a0\u00bb336<br \/>12. VASSEUR P\u00e9rine SPRINTEUR CLUB FEMININ 1&rsquo;18\u00a0\u00bb007<br \/>13. ALMANSA Carla OCCITANE CYCLISME FORMATION FEMININ U23 1&rsquo;18\u00a0\u00bb309<\/p>\n<p><strong>Course aux points<br \/><\/strong>1. DUPIN M\u00e9lanie TTBL les 20 km en 25&rsquo;24\u00a0\u00bb (moy. 47,244 km\/h) 59 Pts<br \/>2. ROUAT Ilona MPE 37 Pts\u00a0<br \/>3. DEMAY Coralie BRE 36 Pts\u00a0<br \/>4. CABOT Elina ENTT 35 Pts\u00a0<br \/>5. MAHIEU L\u00e9onie ACL5 33 Pts\u00a0<br \/>6. BIHAN Zo\u00e9 EMC 32 Pts\u00a0<br \/>7. POMARES Cindy AWO 27 Pts\u00a0<br \/>8. DEMAY Violette CCC 9 Pts\u00a0<br \/>9. MARCHAND Constance VCE 3 Pts\u00a0<br \/>10. GOERGEN Oc\u00e9ane LRYV 3 Pts\u00a0<br \/>11. BOULAIS Flavie LRYV 2 Pts\u00a0<br \/>12. CASSIER Claire VCE 2 Pts\u00a0<br \/>13. PHILIPPE Eva SCF 1 Pt\u00a0<br \/>14. ROBIC Angelina TEE 1 Pt\u00a0<br \/>15. ROUAT Jessica BRE 0 Pt\u00a0<br \/>16. SIMON Il\u00e9na BRE 0 Pt\u00a0<br \/>17. TABU L\u00e9ane TAM 0 Pt\u00a0<br \/>18. LEVITE Myriam VCP 0 Pt\u00a0<br \/>19. TESSIER Cl\u00e9mentine TAV -19 Pts <\/p>\n<p><strong>Abandon :<\/strong><br \/>CHEREAU Cl\u00e9mence ACL5<\/p>\n<p>Source : <a href=\"https:\/\/les5e-resultats.fr\/\" target=\"_blank\" rel=\"noopener\">les5e-resultats.fr<\/a><\/p>\n","protected":false},"excerpt":{"rendered":"Le Championnat de France sur Piste \u00c9lite se dispute du vendredi 16 au dimanche 18 janvier au V\u00e9lodrome&hellip;\n","protected":false},"author":2,"featured_media":668523,"comment_status":"","ping_status":"","sticky":false,"template":"","format":"standard","meta":{"footnotes":""},"categories":[1411],"tags":[834,828,836,829,837,827,83,826,824,823,1154,207,814,817,815,816,822,821,832,211,839,1011,27,820,818,819,835,831,830,833,838,60,212,208,825],"class_list":{"0":"post-668522","1":"post","2":"type-post","3":"status-publish","4":"format-standard","5":"has-post-thumbnail","7":"category-cyclisme","8":"tag-attaque","9":"tag-belgique","10":"tag-braquet","11":"tag-bretagne","12":"tag-chute","13":"tag-competition","14":"tag-coupe-de-france","15":"tag-coureur","16":"tag-course-cyclisme","17":"tag-course-cycliste","18":"tag-cycling","19":"tag-cyclisme","20":"tag-direct","21":"tag-direct-velo","22":"tag-directvelo","23":"tag-directvelo-com","24":"tag-epreuve","25":"tag-epreuve-cycliste","26":"tag-federation-francaise-de-cyclisme","27":"tag-ffc","28":"tag-flandres","29":"tag-fr","30":"tag-france","31":"tag-live","32":"tag-live-course","33":"tag-live-epreuve","34":"tag-peloton","35":"tag-radio-peloton","36":"tag-radio-tour","37":"tag-ravitaillement","38":"tag-relance","39":"tag-sports","40":"tag-uci","41":"tag-velo","42":"tag-velos"},"share_on_mastodon":{"url":"https:\/\/pubeurope.com\/@fr\/115906790332770514","error":""},"_links":{"self":[{"href":"https:\/\/www.europesays.com\/fr\/wp-json\/wp\/v2\/posts\/668522","targetHints":{"allow":["GET"]}}],"collection":[{"href":"https:\/\/www.europesays.com\/fr\/wp-json\/wp\/v2\/posts"}],"about":[{"href":"https:\/\/www.europesays.com\/fr\/wp-json\/wp\/v2\/types\/post"}],"author":[{"embeddable":true,"href":"https:\/\/www.europesays.com\/fr\/wp-json\/wp\/v2\/users\/2"}],"replies":[{"embeddable":true,"href":"https:\/\/www.europesays.com\/fr\/wp-json\/wp\/v2\/comments?post=668522"}],"version-history":[{"count":0,"href":"https:\/\/www.europesays.com\/fr\/wp-json\/wp\/v2\/posts\/668522\/revisions"}],"wp:featuredmedia":[{"embeddable":true,"href":"https:\/\/www.europesays.com\/fr\/wp-json\/wp\/v2\/media\/668523"}],"wp:attachment":[{"href":"https:\/\/www.europesays.com\/fr\/wp-json\/wp\/v2\/media?parent=668522"}],"wp:term":[{"taxonomy":"category","embeddable":true,"href":"https:\/\/www.europesays.com\/fr\/wp-json\/wp\/v2\/categories?post=668522"},{"taxonomy":"post_tag","embeddable":true,"href":"https:\/\/www.europesays.com\/fr\/wp-json\/wp\/v2\/tags?post=668522"}],"curies":[{"name":"wp","href":"https:\/\/api.w.org\/{rel}","templated":true}]}}