{"id":668532,"date":"2026-01-16T21:05:10","date_gmt":"2026-01-16T21:05:10","guid":{"rendered":"https:\/\/www.europesays.com\/fr\/668532\/"},"modified":"2026-01-16T21:05:10","modified_gmt":"2026-01-16T21:05:10","slug":"sexisme-et-nihilisme-ce-que-contient-le-l","status":"publish","type":"post","link":"https:\/\/www.europesays.com\/fr\/668532\/","title":{"rendered":"sexisme et nihilisme\u2026 Ce que contient le l &#8230;"},"content":{"rendered":"<p>EN BREF<\/p>\n<ul class=\"bloc_resume_post_list\">\n<li>Myl\u00e8ne Farmer, ic\u00f4ne musicale depuis les ann\u00e9es 1980, est<br \/>\nau c\u0153ur d\u00a0\u00bbun essai in\u00e9dit par Isabelle Marc, publi\u00e9 le 16<br \/>\njanvier.<\/li>\n<li>L&rsquo;ouvrage explore le sexisme et le nihilisme dans les<br \/>\n\u0153uvres de Farmer, notamment \u00e0 travers ses clips et paroles<br \/>\nembl\u00e9matiques.<\/li>\n<li>L&rsquo;\u00e9volution de Farmer, de &lsquo;femme-enfant&rsquo; \u00e0 &lsquo;h\u00e9ro\u00efne<br \/>\ndigitale&rsquo;, intrigue par sa strat\u00e9gie de raret\u00e9 et son impact<br \/>\nculturel.<\/li>\n<\/ul>\n<p class=\"p1\">Sa musique a fait danser plusieurs g\u00e9n\u00e9rations de<br \/>\nFran\u00e7ais depuis les ann\u00e9es 1980. Voil\u00e0 plus de quarante ans que<br \/>\n<a href=\"https:\/\/www.telestar.fr\/people\/mylene-farmer-l-etrange-teaser-de-la-chanteuse-pour-la-suite-de-sa-carriere-619090\" target=\"_blank\" rel=\"noopener\"><br \/>\nMyl\u00e8ne Farmer<\/a> <strong>exerce une fascination<br \/>\nind\u00e9niable<\/strong>. Son succ\u00e8s, la chanteuse la doit non seulement<br \/>\n\u00e0 ses albums et \u00e0 ses performances sc\u00e9niques, mais aussi \u00e0 l&rsquo;aura<br \/>\nde myst\u00e8re qui l&rsquo;entoure. Disponible aux \u00e9ditions du Seuil depuis<br \/>\nce vendredi 16 janvier, <strong>Myl\u00e8ne Farmer: La diva<br \/>\npop<\/strong> a l&rsquo;ambition d&rsquo;\u00e9clairer les diff\u00e9rentes facettes<br \/>\nde son oeuvre d&rsquo;une mani\u00e8re in\u00e9dite.<\/p>\n<p class=\"p1\">\u00ab\u00a0Il existe de nombreux livres sur elle, tous<br \/>\nint\u00e9ressants, mais jusqu&rsquo;en 2024, <strong>il n&rsquo;y avait pas de<br \/>\ntravail universitaire consacre \u00e0 son oeuvre.<\/strong> C&rsquo;est une<br \/>\nlacune scientifique\u00a0\u00bb, explique l&rsquo;autrice de l&rsquo;essai,<br \/>\n<strong>Isabelle Marc<\/strong>, sp\u00e9cialiste des \u00e9tudes culturelles<br \/>\net de genre, dans <strong>une interview accord\u00e9e en exclusivit\u00e9 au<br \/>\nmagazine T\u00e9l\u00e9 Star<\/strong>. A travers ses chansons,<br \/>\nl&rsquo;universitaire d\u00e9cortique aussi une \u00e9poque et ses travers.<\/p>\n<p>Myl\u00e8ne Farmer : une carri\u00e8re \u00e9crite \u00e0 travers le<br \/>\nsexisme et le nihilisme<\/p>\n<p class=\"p1\">Au cours des quatre ann\u00e9es d&rsquo;\u00e9tudes demand\u00e9es par son<br \/>\nlivre, Isabelle Marc s&rsquo;est int\u00e9ress\u00e9e \u00e0 <strong>la carri\u00e8re<br \/>\nnaissante de<\/strong> <a href=\"https:\/\/www.telestar.fr\/tele-realite\/the-voice\/2018\/mylene-farmer-sera-l-invitee-d-honneur-de-la-finale-de-the-voice-344257\" target=\"_blank\" rel=\"noopener\"><br \/>\nla chanteuse qui avait surpris les jur\u00e9s de The Voice<\/a>. Selon<br \/>\nelle, ses clips des ann\u00e9es 80, \u00e0 commencer par celui de Plus<br \/>\ngrandir o\u00f9 l&rsquo;on voit la chanteuse se faire violer par un<br \/>\ninconnu, soulignent <strong>le sexisme de leur \u00e9poque<\/strong>.<br \/>\n\u00ab\u00a0Ce clip met en \u00e9vidence <strong>la culture du viol qui<br \/>\ncaract\u00e9risait la France des ann\u00e9es 1980<\/strong>, o\u00f9 la violence<br \/>\nsexuelle \u00e9tait \u00e9rotis\u00e9e et normalis\u00e9e\u00a0\u00bb, \u00e9claire<br \/>\nl&rsquo;essayiste.<\/p>\n<p class=\"p1\">L&rsquo;ouvrage s&rsquo;int\u00e9resse \u00e9galement au <strong>nihilisme<br \/>\nv\u00e9hicul\u00e9 dans les paroles<\/strong> d&rsquo;un autre grand tube de Myl\u00e8ne<br \/>\nFarmer, <strong>D\u00e9senchant\u00e9e<\/strong>, paru en 1991. Sur<br \/>\nune musique enjou\u00e9e, l&rsquo;artiste d\u00e9clare que \u00ab\u00a0plus rien n&rsquo;a de<br \/>\nsens, plus rien ne va\u00a0\u00bb. Un paradoxe qu&rsquo;Isabelle Marc impute \u00e0<br \/>\nl&rsquo;\u00e9poque marqu\u00e9e par <strong>la fin des utopies, le ch\u00f4mage<br \/>\ncroissant<\/strong>, entre autres. Aujourd&rsquo;hui encore, il n&rsquo;est<br \/>\nd&rsquo;ailleurs par rare de lire l&rsquo;expression \u00ab\u00a0g\u00e9n\u00e9ration d\u00e9senchant\u00e9e\u00a0\u00bb<br \/>\ndans les manifestations\u2026<\/p>\n<p>Myl\u00e8ne Farmer : une artiste pass\u00e9e<br \/>\nde \u00ab\u00a0femme-enfant\u00a0\u00bb \u00e0 \u00ab\u00a0h\u00e9ro\u00efne digitale\u00a0\u00bb<\/p>\n<p class=\"p1\">Passionnant, Myl\u00e8ne Farmer: La diva pop<br \/>\nanalyse finement <strong>la mani\u00e8re dont l&rsquo;artiste est pass\u00e9e de<br \/>\n\u00ab\u00a0femme-enfant docile et aguicheuse\u00a0\u00bb \u00e0 \u00ab\u00a0h\u00e9ro\u00efne<br \/>\ndigitale\u00a0\u00bb<\/strong>\u2026 Sans jamais d\u00e9voiler son secret, notamment<br \/>\ngr\u00e2ce \u00e0 la raret\u00e9 de ses apparitions. \u00ab\u00a0Plus on s&rsquo;\u00e9loigne de la<br \/>\nm\u00eal\u00e9e, plus on reste au-dessus des pr\u00e9occupations terrestres, plus<br \/>\non peut inspirer\u00a0\u00bb, estime Isabelle Marc. Une strat\u00e9gie \u00e0 la<br \/>\nfois \u00ab\u00a0commerciale et esth\u00e9tique\u00a0\u00bb.<\/p>\n<p class=\"p1\">D&rsquo;apr\u00e8s les informations recueillies T\u00e9l\u00e9<br \/>\nStar, <a href=\"https:\/\/www.telestar.fr\/people\/festival-de-cannes-2025-on-en-sait-plus-sur-lenorme-surprise-reservee-par-mylene-farmer-lors-de-la-ceremonie-douverture-1720969\" target=\"_blank\" rel=\"noopener\"><br \/>\nl&rsquo;artiste pass\u00e9e par le Festival de Cannes l&rsquo;an dernier<\/a> a<br \/>\nd&rsquo;ailleurs d\u00e9cid\u00e9 de <strong>repousser son retour sur<br \/>\nsc\u00e8ne<\/strong>. \u00ab\u00a0Elle veu<strong>t profiter encore un peu de<br \/>\ncette sorte d&rsquo;\u00e9tat de gr\u00e2ce<\/strong> qu&rsquo;a \u00e9t\u00e9 la tourn\u00e9e Nevermore<br \/>\n2023\/2024&Prime;, justifie un proche. En attendant son come-back,<br \/>\nles fans peuvent se consoler avec les coffrets collector de son<br \/>\nalbum live Mylenium Tour, sorti il y a d\u00e9j\u00e0 25 ans !<\/p>\n<p><strong>Interview \u00e0 retrouver en int\u00e9gralit\u00e9 dans votre<br \/>\nmagazine T\u00e9l\u00e9 Star en kiosque et en version num\u00e9rique ce lundi 19<br \/>\njanvier 2026<\/strong><\/p>\n","protected":false},"excerpt":{"rendered":"EN BREF Myl\u00e8ne Farmer, ic\u00f4ne musicale depuis les ann\u00e9es 1980, est au c\u0153ur d\u00a0\u00bbun essai in\u00e9dit par Isabelle&hellip;\n","protected":false},"author":2,"featured_media":668533,"comment_status":"","ping_status":"","sticky":false,"template":"","format":"standard","meta":{"footnotes":""},"categories":[1355],"tags":[548,58,59,1011,27,1361,873,973],"class_list":{"0":"post-668532","1":"post","2":"type-post","3":"status-publish","4":"format-standard","5":"has-post-thumbnail","7":"category-musique","8":"tag-article-simple","9":"tag-divertissement","10":"tag-entertainment","11":"tag-fr","12":"tag-france","13":"tag-music","14":"tag-musique","15":"tag-people"},"share_on_mastodon":{"url":"https:\/\/pubeurope.com\/@fr\/115906813897307570","error":""},"_links":{"self":[{"href":"https:\/\/www.europesays.com\/fr\/wp-json\/wp\/v2\/posts\/668532","targetHints":{"allow":["GET"]}}],"collection":[{"href":"https:\/\/www.europesays.com\/fr\/wp-json\/wp\/v2\/posts"}],"about":[{"href":"https:\/\/www.europesays.com\/fr\/wp-json\/wp\/v2\/types\/post"}],"author":[{"embeddable":true,"href":"https:\/\/www.europesays.com\/fr\/wp-json\/wp\/v2\/users\/2"}],"replies":[{"embeddable":true,"href":"https:\/\/www.europesays.com\/fr\/wp-json\/wp\/v2\/comments?post=668532"}],"version-history":[{"count":0,"href":"https:\/\/www.europesays.com\/fr\/wp-json\/wp\/v2\/posts\/668532\/revisions"}],"wp:featuredmedia":[{"embeddable":true,"href":"https:\/\/www.europesays.com\/fr\/wp-json\/wp\/v2\/media\/668533"}],"wp:attachment":[{"href":"https:\/\/www.europesays.com\/fr\/wp-json\/wp\/v2\/media?parent=668532"}],"wp:term":[{"taxonomy":"category","embeddable":true,"href":"https:\/\/www.europesays.com\/fr\/wp-json\/wp\/v2\/categories?post=668532"},{"taxonomy":"post_tag","embeddable":true,"href":"https:\/\/www.europesays.com\/fr\/wp-json\/wp\/v2\/tags?post=668532"}],"curies":[{"name":"wp","href":"https:\/\/api.w.org\/{rel}","templated":true}]}}