{"id":668536,"date":"2026-01-16T21:07:15","date_gmt":"2026-01-16T21:07:15","guid":{"rendered":"https:\/\/www.europesays.com\/fr\/668536\/"},"modified":"2026-01-16T21:07:15","modified_gmt":"2026-01-16T21:07:15","slug":"la-deforestation-a-un-effet-secondaire-qui-vous-rend-completement-dingue-a-chaque-ete","status":"publish","type":"post","link":"https:\/\/www.europesays.com\/fr\/668536\/","title":{"rendered":"La d\u00e9forestation a un effet secondaire qui vous rend compl\u00e8tement dingue \u00e0 chaque \u00e9t\u00e9"},"content":{"rendered":"<p class=\"font-claude-response-body break-words whitespace-normal leading-[1.7]\"><strong>Nous avons cr\u00e9\u00e9 nos propres vampires. En d\u00e9truisant la for\u00eat atlantique br\u00e9silienne, nous avons contraint les moustiques \u00e0 se reconvertir. Priv\u00e9s de leurs proies habituelles chass\u00e9es par notre expansion, ces insectes se tournent massivement vers une nouvelle source d\u2019alimentation : nous. Une \u00e9tude r\u00e9cente publi\u00e9e dans <a href=\"https:\/\/www.frontiersin.org\/journals\/ecology-and-evolution\/articles\/10.3389\/fevo.2025.1721533\/full\" target=\"_blank\" rel=\"noopener\">Frontiers in Ecology and Evolution<\/a> r\u00e9v\u00e8le que cette adaptation forc\u00e9e ne constitue pas qu\u2019une simple nuisance estivale. Elle redessine la carte des risques sanitaires dans les zones touch\u00e9es par la d\u00e9forestation, transformant un probl\u00e8me environnemental en menace directe pour la sant\u00e9 publique.<\/strong><\/p>\n<p>Une enqu\u00eate digestive dans la for\u00eat atlantique<\/p>\n<p class=\"font-claude-response-body break-words whitespace-normal leading-[1.7]\">Des chercheurs de l\u2019Universit\u00e9 f\u00e9d\u00e9rale de Rio de Janeiro et de l\u2019Institut Oswaldo Cruz ont men\u00e9 une investigation originale dans deux r\u00e9serves naturelles br\u00e9siliennes. Leur m\u00e9thode : installer des pi\u00e8ges lumineux pour capturer les moustiques, puis analyser le contenu de l\u2019estomac des femelles gorg\u00e9es de sang. Sur plus de 1 700 sp\u00e9cimens appartenant \u00e0 52 esp\u00e8ces diff\u00e9rentes, 24 contenaient suffisamment d\u2019ADN identifiable pour d\u00e9terminer l\u2019origine du repas.<\/p>\n<p class=\"font-claude-response-body break-words whitespace-normal leading-[1.7]\">Les r\u00e9sultats dessinent un tableau sans ambigu\u00eft\u00e9. L\u2019ADN humain domine largement, avec des traces provenant de 18 personnes diff\u00e9rentes. Loin derri\u00e8re, six esp\u00e8ces d\u2019oiseaux constituent le deuxi\u00e8me groupe le plus repr\u00e9sent\u00e9. Les amphibiens, rongeurs et canid\u00e9s n\u2019apparaissent qu\u2019une seule fois chacun dans l\u2019ensemble des \u00e9chantillons analys\u00e9s.<\/p>\n<p class=\"font-claude-response-body break-words whitespace-normal leading-[1.7]\">Jeronimo Alencar, biologiste \u00e0 l\u2019Institut Oswaldo Cruz, confirme cette nette pr\u00e9f\u00e9rence pour le sang humain parmi les populations de moustiques captur\u00e9es dans ces fragments de for\u00eat atlantique. Cette sp\u00e9cialisation progressive n\u2019est pas le fruit du hasard.<\/p>\n<p>Quand la destruction d\u2019habitat fa\u00e7onne les comportements<\/p>\n<p class=\"font-claude-response-body break-words whitespace-normal leading-[1.7]\">L\u2019explication la plus \u00e9vidente r\u00e9side dans la dynamique d\u00e9mographique provoqu\u00e9e par la d\u00e9forestation. \u00c0 mesure que les arbres tombent et que les \u00e9cosyst\u00e8mes se fragmentent, la faune sauvage se rar\u00e9fie ou migre vers des zones plus pr\u00e9serv\u00e9es. Les populations humaines, elles, se concentrent pr\u00e9cis\u00e9ment dans ces espaces d\u00e9grad\u00e9s.<\/p>\n<p class=\"font-claude-response-body break-words whitespace-normal leading-[1.7]\">Sergio Machado, microbiologiste \u00e0 l\u2019Universit\u00e9 f\u00e9d\u00e9rale de Rio de Janeiro, r\u00e9sume le m\u00e9canisme : face \u00e0 la rar\u00e9faction de leurs ressources naturelles habituelles, les moustiques se rabattent sur des sources alternatives. Les humains, d\u00e9sormais omnipr\u00e9sents et accessibles dans ces r\u00e9gions transform\u00e9es, repr\u00e9sentent la cible la plus pratique. Cette adaptation rel\u00e8ve moins d\u2019une pr\u00e9f\u00e9rence intrins\u00e8que que d\u2019un pragmatisme forc\u00e9.<\/p>\n<p><img loading=\"lazy\" data-lazyloaded=\"1\" decoding=\"async\" class=\"size-full wp-image-311367\" src=\"https:\/\/www.europesays.com\/fr\/wp-content\/uploads\/2025\/06\/iStock-1858120401-scaled.jpg\" alt=\"moustiques\" width=\"2048\" height=\"1365\"  data-\/>Source: DRCr\u00e9dits : Stephen Waycott\/istockDes cons\u00e9quences qui d\u00e9passent la simple g\u00eane<\/p>\n<p class=\"font-claude-response-body break-words whitespace-normal leading-[1.7]\">Cette reconversion alimentaire des moustiques d\u00e9passe largement le cadre des d\u00e9sagr\u00e9ments du quotidien. Les moustiques figurent parmi les vecteurs de maladies les plus dangereux de la plan\u00e8te. Une orientation accrue vers les piq\u00fbres humaines multiplie m\u00e9caniquement les occasions de transmission d\u2019agents pathog\u00e8nes comme la dengue, le paludisme ou le virus Zika.<\/p>\n<p class=\"font-claude-response-body break-words whitespace-normal leading-[1.7]\">L\u2019\u00e9tude pr\u00e9sente n\u00e9anmoins certaines limites m\u00e9thodologiques que les auteurs reconnaissent volontiers. Les pi\u00e8ges lumineux attirent principalement les moustiques en qu\u00eate de nourriture, tandis que ceux qui viennent de se nourrir pr\u00e9f\u00e8rent dig\u00e9rer tranquillement, \u00e9chappant ainsi \u00e0 la capture. Une analyse plus exhaustive n\u00e9cessiterait des m\u00e9thodes compl\u00e9mentaires pour obtenir un portrait complet des habitudes alimentaires de ces insectes.<\/p>\n<p class=\"font-claude-response-body break-words whitespace-normal leading-[1.7]\">Cette recherche illustre une fois de plus comment les perturbations environnementales g\u00e9n\u00e8rent des effets en cascade impr\u00e9visibles. En d\u00e9truisant les habitats naturels, nous ne faisons pas que supprimer des esp\u00e8ces : nous r\u00e9organisons les interactions entre celles qui survivent. Et parfois, ces nouvelles configurations se retournent directement contre nous. Comprendre ces dynamiques devient essentiel pour anticiper et pr\u00e9venir les risques sanitaires \u00e9mergents dans les zones confront\u00e9es \u00e0 une d\u00e9forestation intensive.<\/p>\n","protected":false},"excerpt":{"rendered":"Nous avons cr\u00e9\u00e9 nos propres vampires. En d\u00e9truisant la for\u00eat atlantique br\u00e9silienne, nous avons contraint les moustiques \u00e0&hellip;\n","protected":false},"author":2,"featured_media":668537,"comment_status":"","ping_status":"","sticky":false,"template":"","format":"standard","meta":{"footnotes":""},"categories":[10],"tags":[1011,27,72,56,71],"class_list":{"0":"post-668536","1":"post","2":"type-post","3":"status-publish","4":"format-standard","5":"has-post-thumbnail","7":"category-sante","8":"tag-fr","9":"tag-france","10":"tag-health","11":"tag-push","12":"tag-sante"},"share_on_mastodon":{"url":"https:\/\/pubeurope.com\/@fr\/115906821766682718","error":""},"_links":{"self":[{"href":"https:\/\/www.europesays.com\/fr\/wp-json\/wp\/v2\/posts\/668536","targetHints":{"allow":["GET"]}}],"collection":[{"href":"https:\/\/www.europesays.com\/fr\/wp-json\/wp\/v2\/posts"}],"about":[{"href":"https:\/\/www.europesays.com\/fr\/wp-json\/wp\/v2\/types\/post"}],"author":[{"embeddable":true,"href":"https:\/\/www.europesays.com\/fr\/wp-json\/wp\/v2\/users\/2"}],"replies":[{"embeddable":true,"href":"https:\/\/www.europesays.com\/fr\/wp-json\/wp\/v2\/comments?post=668536"}],"version-history":[{"count":0,"href":"https:\/\/www.europesays.com\/fr\/wp-json\/wp\/v2\/posts\/668536\/revisions"}],"wp:featuredmedia":[{"embeddable":true,"href":"https:\/\/www.europesays.com\/fr\/wp-json\/wp\/v2\/media\/668537"}],"wp:attachment":[{"href":"https:\/\/www.europesays.com\/fr\/wp-json\/wp\/v2\/media?parent=668536"}],"wp:term":[{"taxonomy":"category","embeddable":true,"href":"https:\/\/www.europesays.com\/fr\/wp-json\/wp\/v2\/categories?post=668536"},{"taxonomy":"post_tag","embeddable":true,"href":"https:\/\/www.europesays.com\/fr\/wp-json\/wp\/v2\/tags?post=668536"}],"curies":[{"name":"wp","href":"https:\/\/api.w.org\/{rel}","templated":true}]}}