{"id":668542,"date":"2026-01-16T21:10:10","date_gmt":"2026-01-16T21:10:10","guid":{"rendered":"https:\/\/www.europesays.com\/fr\/668542\/"},"modified":"2026-01-16T21:10:10","modified_gmt":"2026-01-16T21:10:10","slug":"cette-tendance-deco-qui-donne-envie-de-fuir-la-ville-et-revele-ce-qui-cloche-chez-vous","status":"publish","type":"post","link":"https:\/\/www.europesays.com\/fr\/668542\/","title":{"rendered":"cette tendance d\u00e9co qui donne envie de fuir la ville et r\u00e9v\u00e8le ce qui cloche chez vous"},"content":{"rendered":"<p>Apr\u00e8s des ann\u00e9es de salons \u00e9pur\u00e9s, de cuisines blanches et de<br \/>\nlignes ultra droites, un autre r\u00eave s\u2019invite dans nos fils<br \/>\nd\u2019actualit\u00e9 : celui d\u2019une <strong>maison de campagne<\/strong><br \/>\npleine de bois, de vaisselle ancienne et de nappes \u00e0 fleurs. En<br \/>\n2026, le mot <strong>cottagecore<\/strong> r\u00e9sume cette envie<br \/>\ndiffuse de fermer la porte de la ville pour retrouver le rythme<br \/>\nd\u2019une vieille long\u00e8re, m\u00eame quand on vit au sixi\u00e8me \u00e9tage.<\/p>\n<p>Derri\u00e8re ce d\u00e9cor fa\u00e7on carte postale, quelque chose de plus<br \/>\nprofond se joue. Le cottagecore n\u2019est plus seulement une tendance<br \/>\nTikTok ou une mise en sc\u00e8ne pour les marques rep\u00e9r\u00e9es \u00e0 Maison<br \/>\n&amp; Objet, il devient une r\u00e9ponse \u00e0 notre fatigue du quotidien<br \/>\nurbain. Et si cette envie de campagne parlait surtout de notre<br \/>\nmani\u00e8re de vivre chez nous en 2026 ?<\/p>\n<p>Pourquoi le cottagecore 2026 nous donne envie de quitter la<br \/>\nville<\/p>\n<p>Les magazines de d\u00e9co l\u2019expliquent bien : pendant des ann\u00e9es,<br \/>\nnos int\u00e9rieurs ont regard\u00e9 du c\u00f4t\u00e9 de la ville, de la technologie<br \/>\net du minimalisme, avec des pi\u00e8ces neutres, lisses, presque<br \/>\nabstraites. \u00ab\u00a0En 2026, la tendance cottagecore se consolide comme<br \/>\nr\u00e9ponse \u00e0 cet exc\u00e8s de perfection : un retour conscient \u00e0 ce qui<br \/>\nest simple, artisanal et \u00e9motionnel\u00a0\u00bb, observe le magazine El<br \/>\nMueble.<\/p>\n<p>Ce basculement colle \u00e0 notre \u00e9tat d\u2019esprit. T\u00e9l\u00e9travail, \u00e9crans<br \/>\nomnipr\u00e9sents, informations en continu, rythme press\u00e9\u2026 beaucoup<br \/>\ncherchent un refuge \u00e9motionnel. \u00ab\u00a0Il ne s\u2019agit pas seulement de<br \/>\nd\u00e9corer la maison comme \u00e0 la campagne, mais de retrouver une<br \/>\nmani\u00e8re de vivre plus pos\u00e9e, chaleureuse et humaine\u00a0\u00bb, ajoute El<br \/>\nMueble. Le fantasme d\u2019\u00a0\u00bballer vivre \u00e0 la campagne\u00a0\u00bb passe donc<br \/>\nd\u2019abord par l\u2019id\u00e9e de se sentir au calme chez soi.<\/p>\n<p>Cottagecore : un art de vivre campagne chic plus qu\u2019un simple<br \/>\nd\u00e9cor<\/p>\n<p>Le c\u0153ur du cottagecore, ce n\u2019est pas une mise en sc\u00e8ne fig\u00e9e<br \/>\nmais un foyer v\u00e9cu, qui accepte l\u2019imperfection. \u00ab\u00a0Ici, il n\u2019y a pas<br \/>\nde blancs immacul\u00e9s ni de meubles de catalogue identiques. Il y a<br \/>\ndu bois avec des n\u0153uds, des textiles avec de la texture, de la<br \/>\nc\u00e9ramique irr\u00e9guli\u00e8re\u00a0\u00bb, d\u00e9crit El Mueble. L\u2019int\u00e9rieur ressemble \u00e0<br \/>\nune maison de famille qu\u2019on aurait h\u00e9rit\u00e9e, m\u00eame si l\u2019on habite au<br \/>\ncentre-ville.<\/p>\n<p>Cet esprit campagne chic s\u2019appuie sur des codes pr\u00e9cis : meubles<br \/>\nanciens en bois brut, fa\u00efence fleurie, vaisselle en gr\u00e8s, rideaux<br \/>\nen lin, crochet, osier, jonc de mer. Certains pr\u00e9f\u00e8rent une version<br \/>\nrustique tr\u00e8s simple, murs \u00e0 la chaux et mati\u00e8res naturelles.<br \/>\nD\u2019autres assument un c\u00f4t\u00e9 cottage anglais plus maximaliste, avec<br \/>\npapiers peints charg\u00e9s, piles de livres et bibelots rassurants.<br \/>\nDans tous les cas, la palette reste tr\u00e8s nature : verts sauge,<br \/>\nbeiges terreux, terracotta, touches d\u2019ocre, roses et bleus adoucis<br \/>\npour l\u2019effet cocon.<\/p>\n<p>Comment adopter le cottagecore en 2026<br \/>\nsans d\u00e9m\u00e9nager \u00e0 la campagne<\/p>\n<p>Les professionnels pr\u00e9viennent : un cottagecore trop fig\u00e9 peut<br \/>\nvite ressembler \u00e0 un d\u00e9cor de th\u00e9\u00e2tre, comme certaines cuisines<br \/>\nfleuries de 2025, parfaites en photo mais peu vivables. Le site<br \/>\nAstuces de Grand-M\u00e8re rappelle que \u00ab\u00a0les plus belles cuisines sont<br \/>\nsouvent celles qui \u00e9voluent doucement\u00a0\u00bb, en m\u00e9langeant couleurs,<br \/>\nmati\u00e8res brutes et objets personnels. L\u2019enjeu 2026, c\u2019est un<br \/>\nsur-mesure vivant, nourri de <strong>seconde main<\/strong>, de<br \/>\ntrouvailles de brocante et de pi\u00e8ces artisanales plut\u00f4t que de kits<br \/>\ntout pr\u00eats.<\/p>\n<p>Pour se cr\u00e9er une maison de campagne en ville, l\u2019id\u00e9e n\u2019est pas<br \/>\nde tout refaire mais de changer le sc\u00e9nario du quotidien avec<br \/>\nquelques gestes cibl\u00e9s :<\/p>\n<ul>\n<li>Remplacer une table ou une \u00e9tag\u00e8re par un meuble en bois chin\u00e9,<br \/>\nplein de marques de vie.<\/li>\n<li>Accumuler c\u00e9ramiques irr\u00e9guli\u00e8res, torchons en lin, coussins en<br \/>\nlaine ou en gaze de coton.<\/li>\n<li>Installer un coin lecture pr\u00e8s d\u2019une fen\u00eatre, avec lampe douce,<br \/>\nplaid \u00e9pais et pile de livres.<\/li>\n<li>Faire entrer la nature par des bouquets s\u00e9ch\u00e9s, des plantes,<br \/>\nvoire un mini potager de balcon.<\/li>\n<li>Consacrer un bout de plan de travail \u00e0 la \u00ab\u00a0vie lente\u00a0\u00bb : p\u00e9trir<br \/>\ndu pain, pr\u00e9parer confitures, bricoler.<\/li>\n<\/ul>\n<p>En 2026, vivre le cottagecore, c\u2019est moins changer d\u2019adresse que<br \/>\ntransformer son int\u00e9rieur en refuge chaleureux o\u00f9 le temps semble<br \/>\nenfin ralentir.<\/p>\n","protected":false},"excerpt":{"rendered":"Apr\u00e8s des ann\u00e9es de salons \u00e9pur\u00e9s, de cuisines blanches et de lignes ultra droites, un autre r\u00eave s\u2019invite&hellip;\n","protected":false},"author":2,"featured_media":668543,"comment_status":"","ping_status":"","sticky":false,"template":"","format":"standard","meta":{"footnotes":""},"categories":[7],"tags":[5734,17488,3477,3530,18705,76867,1805,8117,7687,20598,12219,1011,27,21029,4743,3583,7932,43,40,41,39,42,44,8551,4824,4568],"class_list":{"0":"post-668542","1":"post","2":"type-post","3":"status-publish","4":"format-standard","5":"has-post-thumbnail","7":"category-sciences-et-technologies","8":"tag-5734","9":"tag-ce","10":"tag-cette","11":"tag-chez","12":"tag-cloche","13":"tag-cottagecore","14":"tag-de","15":"tag-deco","16":"tag-donne","17":"tag-envie","18":"tag-et","19":"tag-fr","20":"tag-france","21":"tag-fuir","22":"tag-la","23":"tag-qui","24":"tag-revele","25":"tag-science","26":"tag-science-and-technology","27":"tag-sciences","28":"tag-sciences-et-technologies","29":"tag-technologies","30":"tag-technology","31":"tag-tendance","32":"tag-ville","33":"tag-vous"},"share_on_mastodon":{"url":"https:\/\/pubeurope.com\/@fr\/115906833559011882","error":""},"_links":{"self":[{"href":"https:\/\/www.europesays.com\/fr\/wp-json\/wp\/v2\/posts\/668542","targetHints":{"allow":["GET"]}}],"collection":[{"href":"https:\/\/www.europesays.com\/fr\/wp-json\/wp\/v2\/posts"}],"about":[{"href":"https:\/\/www.europesays.com\/fr\/wp-json\/wp\/v2\/types\/post"}],"author":[{"embeddable":true,"href":"https:\/\/www.europesays.com\/fr\/wp-json\/wp\/v2\/users\/2"}],"replies":[{"embeddable":true,"href":"https:\/\/www.europesays.com\/fr\/wp-json\/wp\/v2\/comments?post=668542"}],"version-history":[{"count":0,"href":"https:\/\/www.europesays.com\/fr\/wp-json\/wp\/v2\/posts\/668542\/revisions"}],"wp:featuredmedia":[{"embeddable":true,"href":"https:\/\/www.europesays.com\/fr\/wp-json\/wp\/v2\/media\/668543"}],"wp:attachment":[{"href":"https:\/\/www.europesays.com\/fr\/wp-json\/wp\/v2\/media?parent=668542"}],"wp:term":[{"taxonomy":"category","embeddable":true,"href":"https:\/\/www.europesays.com\/fr\/wp-json\/wp\/v2\/categories?post=668542"},{"taxonomy":"post_tag","embeddable":true,"href":"https:\/\/www.europesays.com\/fr\/wp-json\/wp\/v2\/tags?post=668542"}],"curies":[{"name":"wp","href":"https:\/\/api.w.org\/{rel}","templated":true}]}}