{"id":668546,"date":"2026-01-16T21:12:10","date_gmt":"2026-01-16T21:12:10","guid":{"rendered":"https:\/\/www.europesays.com\/fr\/668546\/"},"modified":"2026-01-16T21:12:10","modified_gmt":"2026-01-16T21:12:10","slug":"comment-les-pays-du-golfe-ont-dissuade-donald-trump-de-frapper-liran","status":"publish","type":"post","link":"https:\/\/www.europesays.com\/fr\/668546\/","title":{"rendered":"Comment les pays du Golfe ont dissuad\u00e9 Donald Trump de frapper l\u2019Iran"},"content":{"rendered":"<p>\n    <strong>D\u00c9CRYPTAGE<\/strong> &#8211; Redoutant une d\u00e9stabilisation r\u00e9gionale, l\u2019Arabie saoudite et le Qatar pr\u00f4nent le maintien des pressions contre leur voisin pour qu\u2019il renonce \u00e0 ses missiles balistiques.<\/p>\n<p class=\"fig-paragraph\">En premi\u00e8re ligne d\u2019une riposte iranienne\u00a0<a href=\"http:\/\/www.lefigaro.fr\/international\/iran-nous-sommes-dans-une-phase-de-desescalade-mais-des-frappes-americaines-ciblees-restent-un-scenario-plausible-20260115\" data-fig-type=\"Article\" data-gtm-custom-categorie=\"navigation\" data-gtm-custom-action=\"crossclick\" data-gtm-custom-label=\"Contextuel\" data-gtm-event=\"customEventSPE\" data-fig-domain=\"LEFIGARO\" target=\"_blank\" rel=\"noopener\">en cas de frappes am\u00e9ricaines sur la R\u00e9publique islamique<\/a>, l\u2019Arabie saoudite, le Qatar et Oman, rejoints par l\u2019\u00c9gypte ont multipli\u00e9 les appels t\u00e9l\u00e9phoniques au cours de la nuit de mardi \u00e0 mercredi pour convaincre Donald Trump de ne pas attaquer\u00a0<a href=\"http:\/\/www.lefigaro.fr\/international\/dossier\/manifestations-en-iran-et-repression-sanglante-notre-dossier-pour-tout-comprendre-a-la-mobilisation-du-peuple\" data-fig-type=\"Topic\" data-gtm-custom-categorie=\"navigation\" data-gtm-custom-action=\"crossclick\" data-gtm-custom-label=\"Contextuel\" data-gtm-event=\"customEventSPE\" data-fig-domain=\"LEFIGARO\" target=\"_blank\" rel=\"noopener\">l\u2019Iran<\/a>, en repr\u00e9sailles \u00e0 sa f\u00e9roce r\u00e9pression des manifestants.<\/p>\n<p class=\"fig-paragraph\">Quelques heures plus tard, le pr\u00e9sident am\u00e9ricain affirmait que \u00ab\u00a0les tueries avaient cess\u00e9\u00a0\u00bb, ce qui ne semblait pas \u00eatre l\u2019avis, vendredi, d\u2019un certain nombre d\u2019officiels \u00e0 Washington, selon la cha\u00eene CNN, citant des sources au sein des services de renseignements.<\/p>\n<p class=\"fig-paragraph\">De Riyad \u00e0 Doha en passant par Mascate et Le\u00a0Caire, on redoute une d\u00e9stabilisation de la r\u00e9gion. \u00ab\u00a0Il faut \u00e9viter une situation incontr\u00f4lable\u00a0\u00bb, estime un diplomate saoudien.<\/p>\n<p class=\"fig-paragraph\">La semaine derni\u00e8re, aux premiers jours de la r\u00e9pression contre les manifestants, le pr\u00e9sident du Parlement iranien, Mohammad Bagher Ghalibaf, avertissait les \u00c9tats-Unis que des bombardements entra\u00eeneraient\u2026<\/p>\n<p class=\"fig-premium-paywall__infos\">\n        Cet article est r\u00e9serv\u00e9 aux abonn\u00e9s.        Il vous reste 83% \u00e0 d\u00e9couvrir.\n    <\/p>\n<p>                <img  data- alt=\"Le Figaro\" class=\"fig-img--complete fig-img\"\/><\/p>\n<p class=\"fig-premium-paywall__title\">Le Figaro c\u00e9l\u00e8bre ses 200 ans<\/p>\n<p class=\"fig-premium-paywall__subtitle\">Offre anniversaire : 2\u20ac\/mois pendant 200 semaines<\/p>\n<p class=\"fig-premium-paywall__connect\">\n                D\u00e9j\u00e0 abonn\u00e9\u00a0?                <a class=\"fig-premium-paywall__connect-link\" href=\"https:\/\/connect.lefigaro.fr\/login?client=horizon_web&amp;type=main&amp;redirect_uri=https%3A%2F%2Fwww.lefigaro.fr%2Finternational%2Fcomment-les-pays-du-golfe-ont-dissuade-donald-trump-de-frapper-l-iran-20260116\" data-js-gtm=\"{&quot;customCategorie&quot;: &quot;conversion&quot;, &quot;customAction&quot;: &quot;before_Landing_Connexion_paywall_auto&quot;, &quot;customLabel&quot;: &quot;bGVmaWdhcm8uZnJfXzFmMGYyYzM5LWJiMGMtNjRiNC1hMTYwLTUzYTA5NTM0N2FkMF9fQXJ0aWNsZQ==_Comment les pays du Golfe ont dissuad\u00e9 Donald Trump de frapper l\u2019Iran_199&quot;, &quot;customIDSPE&quot;: &quot;bGVmaWdhcm8uZnJfXzFmMGYyYzM5LWJiMGMtNjRiNC1hMTYwLTUzYTA5NTM0N2FkMF9fQXJ0aWNsZQ==&quot;, &quot;event&quot;: &quot;customEventSPE&quot;}\" target=\"_blank\" rel=\"noopener\"><br \/>\n                    Connectez-vous<br \/>\n                <\/a>\n            <\/p>\n","protected":false},"excerpt":{"rendered":"D\u00c9CRYPTAGE &#8211; Redoutant une d\u00e9stabilisation r\u00e9gionale, l\u2019Arabie saoudite et le Qatar pr\u00f4nent le maintien des pressions contre leur&hellip;\n","protected":false},"author":2,"featured_media":668547,"comment_status":"","ping_status":"","sticky":false,"template":"","format":"standard","meta":{"footnotes":""},"categories":[5],"tags":[11,4947,1011,27,14,12,28],"class_list":{"0":"post-668546","1":"post","2":"type-post","3":"status-publish","4":"format-standard","5":"has-post-thumbnail","7":"category-international","8":"tag-actualites","9":"tag-arabie-saoudite","10":"tag-fr","11":"tag-france","12":"tag-international","13":"tag-news","14":"tag-world"},"share_on_mastodon":{"url":"https:\/\/pubeurope.com\/@fr\/115906841660218239","error":""},"_links":{"self":[{"href":"https:\/\/www.europesays.com\/fr\/wp-json\/wp\/v2\/posts\/668546","targetHints":{"allow":["GET"]}}],"collection":[{"href":"https:\/\/www.europesays.com\/fr\/wp-json\/wp\/v2\/posts"}],"about":[{"href":"https:\/\/www.europesays.com\/fr\/wp-json\/wp\/v2\/types\/post"}],"author":[{"embeddable":true,"href":"https:\/\/www.europesays.com\/fr\/wp-json\/wp\/v2\/users\/2"}],"replies":[{"embeddable":true,"href":"https:\/\/www.europesays.com\/fr\/wp-json\/wp\/v2\/comments?post=668546"}],"version-history":[{"count":0,"href":"https:\/\/www.europesays.com\/fr\/wp-json\/wp\/v2\/posts\/668546\/revisions"}],"wp:featuredmedia":[{"embeddable":true,"href":"https:\/\/www.europesays.com\/fr\/wp-json\/wp\/v2\/media\/668547"}],"wp:attachment":[{"href":"https:\/\/www.europesays.com\/fr\/wp-json\/wp\/v2\/media?parent=668546"}],"wp:term":[{"taxonomy":"category","embeddable":true,"href":"https:\/\/www.europesays.com\/fr\/wp-json\/wp\/v2\/categories?post=668546"},{"taxonomy":"post_tag","embeddable":true,"href":"https:\/\/www.europesays.com\/fr\/wp-json\/wp\/v2\/tags?post=668546"}],"curies":[{"name":"wp","href":"https:\/\/api.w.org\/{rel}","templated":true}]}}