{"id":668560,"date":"2026-01-16T21:19:10","date_gmt":"2026-01-16T21:19:10","guid":{"rendered":"https:\/\/www.europesays.com\/fr\/668560\/"},"modified":"2026-01-16T21:19:10","modified_gmt":"2026-01-16T21:19:10","slug":"a-sollies-pont-le-maire-sortant-andre-garron-presente-une-liste-renouvelee-a-50","status":"publish","type":"post","link":"https:\/\/www.europesays.com\/fr\/668560\/","title":{"rendered":"A Solli\u00e8s-Pont, le maire sortant Andr\u00e9 Garron pr\u00e9sente une liste renouvel\u00e9e \u00e0 50 %"},"content":{"rendered":"<p class=\"fs-5 \">Moins de quatre mois apr\u00e8s avoir d\u00e9clar\u00e9 sa candidature, Andr\u00e9 Garron, maire de Solli\u00e8s-Pont depuis 2008, a pr\u00e9sent\u00e9, ce vendredi soir \u00e0 la salle des f\u00eates, sa nouvelle \u00e9quipe aux citoyens.<\/p>\n<p class=\"fs-5 \">Dix-huit ans apr\u00e8s s\u2019\u00eatre engag\u00e9 pour \u00ab redresser et d\u00e9velopper la commune \u00bb, le maire sortant entend avec \u00ab une \u00e9quipe renouvel\u00e9e \u00e0 50 %, rajeunie et sans \u00e9tiquette, continuer de r\u00e9aliser, de rassembler et de prot\u00e9ger \u00bb. <\/p>\n<p class=\"fs-5 \">Une quinzaine de colistiers figuraient d\u00e9j\u00e0 sur la liste en 2020. \u00ab Faites confiance \u00e0 l\u2019\u00e9quipe pour am\u00e9liorer la qualit\u00e9 de vie, d\u00e9fendre vos int\u00e9r\u00eats et l\u2019avenir de vos enfants \u00bb, a relev\u00e9 le candidat qui a eu un mot pour chacun.<\/p>\n<p class=\"fs-5 \">Andr\u00e9 Garron a aussi annonc\u00e9 que Jean-Michel Naal, qui si\u00e8ge actuellement comme conseiller municipal, sera son premier adjoint en cas de victoire.<\/p>\n<p class=\"fs-5 \">Salu\u00e9 pour \u00ab son exp\u00e9rience du management \u00bb, il succ\u00e9derait \u00e0 Jean-Pierre Coiquault, qui figure sur la liste et serait en charge, notamment, de la vie des quartiers.<\/p>\n<p>                                                                                Les 32 colistiers<\/p>\n<p class=\"fs-5 \">Le premier adjoint sera <strong>Jean-Michel Naal,<\/strong> 63 ans, ancien commandant du 54e R\u00e9giment d\u2019artillerie de Hy\u00e8res, directeur de la s\u00e9curit\u00e9 \u00e0 la CNMSS. <strong>Dani\u00e8le Ravinal<\/strong>, 75 ans, retrait\u00e9e. <strong>Jean-Pierre Coiquault<\/strong>, 73 ans, retrait\u00e9. <strong>Roseline Foucou<\/strong>, 77 ans, ancienne commer\u00e7ante. <strong>Thierry Dupont<\/strong>, 71 ans, ancien entra\u00eeneur de haut niveau. <strong>Paule-Sandrine Charreton, <\/strong>54 ans, assistante de gestion. <strong>Philippe Laureri<\/strong>, 66 ans, pr\u00e9sident d\u00e9partemental des r\u00e9serves communales de s\u00e9curit\u00e9 civile. <strong>St\u00e9phanie Bovero<\/strong>, 46 ans, cheffe de projets informatique. <strong>Jean-Claude Le Tallec,<\/strong> 73 ans, retrait\u00e9. <strong>Huguette Bertrand<\/strong>, 71 ans, ancienne commer\u00e7ante. <strong>Christophe Kasperski,<\/strong> 62 ans, retrait\u00e9, sp\u00e9cialis\u00e9 en droit et en urbanisme. <strong>Sandrine Beltra<\/strong>, 55 ans, avocate de droit priv\u00e9. <strong>Thierry Bion,<\/strong> 65 ans, chef d\u2019entreprise, ma\u00eetre artisan dans les m\u00e9tiers du bois. <strong>H\u00e9l\u00e8ne Saltetto<\/strong>, 36 ans, exploitante agricole. <strong>Frank Fillon<\/strong>, 59 ans, attach\u00e9 territorial \u00e0 TPM. <strong>Dalel Chaouche<\/strong>, 39 ans, professeure de sciences et techniques m\u00e9dico-sociales. <strong>Paul Scrocco<\/strong>, 29 ans, g\u00e9rant de magasin. <strong>Monique Besset,<\/strong> 61 ans, travaille dans la recherche dans le domaine de la sant\u00e9. <strong>Fr\u00e9d\u00e9ric Gandin<\/strong>, 53 ans, exploitant agricole et apiculteur. <strong>Laurence Larch\u00e9<\/strong>, 56 ans, secr\u00e9taire m\u00e9dicale. <strong>Fabrice Mielo<\/strong>, 66 ans, retrait\u00e9. <strong>Carole Perruchot<\/strong>, 59 ans, employ\u00e9e dans un \u00e9tablissement m\u00e9dico-social. <strong>Alexandre De Vos,<\/strong> 54 ans, responsable des expositions de la galerie De Vos. <strong>Marie Carvin<\/strong>, graphiste ind\u00e9pendante. <strong>Christian Marcel<\/strong>, 65 ans, agriculteur. <strong>St\u00e9phanie Pissot<\/strong>, 39 ans, employ\u00e9e polyvalente, <strong>Philippe Jorrot,<\/strong> 72 ans, m\u00e9decin. <strong>Marl\u00e8ne Pablo<\/strong>, 33 ans, responsable d\u2019entreprise. <strong>Jonathan Sala<\/strong>, 42 ans, gestionnaire d\u2019exploitation agricole. <strong>Manon Eluecque<\/strong>, 37 ans, conseill\u00e8re en insertion. <strong>Florian Guidicelli,<\/strong> 31 ans, directeur de l\u2019immobilier dans une soci\u00e9t\u00e9. <strong>Bernadette Auroy<\/strong>, 68 ans m\u00e9decin du travail.<\/p>\n","protected":false},"excerpt":{"rendered":"Moins de quatre mois apr\u00e8s avoir d\u00e9clar\u00e9 sa candidature, Andr\u00e9 Garron, maire de Solli\u00e8s-Pont depuis 2008, a pr\u00e9sent\u00e9,&hellip;\n","protected":false},"author":2,"featured_media":668561,"comment_status":"","ping_status":"","sticky":false,"template":"","format":"standard","meta":{"footnotes":""},"categories":[9619],"tags":[1111,11,1777,674,1011,27,3434,12,882,25,2310],"class_list":{"0":"post-668560","1":"post","2":"type-post","3":"status-publish","4":"format-standard","5":"has-post-thumbnail","7":"category-toulon","8":"tag-actu","9":"tag-actualites","10":"tag-eu","11":"tag-europe","12":"tag-fr","13":"tag-france","14":"tag-municipales-2026","15":"tag-news","16":"tag-provence-alpes-cote-dazur","17":"tag-republique-francaise","18":"tag-toulon"},"share_on_mastodon":{"url":"","error":""},"_links":{"self":[{"href":"https:\/\/www.europesays.com\/fr\/wp-json\/wp\/v2\/posts\/668560","targetHints":{"allow":["GET"]}}],"collection":[{"href":"https:\/\/www.europesays.com\/fr\/wp-json\/wp\/v2\/posts"}],"about":[{"href":"https:\/\/www.europesays.com\/fr\/wp-json\/wp\/v2\/types\/post"}],"author":[{"embeddable":true,"href":"https:\/\/www.europesays.com\/fr\/wp-json\/wp\/v2\/users\/2"}],"replies":[{"embeddable":true,"href":"https:\/\/www.europesays.com\/fr\/wp-json\/wp\/v2\/comments?post=668560"}],"version-history":[{"count":0,"href":"https:\/\/www.europesays.com\/fr\/wp-json\/wp\/v2\/posts\/668560\/revisions"}],"wp:featuredmedia":[{"embeddable":true,"href":"https:\/\/www.europesays.com\/fr\/wp-json\/wp\/v2\/media\/668561"}],"wp:attachment":[{"href":"https:\/\/www.europesays.com\/fr\/wp-json\/wp\/v2\/media?parent=668560"}],"wp:term":[{"taxonomy":"category","embeddable":true,"href":"https:\/\/www.europesays.com\/fr\/wp-json\/wp\/v2\/categories?post=668560"},{"taxonomy":"post_tag","embeddable":true,"href":"https:\/\/www.europesays.com\/fr\/wp-json\/wp\/v2\/tags?post=668560"}],"curies":[{"name":"wp","href":"https:\/\/api.w.org\/{rel}","templated":true}]}}