{"id":668568,"date":"2026-01-16T21:24:13","date_gmt":"2026-01-16T21:24:13","guid":{"rendered":"https:\/\/www.europesays.com\/fr\/668568\/"},"modified":"2026-01-16T21:24:13","modified_gmt":"2026-01-16T21:24:13","slug":"national-j17-rouen-dijon-et-sochaux-a-la-fete","status":"publish","type":"post","link":"https:\/\/www.europesays.com\/fr\/668568\/","title":{"rendered":"National (J17). Rouen, Dijon et Sochaux \u00e0 la f\u00eate"},"content":{"rendered":"<p><img loading=\"lazy\" decoding=\"async\" width=\"696\" height=\"464\" class=\"lazyload entry-thumb\" src=\"https:\/\/www.europesays.com\/fr\/wp-content\/uploads\/2025\/10\/Rouen-Sochaux-1-696x464.jpg\" alt=\"National J3 Rouen - Sochaux (Photo Philippe Le Brech)\" title=\"National J3 Rouen - Sochaux (Photo Philippe Le Brech)\"\/>Rouen et Sochaux (\u00a9 Philippe Le Brech)<\/p>\n<p style=\"font-size:20px\"><strong>Les rencontres de la J17 du National se disputaient ce vendredi 16 janvier 2026. Le trio de t\u00eate, Rouen et Sochaux, s\u2019est impos\u00e9. Les places restent inchang\u00e9es pour le podium mais, derri\u00e8re, tout le monde a perdu des points.<\/strong><\/p>\n<p>Derri\u00e8re, Orl\u00e9ans s\u2019est en effet lourdement inclin\u00e9 \u00e0 Fleury alors qu\u2019Aubagne a conc\u00e9d\u00e9 le nul sur sa pelouse face au Paris 13 Atletico. Versailles et Le Puy ont \u00e9t\u00e9 battus par les deux premiers du classement.<\/p>\n<p>Battu \u00e0 Valenciennes, Bourg-en-Bresse se fait rejoindre par QRM qui a partag\u00e9 les points avant la lanterne rouge Saint-Brieuc. Exempt ce soir, Villefranche garde donc un petit matelas d\u2019avance sur les trois derniers du classement.<\/p>\n<p>R\u00e9sultats et buteurs de la J17 du National<\/p>\n<p><strong>SC Aubagne Air-Bel \u2013 Paris 13 Atletico :<\/strong> 1-1 (0-1)<br \/>Buts : Bentoumi (90e+2) pour Aubagne ; Dadoune (39e) pour Paris.<\/p>\n<p><strong>US Concarneau \u2013 SM Caen :<\/strong> 3-3 (2-2)<br \/>Buts : Tell (31e), Soukouna (35e sp), Gbelle (85e) pour Concarneau ; Gnanduillet (8e), Botella (37e), M\u2019Vila (52e, sp) pour Caen.<\/p>\n<p><strong>Dijon FCO \u2013 Le Puy Foot 43 :<\/strong> 2-0 (0-0)<br \/>Buts : Tavares (77e sp, 85e), pour Dijon.<\/p>\n<p><strong>FC Fleury 91 \u2013 US Orl\u00e9ans Loiret Foot :<\/strong> 3-0 (1-0)<br \/>Buts : Badin (21e), Farade (78e), Homssa (90e+4) pour Fleury.<br \/>Exclusion : Sylla (75e) \u00e0 Orl\u00e9ans.<\/p>\n<p><strong>Quevilly Rouen M\u00e9tropole \u2013 Stade Briochin : <\/strong>0-0 (0-0)<\/p>\n<p><strong>FC Sochaux Montb\u00e9liard \u2013 La Berrichonne Ch\u00e2teauroux : <\/strong>1-0 (1-0)<br \/>But : Gomel (44e) pour Sochaux. <\/p>\n<p><strong>Valenciennes FC \u2013 Football Bourg-en-Bresse P\u00e9ronnas 01 :<\/strong> 3-1 (1-0)<br \/>Buts : Abi (35e), Courtet (66e), Ipiele (90e+7) pour Valenciennes ; Ciss\u00e9 (52e) pour Bourg-P\u00e9ronnas.<\/p>\n<p><strong>FC Versailles 78 \u2013 FC Rouen 1899 :<\/strong> 1-3 (1-1)<br \/>Buts : Ouchen (3e) pour Versailles ; Bouzamoucha (41e), Rocha Santos (53e sp), Ba-Sy (75e) pour Rouen.<br \/>Exclusion : Chadet (51e) \u00e0 Versailles.<\/p>\n<p><a href=\"https:\/\/footamateur.ouest-france.fr\/author\/fred\/\" class=\"url\" title=\"Fr\u00e9d\u00e9ric Sougey\" target=\"_blank\" rel=\"noopener\"> <img decoding=\"async\" src=\"https:\/\/www.europesays.com\/fr\/wp-content\/uploads\/2025\/04\/gnlpcfya_400x400.jpg\" class=\"lazyload photo\" width=\"250\" alt=\"Fr\u00e9d\u00e9ric Sougey\"\/><\/a><\/p>\n<p>Journaliste chez Sports M\u00e9dia<\/p>\n<p>Elev\u00e9 au c\u0153ur des Alpes, Fred quitte (temporairement) son Grenoble ador\u00e9 pour pr\u00eater sa plume et son regard au monde amateur et plus particuli\u00e8rement au Championnat National dont il est un assidu observateur. Fan de tartiflette, de Karim Mokeddem et de Mulholland Drive. Les bonnes choses de la vie, en somme.<\/p>\n<p><a href=\"https:\/\/footamateur.ouest-france.fr\/author\/fred\/\" class=\"url\" title=\"Fr\u00e9d\u00e9ric Sougey\" target=\"_blank\" rel=\"noopener\"><img decoding=\"async\" src=\"https:\/\/www.europesays.com\/fr\/wp-content\/uploads\/2025\/04\/gnlpcfya_400x400.jpg\" class=\"lazyload photo\" width=\"250\" alt=\"Fr\u00e9d\u00e9ric Sougey\"\/><\/a>Les derniers articles par Fr\u00e9d\u00e9ric Sougey (<a href=\"https:\/\/footamateur.ouest-france.fr\/author\/fred\/\" target=\"_blank\" rel=\"noopener\">tout voir<\/a>)<\/p>\n","protected":false},"excerpt":{"rendered":"Rouen et Sochaux (\u00a9 Philippe Le Brech) Les rencontres de la J17 du National se disputaient ce vendredi&hellip;\n","protected":false},"author":2,"featured_media":477175,"comment_status":"","ping_status":"","sticky":false,"template":"","format":"standard","meta":{"footnotes":""},"categories":[9587],"tags":[1111,11,1777,674,1011,27,12,5161,25,9590],"class_list":{"0":"post-668568","1":"post","2":"type-post","3":"status-publish","4":"format-standard","5":"has-post-thumbnail","7":"category-rouen","8":"tag-actu","9":"tag-actualites","10":"tag-eu","11":"tag-europe","12":"tag-fr","13":"tag-france","14":"tag-news","15":"tag-normandie","16":"tag-republique-francaise","17":"tag-rouen"},"share_on_mastodon":{"url":"https:\/\/pubeurope.com\/@fr\/115906888714848137","error":""},"_links":{"self":[{"href":"https:\/\/www.europesays.com\/fr\/wp-json\/wp\/v2\/posts\/668568","targetHints":{"allow":["GET"]}}],"collection":[{"href":"https:\/\/www.europesays.com\/fr\/wp-json\/wp\/v2\/posts"}],"about":[{"href":"https:\/\/www.europesays.com\/fr\/wp-json\/wp\/v2\/types\/post"}],"author":[{"embeddable":true,"href":"https:\/\/www.europesays.com\/fr\/wp-json\/wp\/v2\/users\/2"}],"replies":[{"embeddable":true,"href":"https:\/\/www.europesays.com\/fr\/wp-json\/wp\/v2\/comments?post=668568"}],"version-history":[{"count":0,"href":"https:\/\/www.europesays.com\/fr\/wp-json\/wp\/v2\/posts\/668568\/revisions"}],"wp:featuredmedia":[{"embeddable":true,"href":"https:\/\/www.europesays.com\/fr\/wp-json\/wp\/v2\/media\/477175"}],"wp:attachment":[{"href":"https:\/\/www.europesays.com\/fr\/wp-json\/wp\/v2\/media?parent=668568"}],"wp:term":[{"taxonomy":"category","embeddable":true,"href":"https:\/\/www.europesays.com\/fr\/wp-json\/wp\/v2\/categories?post=668568"},{"taxonomy":"post_tag","embeddable":true,"href":"https:\/\/www.europesays.com\/fr\/wp-json\/wp\/v2\/tags?post=668568"}],"curies":[{"name":"wp","href":"https:\/\/api.w.org\/{rel}","templated":true}]}}