{"id":668569,"date":"2026-01-16T21:25:26","date_gmt":"2026-01-16T21:25:26","guid":{"rendered":"https:\/\/www.europesays.com\/fr\/668569\/"},"modified":"2026-01-16T21:25:26","modified_gmt":"2026-01-16T21:25:26","slug":"prix-du-public-les-yeux-doc","status":"publish","type":"post","link":"https:\/\/www.europesays.com\/fr\/668569\/","title":{"rendered":"Prix du public Les yeux doc"},"content":{"rendered":"<p>\t\t\t\t\t\t\t\t\t<a href=\"https:\/\/www.ledauphine.com\/pour-sortir\/loisirs\/Cinema\/Projections\/Rhone-alpes\/Isere\/Claix\/2026\/03\/12\/javascript:history.back();\" rel=\"nofollow noopener\" class=\"backToSearch\" target=\"_blank\">Retour \u00e0 la recherche<\/a><\/p>\n<p class=\"media-desc\" itemprop=\"description\">&#13;<br \/>\n\t\t\t\t\tDu 9 mars au 5 avril, d\u00e9couvrez les films en comp\u00e9tition pour le Prix du public Les yeux doc et votez pour le laur\u00e9at. Kristos est le dernier enfant de l\u2019\u00eele grecque d\u2019Arki. A la fin du primaire, il doit quitter les siens pour entrer au coll\u00e8ge.&#13;<br \/>\n\t\t\t\t\t\t\t\t\t\t\t&#13;<br \/>\n\t\t\t\t\t\t\t\t\t\tLe Prix du public Les yeux doc est une manifestation nationale propos\u00e9e par la Biblioth\u00e8que publique d\u2019information (Paris) aux biblioth\u00e8ques inscrites \u00e0 la plateforme de vid\u00e9o \u00e0 la demande de cin\u00e9ma documentaire Les yeux doc, en partenariat avec ARTE M\u00e9diath\u00e8que, le BAL, la Cin\u00e9math\u00e8que fran\u00e7aise, Documentaire sur grand \u00e9cran, Images documentaires, InM\u00e9dia technologies et Mediapart. Vos biblioth\u00e9caires ont s\u00e9lectionn\u00e9 3 films et vous invitent \u00e0 les d\u00e9couvrir du 9 mars au 5 avril. Donnez votre avis sur chaque film et contribuerez \u00e0 d\u00e9signer le laur\u00e9at du Prix du public Les yeux doc 2026 \/ Laissez un message aux cin\u00e9astes, nous leur transmettrons \/ En votant, participez \u00e0 un tirage au sort et tentez de gagner des DVD, des catalogues d&rsquo;exposition et des revues. Le palmar\u00e8s et le r\u00e9sultat du tirage au sort seront annonc\u00e9s le vendredi 10 avril.&#13;\n\t\t\t\t  <\/p>\n","protected":false},"excerpt":{"rendered":"Retour \u00e0 la recherche &#13; Du 9 mars au 5 avril, d\u00e9couvrez les films en comp\u00e9tition pour le&hellip;\n","protected":false},"author":2,"featured_media":668570,"comment_status":"","ping_status":"","sticky":false,"template":"","format":"standard","meta":{"footnotes":""},"categories":[9566],"tags":[1111,11,2430,1777,674,1011,27,2731,12,25],"class_list":{"0":"post-668569","1":"post","2":"type-post","3":"status-publish","4":"format-standard","5":"has-post-thumbnail","7":"category-grenoble","8":"tag-actu","9":"tag-actualites","10":"tag-auvergne-rhone-alpes","11":"tag-eu","12":"tag-europe","13":"tag-fr","14":"tag-france","15":"tag-grenoble","16":"tag-news","17":"tag-republique-francaise"},"share_on_mastodon":{"url":"https:\/\/pubeurope.com\/@fr\/115906892444171005","error":""},"_links":{"self":[{"href":"https:\/\/www.europesays.com\/fr\/wp-json\/wp\/v2\/posts\/668569","targetHints":{"allow":["GET"]}}],"collection":[{"href":"https:\/\/www.europesays.com\/fr\/wp-json\/wp\/v2\/posts"}],"about":[{"href":"https:\/\/www.europesays.com\/fr\/wp-json\/wp\/v2\/types\/post"}],"author":[{"embeddable":true,"href":"https:\/\/www.europesays.com\/fr\/wp-json\/wp\/v2\/users\/2"}],"replies":[{"embeddable":true,"href":"https:\/\/www.europesays.com\/fr\/wp-json\/wp\/v2\/comments?post=668569"}],"version-history":[{"count":0,"href":"https:\/\/www.europesays.com\/fr\/wp-json\/wp\/v2\/posts\/668569\/revisions"}],"wp:featuredmedia":[{"embeddable":true,"href":"https:\/\/www.europesays.com\/fr\/wp-json\/wp\/v2\/media\/668570"}],"wp:attachment":[{"href":"https:\/\/www.europesays.com\/fr\/wp-json\/wp\/v2\/media?parent=668569"}],"wp:term":[{"taxonomy":"category","embeddable":true,"href":"https:\/\/www.europesays.com\/fr\/wp-json\/wp\/v2\/categories?post=668569"},{"taxonomy":"post_tag","embeddable":true,"href":"https:\/\/www.europesays.com\/fr\/wp-json\/wp\/v2\/tags?post=668569"}],"curies":[{"name":"wp","href":"https:\/\/api.w.org\/{rel}","templated":true}]}}