{"id":668572,"date":"2026-01-16T21:27:26","date_gmt":"2026-01-16T21:27:26","guid":{"rendered":"https:\/\/www.europesays.com\/fr\/668572\/"},"modified":"2026-01-16T21:27:26","modified_gmt":"2026-01-16T21:27:26","slug":"saint-jean-23-infos-18-janvier-2026","status":"publish","type":"post","link":"https:\/\/www.europesays.com\/fr\/668572\/","title":{"rendered":"Saint Jean 23 infos 18 janvier 2026"},"content":{"rendered":"<blockquote><p>\nVoici l\u2019Agneau de Dieu, qui enl\u00e8ve le p\u00e9ch\u00e9 du monde\n<\/p><\/blockquote>\n<p><img loading=\"lazy\" decoding=\"async\" class=\"aligncenter size-full wp-image-450429\" src=\"https:\/\/www.europesays.com\/fr\/wp-content\/uploads\/2026\/01\/lhomme-qui-vient-derriere-moi-est-passe-devant-moi.jpg\" alt=\"\" width=\"620\" height=\"390\"  \/><br \/>\n(Jean 1, 29-34)<\/p>\n<p>\u00a0<\/p>\n<p>\u2192 Vie de la paroisse<\/p>\n<ul>\n<li><strong>Dimanche 18 janvier<\/strong> 15h30 salle paroissiale Saint-Paul : <strong>Galette des Rois<\/strong> de la paroisse.<\/li>\n<li><strong>Dimanche 18 janvier<\/strong> (3e du mois) 18h \u00e9glise Saint-Martin :<strong>\u00a0<\/strong><a href=\"https:\/\/rennes.catholique.fr\/actualite\/agenda-diocesain\/450402-messe-en-espagnol-misa-en-espanol-5\/\" target=\"_blank\" rel=\"noopener noreferrer\"><strong>Messe en espagnol<\/strong><\/a><strong>. Confessions\u00a0<\/strong>possibles \u00e0 partir de 17h30.<\/li>\n<li><strong>Mardi 20 janvier : Pas de messe \u00e0 Saint-Paul<\/strong> (18h30).<\/li>\n<li><strong>Tous les mercredis<\/strong> : 17h30 adoration eucharistique puis messe \u00e0 18h30 \u00e0 Saint-Paul \u2013 18h30 chapelet devant l\u2019\u00e9glise Saint-Martin.<\/li>\n<li id=\"isPasted\"><strong>Mercredi 21 janvier<\/strong> 20h30 salle paroissiale Saint-Paul : <strong>R\u00e9union des \u00e9quipes liturgiques.\u00a0<\/strong>Ouverte \u00e0 ceux qui souhaiteraient s\u2019int\u00e9grer \u00e0 ce service de pr\u00e9paration des messes dominicales.<\/li>\n<li><strong>Jeudi\u00a0<\/strong>18h45 chapelle de la Maison Dioc\u00e9saine : <strong>Messe avec les s\u00e9minaristes<\/strong> et leurs professeurs.<\/li>\n<li>Les <a href=\"https:\/\/petitessoeursdespauvres.org\/\" target=\"_blank\" rel=\"noopener noreferrer\"><strong>Petites S\u0153urs des Pauvres<\/strong><\/a> viendront qu\u00eater \u00e0 Saint-Martin et Saint-Paul les <strong>13 et 14 f\u00e9vrier<\/strong> prochain.<\/li>\n<\/ul>\n<p><strong>S\u0153ur Simone M\u00e9tivier,<\/strong> de la congr\u00e9gation des s\u0153urs de l\u2019Immacul\u00e9e, vient de quitter la paroisse, o\u00f9 elle r\u00e9sidait depuis 2012 apr\u00e8s avoir \u00e9t\u00e9 \u00e0 Saint-Luc pendant des d\u00e9cennies et travaill\u00e9 \u00e0 Sainte-Marie pour la comptabilit\u00e9. Elle a rejoint la maison m\u00e8re \u00e0 Saint-M\u00e9en ce jeudi 8 janvier.<\/p>\n<p><strong>Nos pr\u00eatres c\u00e9l\u00e8brent la messe tous les jours, en communion avec nous, et \u00e0 nos intentions<\/strong><\/p>\n<ul>\n<li>Samedi 17 janvier 18h Saint-Martin : Mr et Mme Andr\u00e9 et H\u00e9l\u00e8ne Menais+ et leur fille Solange+, Les s\u0153urs d\u00e9c\u00e9d\u00e9es de la communaut\u00e9 de l\u2019Immacul\u00e9e Conception<\/li>\n<li>Dimanche 18 janvier 10h30 Saint-Paul : Georges Norbert+, Mme Marie-Charlotte Goyer+, S\u0153ur Marie-Jo Malle+<\/li>\n<li>Jeudi 22 janvier 8h30 Saint-Martin : Mr Andr\u00e9 Collette+<\/li>\n<li id=\"isPasted\">Samedi 24 janvier 18h Saint-Martin : Mr Jean-Fran\u00e7ois Gu\u00e9rin+<\/li>\n<li id=\"isPasted\">Dimanche 25 janvier 10h30 Saint-Paul : Dominique Tellier+, Mr Jean Corre+<\/li>\n<\/ul>\n<p><strong>Obs\u00e8ques<\/strong><\/p>\n<ul>\n<li id=\"isPasted\"><strong>Mme Lucienne Ragot : lundi 12 janvier (Saint-Paul)<\/strong><\/li>\n<li id=\"isPasted\"><strong>Mme Marie-Claude Lefeuvre : vendredi 16 janvier (Saint-Martin)<\/strong><\/li>\n<li id=\"isPasted\">Mr Charles-Mary Pennec : lundi 19 janvier\u00a0(Saint-Paul 10h)<\/li>\n<li id=\"isPasted\">Mr Alfred Bricet : mardi 20 janvier (Saint-Paul 10h)<\/li>\n<li id=\"isPasted\">Mr Robert Gastineau : mercredi 21 janvier (Saint-Martin 14h)<\/li>\n<\/ul>\n<p>\u00a0<\/p>\n<p>\u2192 Dans le dioc\u00e8se, et au-del\u00e0\u2026<\/p>\n<p style=\"text-align: center\"><strong>Samedi 2 et dimanche 3 mai 2026<\/strong> Saint-Didier, Sanctuaire Notre-Dame de la Peini\u00e8re : <a href=\"https:\/\/stellamarisfestival.com\/\" target=\"_blank\" rel=\"noopener\"><strong>Festival chr\u00e9tien du Grand Ouest \u00ab\u00a0Stella Maris\u00a0\u00bb<\/strong><\/a>.<\/p>\n<p><img loading=\"lazy\" decoding=\"async\" class=\"aligncenter size-full wp-image-450100\" src=\"https:\/\/www.europesays.com\/fr\/wp-content\/uploads\/2026\/01\/stella-maris-visuel-horizontal.jpg\" alt=\"\" width=\"619\" height=\"345\"  \/><\/p>\n<p style=\"text-align: center\"><strong>Le\u00a0<\/strong><a href=\"https:\/\/stellamarisfestival.com\/\" target=\"_blank\" rel=\"noopener noreferrer\"><strong>Festival Stella Maris<\/strong><\/a><strong> c\u2019est le grand festival de musique chr\u00e9tienne du Grand Ouest.\u00a0<\/strong>Au programme :\u00a0Hopen, Praise, Be Witness, Les Guetteurs, Ipse, Emmanuel Music, Silo, DJ Vertical Shift, Yasmina Habra, LudjixBoyz, Cenacolo, Ezra Louange et plein d\u2019autres artistes ! 24h de musique non-stop au rythme du reggae, de la pop louange, du rap\u2026 pour la gloire de Dieu !\u00a0<strong>Prenez vos places d\u00e8s maintenant : 30% de r\u00e9duction jusqu\u2019au 31 janvier !<\/strong><\/p>\n<p><b>Du 18 au 25 janvier : <a href=\"https:\/\/rennes.catholique.fr\/actualite\/450008-semaine-de-priere-pour-lunite-des-chretiens-2026-en-ille-et-vilaine\/\" target=\"_blank\" rel=\"noopener\">Semaine de pri\u00e8re pour l\u2019Unit\u00e9 des chr\u00e9tiens 2026 en Ille-et-Vilaine<\/a><\/b>. Une occasion, dans le dioc\u00e8se de Rennes comme dans le monde entier, pour se rencontrer entre fr\u00e8res et s\u0153urs chr\u00e9tiens, et prier pour l\u2019Unit\u00e9 autour du Christ. Le programme en Ille-et-Vilaine.<\/p>\n<p><a href=\"https:\/\/rennes.catholique.fr\/actualite\/450008-semaine-de-priere-pour-lunite-des-chretiens-2026-en-ille-et-vilaine\/\" target=\"_blank\" rel=\"noopener\"><img loading=\"lazy\" decoding=\"async\" class=\"vc_single_image-img attachment-full aligncenter\" title=\"Bandeau re\u0301seausociaux SPUC 2026\" src=\"https:\/\/www.europesays.com\/fr\/wp-content\/uploads\/2026\/01\/bandeau-reseausociaux-spuc-2026.png\" alt=\"\" width=\"620\" height=\"236\"\/><\/a><\/p>\n<p><strong>Mercredis 21 et 28 janvier<\/strong> 20h30-22h\u00a0Youtube \/DiocesedeRennes35\u00a0:\u00a0<a href=\"https:\/\/rennes.catholique.fr\/actualite\/agenda-diocesain\/449835-temoignage-des-chretiens-dans-le-monde-daujourdhui-3-videos\/\" target=\"_blank\" rel=\"noopener noreferrer\"><strong>T\u00e9moignage des chr\u00e9tiens dans le monde d\u2019aujourd\u2019hui<\/strong><\/a>\u00a0(3 vid\u00e9os). L\u2019Institut de Formation Th\u00e9ologique organise une s\u00e9rie des Mercredis de l\u2019IFT pour (re)d\u00e9couvrir le D\u00e9cret sur l\u2019Apostolat des la\u00efcs (Apostolicam actuositatem), un texte essentiel du concile Vatican II. <strong id=\"isPasted\"><a class=\"link-icon\" href=\"https:\/\/www.youtube.com\/DiocesedeRennes35\" target=\"_blank\" rel=\"noopener\">Les vid\u00e9os seront mises en ligne sur la cha\u00eene YouTube du dioc\u00e8se<\/a>.<\/strong><\/p>\n<p><img loading=\"lazy\" decoding=\"async\" class=\"attachment-rect-620-349 wp-post-image aligncenter\" src=\"https:\/\/www.europesays.com\/fr\/wp-content\/uploads\/2026\/01\/mercredis-de-lift-620x349.jpg\" alt=\"\" width=\"261\" height=\"147\"\/><\/p>\n<p><strong>A partir du 22 janvier<\/strong> Rennes, Campus Frassati\u00a0:\u00a0<a href=\"https:\/\/rennes.catholique.fr\/actualite\/agenda-diocesain\/448370-alpha-campus\/\" target=\"_blank\" rel=\"noopener noreferrer\"><strong>Alpha Campus<\/strong><\/a>. Pour les 18\/25 ans. Alpha est un parcours de 9 soir\u00e9es + 1 week-end pour chacun, pour entendre et r\u00e9fl\u00e9chir sur le sens de sa vie, sa foi, sur Dieu. Soir\u00e9e d\u00e9couverte le <strong>jeudi 22 janvier<\/strong> avec repas, topo et discussions. Inscription obligatoire.<\/p>\n<p><img loading=\"lazy\" decoding=\"async\" class=\"attachment-rect-620-349 wp-post-image aligncenter\" src=\"https:\/\/www.europesays.com\/fr\/wp-content\/uploads\/2026\/01\/parcoursalpha-flyer-coup-620x349.jpg\" alt=\"\" width=\"261\" height=\"147\"\/><\/p>\n<p><strong>Samedi 24 janvier\u00a0<\/strong>10h-15h Vezin-le-Coquet, Maison de Montign\u00e9, 9 rue Font de Montign\u00e9 :<strong>\u00a0<\/strong><a href=\"https:\/\/rennes.catholique.fr\/actualite\/agenda-diocesain\/443727-stop-je-me-pose-un-temps-avec-le-seigneur-3\/\" target=\"_blank\" rel=\"noopener noreferrer\"><strong>Stop ! Je me pose avec le Seigneur<\/strong><\/a>. Des journ\u00e9es de pause humaine et spirituelle, ouvertes \u00e0 tous et sans inscriptions. Par le Service dioc\u00e9sain de Formation des la\u00efcs et le mouvement <a href=\"https:\/\/www.cvxfrance.com\/\" target=\"_blank\" rel=\"noopener\"><strong>CVX<\/strong><\/a>.<\/p>\n<p><img loading=\"lazy\" decoding=\"async\" class=\"attachment-rect-620-349 wp-post-image aligncenter\" src=\"https:\/\/www.europesays.com\/fr\/wp-content\/uploads\/2026\/01\/stop-je-me-pose.png\" alt=\"\" width=\"261\" height=\"147\"\/><\/p>\n<p><strong>Dimanche 25 janvier<\/strong> Sanctuaire Notre-Dame de la Peini\u00e8re : <a href=\"https:\/\/www.diocese35.fr\/sanctuaire\/la-peiniere\/\" target=\"_blank\" rel=\"noopener\"><strong>\u00c9vangile gestu\u00e9<\/strong><\/a>.<\/p>\n<p><strong><a href=\"https:\/\/www.diocese35.fr\/sanctuaire\/la-peiniere\/\" target=\"_blank\" rel=\"noopener\"><img loading=\"lazy\" decoding=\"async\" class=\"aligncenter wp-image-449674\" src=\"https:\/\/www.europesays.com\/fr\/wp-content\/uploads\/2025\/12\/evangile-gestue.jpeg\" alt=\"\" width=\"290\" height=\"406\"  \/><\/a><\/strong><\/p>\n<p><strong>Mardi 27 janvier\u00a0<\/strong>9h30-16h Rennes, Maison dioc\u00e9saine :<strong>\u00a0<\/strong><a href=\"https:\/\/rennes.catholique.fr\/actualite\/agenda-diocesain\/450209-formation-la-parole-gestuee\/\" target=\"_blank\" rel=\"noopener noreferrer\"><strong>Formation : la Parole gestu\u00e9e<\/strong><\/a>. \u200bCette formation invite \u00e0 vivre et transmettre la Parole de Dieu de mani\u00e8re incarn\u00e9e, vivante et expressive. Elle s\u2019adresse \u00e0 toute personne engag\u00e9e dans l\u2019animation liturgique, la cat\u00e9ch\u00e8se, ou la pastorale de la sant\u00e9. Inscription obligatoire.<\/p>\n<p><img loading=\"lazy\" decoding=\"async\" class=\"attachment-rect-620-349 wp-post-image aligncenter\" src=\"https:\/\/www.europesays.com\/fr\/wp-content\/uploads\/2026\/01\/parole-gestuee-formation-janv-2026-v.jpg\" alt=\"\" width=\"259\" height=\"146\"\/><\/p>\n<p><strong>Dimanche 1er f\u00e9vrier\u00a0<\/strong>16h Rennes, cath\u00e9drale Saint-Pierre\u00a0:<strong>\u00a0<\/strong><a href=\"https:\/\/rennes.catholique.fr\/actualite\/agenda-diocesain\/450118-journee-de-la-vie-consacree-3\/\" target=\"_blank\" rel=\"noopener noreferrer\"><strong>Journ\u00e9e de la vie consacr\u00e9e<\/strong><\/a>. C\u00e9l\u00e9bration pr\u00e9sid\u00e9e par Mgr d\u2019Ornellas des Premi\u00e8res v\u00eapres de la Pr\u00e9sentation du Seigneur.\u00a0Le matin dans les paroisses : participation des consacr\u00e9s aux messes paroissiales, t\u00e9moignages\u2026<\/p>\n<p><img loading=\"lazy\" decoding=\"async\" class=\"attachment-rect-620-349 wp-post-image aligncenter\" src=\"https:\/\/www.europesays.com\/fr\/wp-content\/uploads\/2026\/01\/fete-de-la-presentation-vie-consacree.png\" alt=\"\" width=\"260\" height=\"146\"\/><\/p>\n<p>\u00a0<\/p>\n<p><img loading=\"lazy\" decoding=\"async\" class=\"aligncenter size-full wp-image-333310\" src=\"https:\/\/www.europesays.com\/fr\/wp-content\/uploads\/2025\/04\/Ligne-galets.jpg\" alt=\"galet\" width=\"526\" height=\"35\"  \/><\/p>\n","protected":false},"excerpt":{"rendered":"Voici l\u2019Agneau de Dieu, qui enl\u00e8ve le p\u00e9ch\u00e9 du monde (Jean 1, 29-34) \u00a0 \u2192 Vie de la&hellip;\n","protected":false},"author":2,"featured_media":668573,"comment_status":"","ping_status":"","sticky":false,"template":"","format":"standard","meta":{"footnotes":""},"categories":[2821],"tags":[1111,11,829,1777,674,1011,27,12,584,25],"class_list":{"0":"post-668572","1":"post","2":"type-post","3":"status-publish","4":"format-standard","5":"has-post-thumbnail","7":"category-rennes","8":"tag-actu","9":"tag-actualites","10":"tag-bretagne","11":"tag-eu","12":"tag-europe","13":"tag-fr","14":"tag-france","15":"tag-news","16":"tag-rennes","17":"tag-republique-francaise"},"share_on_mastodon":{"url":"https:\/\/pubeurope.com\/@fr\/115906900861234735","error":""},"_links":{"self":[{"href":"https:\/\/www.europesays.com\/fr\/wp-json\/wp\/v2\/posts\/668572","targetHints":{"allow":["GET"]}}],"collection":[{"href":"https:\/\/www.europesays.com\/fr\/wp-json\/wp\/v2\/posts"}],"about":[{"href":"https:\/\/www.europesays.com\/fr\/wp-json\/wp\/v2\/types\/post"}],"author":[{"embeddable":true,"href":"https:\/\/www.europesays.com\/fr\/wp-json\/wp\/v2\/users\/2"}],"replies":[{"embeddable":true,"href":"https:\/\/www.europesays.com\/fr\/wp-json\/wp\/v2\/comments?post=668572"}],"version-history":[{"count":0,"href":"https:\/\/www.europesays.com\/fr\/wp-json\/wp\/v2\/posts\/668572\/revisions"}],"wp:featuredmedia":[{"embeddable":true,"href":"https:\/\/www.europesays.com\/fr\/wp-json\/wp\/v2\/media\/668573"}],"wp:attachment":[{"href":"https:\/\/www.europesays.com\/fr\/wp-json\/wp\/v2\/media?parent=668572"}],"wp:term":[{"taxonomy":"category","embeddable":true,"href":"https:\/\/www.europesays.com\/fr\/wp-json\/wp\/v2\/categories?post=668572"},{"taxonomy":"post_tag","embeddable":true,"href":"https:\/\/www.europesays.com\/fr\/wp-json\/wp\/v2\/tags?post=668572"}],"curies":[{"name":"wp","href":"https:\/\/api.w.org\/{rel}","templated":true}]}}