{"id":668576,"date":"2026-01-16T21:29:23","date_gmt":"2026-01-16T21:29:23","guid":{"rendered":"https:\/\/www.europesays.com\/fr\/668576\/"},"modified":"2026-01-16T21:29:23","modified_gmt":"2026-01-16T21:29:23","slug":"oberhausbergen-il-se-meprend-sur-lintention-de-visiteurs-et-sort-une-arme","status":"publish","type":"post","link":"https:\/\/www.europesays.com\/fr\/668576\/","title":{"rendered":"Oberhausbergen. Il se m\u00e9prend sur l\u2019intention de visiteurs et sort\u2026 une arme"},"content":{"rendered":"<p>Il s\u2019est m\u00e9pris sur les intentions des personnes qui se pr\u00e9sentaient \u00e0 son domicile et a sorti\u2026 une arme. Pour ma\u00eetriser cet octog\u00e9naire, une dizaine de gendarmes de la compagnie de Strasbourg sont intervenus. Les faits se sont d\u00e9roul\u00e9s mercredi 14\u00a0janvier vers 15\u00a0h, \u00e0 Oberhausbergen, rue Hofacker. <\/p>\n<p>Les riverains ont \u00e9t\u00e9 emp\u00each\u00e9s de regagner leur domicile durant une heure environ. La personne a \u00e9t\u00e9 plac\u00e9e courtement en garde \u00e0 vue pour \u00eatre entendue, une enqu\u00eate est en cours. L\u2019arme \u00e9tait d\u00e9tenue l\u00e9galement.<\/p>\n","protected":false},"excerpt":{"rendered":"Il s\u2019est m\u00e9pris sur les intentions des personnes qui se pr\u00e9sentaient \u00e0 son domicile et a sorti\u2026 une&hellip;\n","protected":false},"author":2,"featured_media":668577,"comment_status":"","ping_status":"","sticky":false,"template":"","format":"standard","meta":{"footnotes":""},"categories":[2820],"tags":[1111,11,2649,1777,674,274,107,1011,27,775,12,25,640],"class_list":{"0":"post-668576","1":"post","2":"type-post","3":"status-publish","4":"format-standard","5":"has-post-thumbnail","7":"category-strasbourg","8":"tag-actu","9":"tag-actualites","10":"tag-bas-rhin","11":"tag-eu","12":"tag-europe","13":"tag-faits-divers-justice","14":"tag-fil-info","15":"tag-fr","16":"tag-france","17":"tag-grand-est","18":"tag-news","19":"tag-republique-francaise","20":"tag-strasbourg"},"share_on_mastodon":{"url":"https:\/\/pubeurope.com\/@fr\/115906908393605324","error":""},"_links":{"self":[{"href":"https:\/\/www.europesays.com\/fr\/wp-json\/wp\/v2\/posts\/668576","targetHints":{"allow":["GET"]}}],"collection":[{"href":"https:\/\/www.europesays.com\/fr\/wp-json\/wp\/v2\/posts"}],"about":[{"href":"https:\/\/www.europesays.com\/fr\/wp-json\/wp\/v2\/types\/post"}],"author":[{"embeddable":true,"href":"https:\/\/www.europesays.com\/fr\/wp-json\/wp\/v2\/users\/2"}],"replies":[{"embeddable":true,"href":"https:\/\/www.europesays.com\/fr\/wp-json\/wp\/v2\/comments?post=668576"}],"version-history":[{"count":0,"href":"https:\/\/www.europesays.com\/fr\/wp-json\/wp\/v2\/posts\/668576\/revisions"}],"wp:featuredmedia":[{"embeddable":true,"href":"https:\/\/www.europesays.com\/fr\/wp-json\/wp\/v2\/media\/668577"}],"wp:attachment":[{"href":"https:\/\/www.europesays.com\/fr\/wp-json\/wp\/v2\/media?parent=668576"}],"wp:term":[{"taxonomy":"category","embeddable":true,"href":"https:\/\/www.europesays.com\/fr\/wp-json\/wp\/v2\/categories?post=668576"},{"taxonomy":"post_tag","embeddable":true,"href":"https:\/\/www.europesays.com\/fr\/wp-json\/wp\/v2\/tags?post=668576"}],"curies":[{"name":"wp","href":"https:\/\/api.w.org\/{rel}","templated":true}]}}