{"id":668580,"date":"2026-01-16T21:31:11","date_gmt":"2026-01-16T21:31:11","guid":{"rendered":"https:\/\/www.europesays.com\/fr\/668580\/"},"modified":"2026-01-16T21:31:11","modified_gmt":"2026-01-16T21:31:11","slug":"le-patron-des-commercants-de-cagnes-sur-mer-rejoint-la-liste-du-candidat-rn-bryan-masson","status":"publish","type":"post","link":"https:\/\/www.europesays.com\/fr\/668580\/","title":{"rendered":"le patron des commer\u00e7ants de Cagnes-sur-Mer rejoint la liste du candidat RN Bryan Masson"},"content":{"rendered":"<p class=\"fs-5 \">C\u2019est un nouveau ralliement de poids. <strong>Alex Khalil<\/strong>, figure des commer\u00e7ants cagnois, a d\u00e9cid\u00e9 de s\u2019engager sur la liste de <strong>Bryan Masson<\/strong>, candidat du <strong>Rassemblement national<\/strong> aux \u00e9lections municipales des <strong>15\u00a0et 22\u00a0mars 2026<\/strong>\u00a0\u00e0 Cagnes-sur-Mer.<\/p>\n<p class=\"fs-5 \">Le pr\u00e9sident de la f\u00e9d\u00e9ration des associations des commer\u00e7ants et artisans depuis 2020\u00a0quitte donc ses fonctions. \u00ab On lui doit notamment la n\u00e9gociation d\u2019une subvention annuelle de <strong>40.000\u00a0euros<\/strong> vers\u00e9e par <strong>Polygone Riviera[1]<\/strong> pour soutenir le commerce de proximit\u00e9 \u00bb, raconte Bryan Masson. \u00ab Je suis un citoyen engag\u00e9 qui a \u0153uvr\u00e9 pour l\u2019\u00e9conomie locale. C\u2019est une suite logique de mon parcours \u00bb, explique Alex Khalil, <strong>futur adjoint \u00e0 l\u2019Attractivit\u00e9<\/strong> en cas de victoire.<\/p>\n<p>                                                                                \u00ab Nous ne renouvellerons pas la d\u00e9l\u00e9gation de service public avec Indigo \u00bb<\/p>\n<p class=\"fs-5 \">Le point saillant du programme de la liste <strong>RN-UDR<\/strong> (Union des droites pour la R\u00e9publique) aux \u00e9lections municipales en mati\u00e8re d\u2019attractivit\u00e9\u00a0: le <strong>stationnement<\/strong>. \u00ab Nous prenons l\u2019engagement que nous ne renouvellerons pas la d\u00e9l\u00e9gation de service public avec <strong>Indigo<\/strong> \u00e0 la fin de l\u2019ann\u00e9e 2026, mart\u00e8le Bryan Masson. L\u2019objectif est de passer en <strong>r\u00e9gie municipale<\/strong> pour une gestion plus humaine. \u00bb<\/p>\n<p class=\"fs-5 \">D\u2019autres mesures sont avanc\u00e9es par le candidat\u00a0: \u00ab Une <strong>heure de gratuit\u00e9<\/strong> de stationnement dans toute la ville. (&#8230;) La fin des zones de couleurs pour une <strong>zone unique simplifi\u00e9e<\/strong>. (&#8230;) Une tol\u00e9rance accrue pour les d\u00e9passements de quelques minutes. \u00bb<\/p>\n<p>        <img src=\"https:\/\/www.europesays.com\/fr\/wp-content\/uploads\/2026\/01\/1768599071_37_fe1282d_upload-from-url-1-hm5e3ozioiul-data-art-16938926.jpg\"   loading=\"lazy\" decoding=\"async\" alt=\"De gauche \u00e0 droite : Marie Rofidal, Pierrette Alberici, Bryan Masson et Carine Papy. \" class=\"img-fluid position-absolute w-100 object-fit-cover rounded-2\" width=\"600\" height=\"400\"\/><\/p>\n<p>                                                                                \u00ab Des boutiques coup de pouce \u00bb<\/p>\n<p class=\"fs-5 \">Au-del\u00e0 du stationnement, le programme du candidat RN mise sur des aides aux entrepreneurs. Alex Khalil souhaite mettre en place des \u00ab <strong>boutiques coup de pouce<\/strong> \u00bb.<\/p>\n<p class=\"fs-5 \">Ce dispositif permettrait \u00e0 la Ville, propri\u00e9taire de locaux, de les louer \u00e0 des <strong>loyers mod\u00e9r\u00e9s<\/strong> pendant un ou deux ans pour permettre \u00e0 de jeunes commer\u00e7ants de s\u2019installer. \u00ab Les premi\u00e8res ann\u00e9es sont toujours difficiles. Il faut que la Municipalit\u00e9 investisse dans des surfaces commerciales pour <strong>bloquer les loyers<\/strong> \u00bb, indique Bryan Masson.<\/p>\n<p class=\"fs-5 \">Pour accompagner ces porteurs de projets, \u00ab un <strong>guichet municipal permanent<\/strong> sera cr\u00e9\u00e9 pour conseiller et guider les chefs d\u2019entreprise dans leurs d\u00e9marches administratives, en lien avec les chambres consulaires \u00bb. L\u2019ex-pr\u00e9sident de la f\u00e9d\u00e9ration des associations des commer\u00e7ants et artisans propose \u00e9galement la cr\u00e9ation d\u2019un \u00ab <strong>p\u00f4le d\u2019animation commerciale<\/strong> \u00bb.<\/p>\n<p class=\"fs-5 \">\u00ab Nous allons nous d\u00e9mener pour trouver des entreprises qui viennent investir, <strong>embaucher des Cagnois<\/strong> et dynamiser notre commune \u00bb, invoque Bryan Masson. Alex Khalil compte \u00ab se d\u00e9placer personnellement pour <strong>d\u00e9marcher les entreprises r\u00e9gionales<\/strong> et faciliter leur installation. Il faut \u00eatre \u00e0 l\u2019\u00e9coute de leurs besoins et s\u2019adapter pour leur permettre de venir chez nous \u00bb.<\/p>\n<p class=\"fs-5 \">1. Rebaptis\u00e9 Shopping Promenade Riviera en novembre 2024.<\/p>\n","protected":false},"excerpt":{"rendered":"C\u2019est un nouveau ralliement de poids. Alex Khalil, figure des commer\u00e7ants cagnois, a d\u00e9cid\u00e9 de s\u2019engager sur la&hellip;\n","protected":false},"author":2,"featured_media":668581,"comment_status":"","ping_status":"","sticky":false,"template":"","format":"standard","meta":{"footnotes":""},"categories":[2819],"tags":[1111,11,1777,674,1011,27,3434,12,2401,882,25],"class_list":{"0":"post-668580","1":"post","2":"type-post","3":"status-publish","4":"format-standard","5":"has-post-thumbnail","7":"category-nice","8":"tag-actu","9":"tag-actualites","10":"tag-eu","11":"tag-europe","12":"tag-fr","13":"tag-france","14":"tag-municipales-2026","15":"tag-news","16":"tag-nice","17":"tag-provence-alpes-cote-dazur","18":"tag-republique-francaise"},"share_on_mastodon":{"url":"https:\/\/pubeurope.com\/@fr\/115906916187833550","error":""},"_links":{"self":[{"href":"https:\/\/www.europesays.com\/fr\/wp-json\/wp\/v2\/posts\/668580","targetHints":{"allow":["GET"]}}],"collection":[{"href":"https:\/\/www.europesays.com\/fr\/wp-json\/wp\/v2\/posts"}],"about":[{"href":"https:\/\/www.europesays.com\/fr\/wp-json\/wp\/v2\/types\/post"}],"author":[{"embeddable":true,"href":"https:\/\/www.europesays.com\/fr\/wp-json\/wp\/v2\/users\/2"}],"replies":[{"embeddable":true,"href":"https:\/\/www.europesays.com\/fr\/wp-json\/wp\/v2\/comments?post=668580"}],"version-history":[{"count":0,"href":"https:\/\/www.europesays.com\/fr\/wp-json\/wp\/v2\/posts\/668580\/revisions"}],"wp:featuredmedia":[{"embeddable":true,"href":"https:\/\/www.europesays.com\/fr\/wp-json\/wp\/v2\/media\/668581"}],"wp:attachment":[{"href":"https:\/\/www.europesays.com\/fr\/wp-json\/wp\/v2\/media?parent=668580"}],"wp:term":[{"taxonomy":"category","embeddable":true,"href":"https:\/\/www.europesays.com\/fr\/wp-json\/wp\/v2\/categories?post=668580"},{"taxonomy":"post_tag","embeddable":true,"href":"https:\/\/www.europesays.com\/fr\/wp-json\/wp\/v2\/tags?post=668580"}],"curies":[{"name":"wp","href":"https:\/\/api.w.org\/{rel}","templated":true}]}}