{"id":668584,"date":"2026-01-16T21:34:15","date_gmt":"2026-01-16T21:34:15","guid":{"rendered":"https:\/\/www.europesays.com\/fr\/668584\/"},"modified":"2026-01-16T21:34:15","modified_gmt":"2026-01-16T21:34:15","slug":"mort-daboubacar-fofana-a-nantes-en-2018-le-policier-auteur-du-tir-condamne-a-sept-ans-de-prison-ferme","status":"publish","type":"post","link":"https:\/\/www.europesays.com\/fr\/668584\/","title":{"rendered":"Mort d\u2019Aboubacar Fofana \u00e0 Nantes en 2018\u00a0: le policier auteur du tir condamn\u00e9 \u00e0 sept ans de prison ferme"},"content":{"rendered":"<p class=\"paragraph text_align_left lp-f-body-02\">Rejetant la th\u00e8se du tir accidentel d\u00e9fendue par l\u2019accus\u00e9, la cour criminelle de Loire-Atlantique a condamn\u00e9 vendredi <a href=\"https:\/\/www.leparisien.fr\/faits-divers\/mort-d-aboubakar-fofana-le-policier-qui-a-tire-place-en-garde-a-vue-05-07-2018-7808445.php\" target=\"_blank\" rel=\"noreferrer noopener\">un policier<\/a>, d\u00e9sormais \u00e0 la retraite, \u00e0 sept ans de prison ferme pour avoir tir\u00e9 sur <a href=\"https:\/\/www.leparisien.fr\/faits-divers\/aboubakar-22-ans-tue-par-la-police-a-nantes-04-07-2018-7807398.php\" target=\"_blank\" rel=\"noreferrer noopener\">Aboubacar Fofana, 22 ans<\/a>, lors d\u2019un contr\u00f4le \u00e0 Nantes en 2018.<\/p>\n<p class=\"\">La cour, allant bien au-del\u00e0 des r\u00e9quisitions du minist\u00e8re public, a assorti la peine d\u2019un mandat de d\u00e9p\u00f4t, synonyme d\u2019une incarc\u00e9ration imm\u00e9diate.<\/p>\n<p class=\"\">Me Laurent-Franck Li\u00e9nard, avocat de la d\u00e9fense, a aussit\u00f4t annonc\u00e9 faire appel de cette d\u00e9cision. \u00ab C\u2019est totalement inhumain. Je n\u2019ai m\u00eame pas les mots \u00bb, a-t-il d\u00e9clar\u00e9 devant la presse apr\u00e8s le verdict.<\/p>\n<p class=\"\">L\u2019avocat g\u00e9n\u00e9ral, \u00e9cartant lui aussi la th\u00e8se de l\u2019accident, avait r\u00e9clam\u00e9 dans la matin\u00e9e une peine de quatre ans de prison dont deux avec sursis.<\/p>\n<p class=\"lp-card-podcast-highlighting__title  lp-f-subtitle-05\">[2\/2] Affaire \u00c9velyne Boucher\u00a0: deux d\u00e9cennies pour \u00e9tablir la v\u00e9rit\u00e9<\/p>\n<p><a class=\"lp-card-podcast-highlighting__call-to-action\" data-page-type=\"HP\" data-block-name=\"podcast-highlight\">\u00c9couter<\/a>Une justice \u00ab \u00e0 la hauteur \u00bb<\/p>\n<p class=\"\">\u00ab On a le sentiment que la justice est pass\u00e9e. On a le sentiment d\u2019avoir \u00e9t\u00e9 entendus et on a le sentiment que la justice a r\u00e9pondu \u00e0 la hauteur de la gravit\u00e9 des faits \u00bb, a d\u00e9clar\u00e9 Me Anne Bouillon, avocate de la famille de la victime, partie civile au proc\u00e8s.<\/p>\n<p class=\"\">Vendredi matin, elle s\u2019\u00e9tait adress\u00e9e \u00e0 l\u2019ancien policier, aujourd\u2019hui \u00e0 la retraite : \u00ab Je crois que vous avez manqu\u00e9 de courage. C\u2019est cela qui vous emp\u00eache de reconna\u00eetre que l\u2019espace d\u2019un instant, vous avez fait volontairement usage de votre arme. \u00bb<\/p>\n<p class=\"\">Apr\u00e8s avoir \u00e9voqu\u00e9 la l\u00e9gitime d\u00e9fense lors de sa premi\u00e8re audition, le policier a affirm\u00e9 tout au long de l\u2019enqu\u00eate <a href=\"https:\/\/www.leparisien.fr\/faits-divers\/jeune-tue-a-nantes-vers-une-mise-en-examen-du-policier-tireur-06-07-2018-7810152.php\" target=\"_blank\" rel=\"noreferrer noopener\">que le tir \u00e9tait parti accidentellement<\/a> alors qu\u2019il \u00e9tait pench\u00e9 dans la voiture d\u2019Aboubacar Fofana, tentant de l\u2019arr\u00eater. Il a finalement d\u00e9clar\u00e9 mercredi <a href=\"https:\/\/www.leparisien.fr\/faits-divers\/mort-daboubacar-a-nantes-en-2018-le-policier-juge-change-sa-version-initiale-mais-soutient-l-accident-dramatique-14-01-2026-SSR55AIRXJFJBPDW2D257F33VY.php\" target=\"_blank\" rel=\"noreferrer noopener\">que le tir \u00e9tait parti apr\u00e8s ce \u00ab corps \u00e0 corps \u00bb<\/a> alors qu\u2019il se tenait \u00e0 l\u2019ext\u00e9rieur du v\u00e9hicule. L\u2019expert balistique et le m\u00e9decin l\u00e9giste se sont toujours accord\u00e9s sur le fait que le tireur se trouvait \u00e0 l\u2019ext\u00e9rieur.<\/p>\n<p>Un autre policier \u00e9voque une \u00ab bavure \u00bb<\/p>\n<p class=\"\">Lors de sa plaidoirie, Me Anne Bouillon a remerci\u00e9 un fonctionnaire de police entendu jeudi, pr\u00e9sent au moment des faits, qui a \u00e9voqu\u00e9 pour la premi\u00e8re fois la \u00ab bavure \u00bb de son coll\u00e8gue, aujourd\u2019hui \u00e0 la retraite.<\/p>\n<p class=\"\">Alors brigadier-chef membre d\u2019une compagnie de CRS, le policier \u00e9tait jug\u00e9 pour des violences ayant entra\u00een\u00e9 la mort sans intention de la donner lors d\u2019un contr\u00f4le dans le quartier nantais du Breil en juillet 2018.<\/p>\n<p class=\"\">Au volant d\u2019une voiture, Aboubacar Fofana, qui se trouve sous le coup d\u2019un mandat d\u2019arr\u00eat, donne une fausse identit\u00e9. Lorsque les policiers lui font savoir qu\u2019ils vont le conduire au commissariat, le jeune homme fuit en marche arri\u00e8re, percutant un v\u00e9hicule gar\u00e9 avant de \u00ab rebondir \u00bb vers l\u2019avant puis de repartir en arri\u00e8re. Tous les t\u00e9moins ne s\u2019accordent pas sur le moment pr\u00e9cis du tir. Touch\u00e9 par balle au cou, le jeune homme est mort \u00e0 l\u2019h\u00f4pital.<\/p>\n<p>Une mort qui avait caus\u00e9 des \u00e9meutes<\/p>\n<p class=\"\">L\u2019ancien policier, jusque-l\u00e0 \u00ab \u00e9panoui \u00bb dans un m\u00e9tier qu\u2019il a qualifi\u00e9 lors du proc\u00e8s de \u00ab vocation \u00bb, avait \u00e9cop\u00e9 quelques mois apr\u00e8s les faits d\u2019une sanction administrative.<\/p>\n<p class=\"\">Avocat de la partie civile, Me Franck Boezec avait demand\u00e9 vendredi \u00e0 la cour de \u00ab respecter le principe d\u2019\u00e9galit\u00e9 \u00bb en jugeant l\u2019ancien policier. \u00ab Il n\u2019y a pas d\u2019un c\u00f4t\u00e9 les privil\u00e9gi\u00e9s de la justice et de l\u2019autre les citoyens de seconde zone \u00bb, a-t-il plaid\u00e9.<\/p>\n<p class=\"\">En 2018, la mort d\u2019Aboubacar Fofana, originaire de r\u00e9gion parisienne et en visite \u00e0 Nantes, avait provoqu\u00e9 plusieurs nuits de tension <a href=\"https:\/\/www.leparisien.fr\/faits-divers\/jeune-tue-a-nantes-le-quartier-du-breil-demande-justice-pour-abou-05-07-2018-7808793.php\" target=\"_blank\" rel=\"noreferrer noopener\">dans les quartiers du Breil et de Bellevue<\/a> ainsi qu\u2019\u00e0 Orvault et Rez\u00e9, communes limitrophes de Nantes.<\/p>\n","protected":false},"excerpt":{"rendered":"Rejetant la th\u00e8se du tir accidentel d\u00e9fendue par l\u2019accus\u00e9, la cour criminelle de Loire-Atlantique a condamn\u00e9 vendredi un&hellip;\n","protected":false},"author":2,"featured_media":668585,"comment_status":"","ping_status":"","sticky":false,"template":"","format":"standard","meta":{"footnotes":""},"categories":[2818],"tags":[1111,11,459,1777,674,118,1011,27,766,12,2636,25],"class_list":{"0":"post-668584","1":"post","2":"type-post","3":"status-publish","4":"format-standard","5":"has-post-thumbnail","7":"category-nantes","8":"tag-actu","9":"tag-actualites","10":"tag-departements-horsidfo","11":"tag-eu","12":"tag-europe","13":"tag-faits-divers","14":"tag-fr","15":"tag-france","16":"tag-nantes","17":"tag-news","18":"tag-pays-de-la-loire","19":"tag-republique-francaise"},"share_on_mastodon":{"url":"https:\/\/pubeurope.com\/@fr\/115906927910540493","error":""},"_links":{"self":[{"href":"https:\/\/www.europesays.com\/fr\/wp-json\/wp\/v2\/posts\/668584","targetHints":{"allow":["GET"]}}],"collection":[{"href":"https:\/\/www.europesays.com\/fr\/wp-json\/wp\/v2\/posts"}],"about":[{"href":"https:\/\/www.europesays.com\/fr\/wp-json\/wp\/v2\/types\/post"}],"author":[{"embeddable":true,"href":"https:\/\/www.europesays.com\/fr\/wp-json\/wp\/v2\/users\/2"}],"replies":[{"embeddable":true,"href":"https:\/\/www.europesays.com\/fr\/wp-json\/wp\/v2\/comments?post=668584"}],"version-history":[{"count":0,"href":"https:\/\/www.europesays.com\/fr\/wp-json\/wp\/v2\/posts\/668584\/revisions"}],"wp:featuredmedia":[{"embeddable":true,"href":"https:\/\/www.europesays.com\/fr\/wp-json\/wp\/v2\/media\/668585"}],"wp:attachment":[{"href":"https:\/\/www.europesays.com\/fr\/wp-json\/wp\/v2\/media?parent=668584"}],"wp:term":[{"taxonomy":"category","embeddable":true,"href":"https:\/\/www.europesays.com\/fr\/wp-json\/wp\/v2\/categories?post=668584"},{"taxonomy":"post_tag","embeddable":true,"href":"https:\/\/www.europesays.com\/fr\/wp-json\/wp\/v2\/tags?post=668584"}],"curies":[{"name":"wp","href":"https:\/\/api.w.org\/{rel}","templated":true}]}}