{"id":668608,"date":"2026-01-16T21:48:18","date_gmt":"2026-01-16T21:48:18","guid":{"rendered":"https:\/\/www.europesays.com\/fr\/668608\/"},"modified":"2026-01-16T21:48:18","modified_gmt":"2026-01-16T21:48:18","slug":"la-justice-francaise-a-saisi-pres-dun-milliard-deuros-depuis-le-debut-de-la-guerre-en-ukraine","status":"publish","type":"post","link":"https:\/\/www.europesays.com\/fr\/668608\/","title":{"rendered":"la justice fran\u00e7aise a saisi pr\u00e8s d\u2019un milliard d\u2019euros depuis le d\u00e9but de la guerre en Ukraine"},"content":{"rendered":"<p>                     <img loading=\"lazy\" decoding=\"async\" src=\"https:\/\/www.europesays.com\/fr\/wp-content\/uploads\/2026\/01\/097ad19_upload-1-berkydp85q1b-sipa-01153216-000013.jpg\" alt=\"Le pr\u00e9sident du conseil d\u2019administration de Gazprombank, Andre\u00ef Akimov, \u00e0 Moscou (Russie) le 9\u00a0avril 2024.\"   width=\"664\" height=\"443\"\/>    Le pr\u00e9sident du conseil d\u2019administration de Gazprombank, Andre\u00ef Akimov, \u00e0 Moscou (Russie) le 9\u00a0avril 2024.  DMITRY ASTAKHOV\/SPUTNIK\/SIPA                 <\/p>\n<p class=\"article__paragraph  \">Le chiffre est impressionnant et augmente sans cesse. Selon un comptage a minima r\u00e9alis\u00e9 par Le Monde en rassemblant diverses sources d\u2019information, dont des chiffres du parquet de Paris, la justice fran\u00e7aise a appr\u00e9hend\u00e9 \u00e0 ce jour au moins 973\u00a0millions d\u2019euros de patrimoine possiblement mal acquis d\u2019oligarques proches du pouvoir de Moscou et susceptibles d\u2019avoir commis des d\u00e9lits lors de ces op\u00e9rations.<\/p>\n<p>   Lire plus tard  <\/p>\n<p class=\"article__paragraph  \">Cette op\u00e9ration est le fruit d\u2019une mise en ordre de bataille des magistrats sur ce point depuis <a target=\"_blank\" href=\"https:\/\/www.lemonde.fr\/crise-ukrainienne\/\" rel=\"noopener\">l\u2019invasion de l\u2019Ukraine par la Russie en f\u00e9vrier\u00a02022<\/a>. Fer de lance de cette strat\u00e9gie, la section financi\u00e8re de la juridiction de lutte contre la criminalit\u00e9 organis\u00e9e (Junalco) au sein du parquet de Paris a r\u00e9alis\u00e9 l\u2019essentiel des saisies\u00a0: \u00ab\u00a0352,2\u00a0millions de saisies de biens immobiliers\u00a0\u00bb et \u00ab\u00a0580,8\u00a0millions d\u2019euros de saisies en comptes bancaires, cr\u00e9ances, et produits financiers\u00a0\u00bb, pr\u00e9cise au Monde le parquet de Paris. Une partie importante de ces saisies \u2013 532,9\u00a0millions d\u2019euros \u2013 a \u00e9t\u00e9 gel\u00e9e \u00e0 l\u2019\u00e9tranger \u00e0 la demande de ces magistrats parisiens sp\u00e9cialis\u00e9s dans la lutte contre la criminalit\u00e9 organis\u00e9e financi\u00e8re.<\/p>\n<p class=\"reading-mode-only \"><strong>Il vous reste 75.69% de cet article \u00e0 lire. La suite est r\u00e9serv\u00e9e aux abonn\u00e9s.<\/strong><\/p>\n","protected":false},"excerpt":{"rendered":"Le pr\u00e9sident du conseil d\u2019administration de Gazprombank, Andre\u00ef Akimov, \u00e0 Moscou (Russie) le 9\u00a0avril 2024. DMITRY ASTAKHOV\/SPUTNIK\/SIPA Le&hellip;\n","protected":false},"author":2,"featured_media":668609,"comment_status":"","ping_status":"","sticky":false,"template":"","format":"standard","meta":{"footnotes":""},"categories":[1888],"tags":[1111,1928,11,1927,1777,674,1011,27,12,1926,626,1925,25],"class_list":{"0":"post-668608","1":"post","2":"type-post","3":"status-publish","4":"format-standard","5":"has-post-thumbnail","7":"category-paris","8":"tag-actu","9":"tag-actu-paris","10":"tag-actualites","11":"tag-actualites-paris","12":"tag-eu","13":"tag-europe","14":"tag-fr","15":"tag-france","16":"tag-news","17":"tag-news-paris","18":"tag-paris","19":"tag-paris-news","20":"tag-republique-francaise"},"share_on_mastodon":{"url":"https:\/\/pubeurope.com\/@fr\/115906983043244057","error":""},"_links":{"self":[{"href":"https:\/\/www.europesays.com\/fr\/wp-json\/wp\/v2\/posts\/668608","targetHints":{"allow":["GET"]}}],"collection":[{"href":"https:\/\/www.europesays.com\/fr\/wp-json\/wp\/v2\/posts"}],"about":[{"href":"https:\/\/www.europesays.com\/fr\/wp-json\/wp\/v2\/types\/post"}],"author":[{"embeddable":true,"href":"https:\/\/www.europesays.com\/fr\/wp-json\/wp\/v2\/users\/2"}],"replies":[{"embeddable":true,"href":"https:\/\/www.europesays.com\/fr\/wp-json\/wp\/v2\/comments?post=668608"}],"version-history":[{"count":0,"href":"https:\/\/www.europesays.com\/fr\/wp-json\/wp\/v2\/posts\/668608\/revisions"}],"wp:featuredmedia":[{"embeddable":true,"href":"https:\/\/www.europesays.com\/fr\/wp-json\/wp\/v2\/media\/668609"}],"wp:attachment":[{"href":"https:\/\/www.europesays.com\/fr\/wp-json\/wp\/v2\/media?parent=668608"}],"wp:term":[{"taxonomy":"category","embeddable":true,"href":"https:\/\/www.europesays.com\/fr\/wp-json\/wp\/v2\/categories?post=668608"},{"taxonomy":"post_tag","embeddable":true,"href":"https:\/\/www.europesays.com\/fr\/wp-json\/wp\/v2\/tags?post=668608"}],"curies":[{"name":"wp","href":"https:\/\/api.w.org\/{rel}","templated":true}]}}