{"id":668610,"date":"2026-01-16T21:49:30","date_gmt":"2026-01-16T21:49:30","guid":{"rendered":"https:\/\/www.europesays.com\/fr\/668610\/"},"modified":"2026-01-16T21:49:30","modified_gmt":"2026-01-16T21:49:30","slug":"hollywood-vampires-en-concert-a-ladidas-arena-de-paris-en-aout-2026-news-rockurlife","status":"publish","type":"post","link":"https:\/\/www.europesays.com\/fr\/668610\/","title":{"rendered":"Hollywood Vampires : en concert \u00e0 l&rsquo;Adidas Arena de Paris en ao\u00fbt 2026 ! &#8211; News &#8211; RockUrLife"},"content":{"rendered":"<p>Apr\u00e8s pr\u00e8s de trois ans d\u2019absence sur les routes europ\u00e9ennes, <strong>Hollywood Vampires<\/strong> sortira enfin de son cercueil pour renouer avec la sc\u00e8ne fran\u00e7aise. Le supergroupe rock se produira cet \u00e9t\u00e9 \u00e0<strong> l\u2019Adidas Arena<\/strong>, une annonce qui devrait ravir les amateurs de rock classique, d\u2019\u00e9nergie brute et de casting hors normes !<\/p>\n<p>Form\u00e9 autour de figures l\u00e9gendaires, <strong>Hollywood Vampires<\/strong> r\u00e9unit <strong>Alice Cooper<\/strong>, <strong>Johnny Depp<\/strong>, <strong>Joe Perry<\/strong> et <strong>Tommy Henriksen<\/strong> au sein d\u2019un projet pens\u00e9 comme un hommage vibrant aux h\u00e9ros disparus du rock. Depuis ses d\u00e9buts, le groupe s\u2019est forg\u00e9 une solide r\u00e9putation sc\u00e9nique, entre reprises habit\u00e9es, compositions originales et communion avec un public conquis par cette c\u00e9l\u00e9bration \u00e9lectrique de l\u2019esprit rock n\u2019roll.<\/p>\n<p>La tourn\u00e9e annonc\u00e9e marquera leur grand retour au <strong>Royaume-Uni<\/strong> et en <strong>Europe<\/strong>, avec des invit\u00e9s de choix selon les territoires. Sur les dates britanniques, le groupe sera accompagn\u00e9 par <strong>The Jesus And Mary Chain<\/strong> et <strong>The Damned<\/strong>, tandis que d\u2019autres noms seront d\u00e9voil\u00e9s ult\u00e9rieurement pour les concerts europ\u00e9ens. Le groupe promet d\u00e9j\u00e0 des foules survolt\u00e9es, une \u00e9nergie massive et des soir\u00e9es inoubliables, fid\u00e8le \u00e0 la d\u00e9mesure qui caract\u00e9rise chacune de ses apparitions.<\/p>\n<p>C\u00f4t\u00e9 billetterie, une pr\u00e9vente artiste sera accessible d\u00e8s le mardi 20 janvier \u00e0 10h, suivie de l\u2019ouverture g\u00e9n\u00e9rale des ventes le vendredi 23 janvier \u00e0 10h dans les points de vente habituels. Des packages VIP exclusifs seront \u00e9galement propos\u00e9s sur certaines dates, de quoi transformer cette messe rock en exp\u00e9rience encore plus m\u00e9morable pour les fans les plus fid\u00e8les.<\/p>\n<p>Avec cette date parisienne tr\u00e8s attendue, <strong>Hollywood Vampires<\/strong> confirme son statut de supergroupe taill\u00e9 pour la sc\u00e8ne et les grandes retrouvailles. Le 26 ao\u00fbt 2026 s\u2019annonce d\u00e9j\u00e0 comme une soir\u00e9e plac\u00e9e sous le signe du rock sans \u00e2ge, th\u00e9\u00e2tral et f\u00e9d\u00e9rateur, o\u00f9 l\u2019h\u00e9ritage et l\u2019adr\u00e9naline ne feront qu\u2019un. Une occasion rare de voir ces ic\u00f4nes r\u00e9unies, pr\u00eates \u00e0 rappeler que le rock, lui, ne meurt jamais.<\/p>\n<p><img loading=\"lazy\" decoding=\"async\" width=\"768\" height=\"1024\" src=\"https:\/\/www.europesays.com\/fr\/wp-content\/uploads\/2026\/01\/616196198_1348989173942119_6872667256665400532_n-768x1024.jpg\" alt=\"\" class=\"wp-image-230374\"\/><\/p>\n","protected":false},"excerpt":{"rendered":"Apr\u00e8s pr\u00e8s de trois ans d\u2019absence sur les routes europ\u00e9ennes, Hollywood Vampires sortira enfin de son cercueil pour&hellip;\n","protected":false},"author":2,"featured_media":668611,"comment_status":"","ping_status":"","sticky":false,"template":"","format":"standard","meta":{"footnotes":""},"categories":[1888],"tags":[1111,1928,11,1927,19014,1777,674,1011,27,76872,12,1926,626,1925,25],"class_list":{"0":"post-668610","1":"post","2":"type-post","3":"status-publish","4":"format-standard","5":"has-post-thumbnail","7":"category-paris","8":"tag-actu","9":"tag-actu-paris","10":"tag-actualites","11":"tag-actualites-paris","12":"tag-adidas-arena","13":"tag-eu","14":"tag-europe","15":"tag-fr","16":"tag-france","17":"tag-hollywood-vampires","18":"tag-news","19":"tag-news-paris","20":"tag-paris","21":"tag-paris-news","22":"tag-republique-francaise"},"share_on_mastodon":{"url":"https:\/\/pubeurope.com\/@fr\/115906986975186713","error":""},"_links":{"self":[{"href":"https:\/\/www.europesays.com\/fr\/wp-json\/wp\/v2\/posts\/668610","targetHints":{"allow":["GET"]}}],"collection":[{"href":"https:\/\/www.europesays.com\/fr\/wp-json\/wp\/v2\/posts"}],"about":[{"href":"https:\/\/www.europesays.com\/fr\/wp-json\/wp\/v2\/types\/post"}],"author":[{"embeddable":true,"href":"https:\/\/www.europesays.com\/fr\/wp-json\/wp\/v2\/users\/2"}],"replies":[{"embeddable":true,"href":"https:\/\/www.europesays.com\/fr\/wp-json\/wp\/v2\/comments?post=668610"}],"version-history":[{"count":0,"href":"https:\/\/www.europesays.com\/fr\/wp-json\/wp\/v2\/posts\/668610\/revisions"}],"wp:featuredmedia":[{"embeddable":true,"href":"https:\/\/www.europesays.com\/fr\/wp-json\/wp\/v2\/media\/668611"}],"wp:attachment":[{"href":"https:\/\/www.europesays.com\/fr\/wp-json\/wp\/v2\/media?parent=668610"}],"wp:term":[{"taxonomy":"category","embeddable":true,"href":"https:\/\/www.europesays.com\/fr\/wp-json\/wp\/v2\/categories?post=668610"},{"taxonomy":"post_tag","embeddable":true,"href":"https:\/\/www.europesays.com\/fr\/wp-json\/wp\/v2\/tags?post=668610"}],"curies":[{"name":"wp","href":"https:\/\/api.w.org\/{rel}","templated":true}]}}