{"id":668612,"date":"2026-01-16T21:50:13","date_gmt":"2026-01-16T21:50:13","guid":{"rendered":"https:\/\/www.europesays.com\/fr\/668612\/"},"modified":"2026-01-16T21:50:13","modified_gmt":"2026-01-16T21:50:13","slug":"quinte-du-samedi-17-janvier-2026-a-vincennes-les-pronostics","status":"publish","type":"post","link":"https:\/\/www.europesays.com\/fr\/668612\/","title":{"rendered":"Quint\u00e9 du samedi 17 janvier 2026 \u00e0 Vincennes : les pronostics"},"content":{"rendered":"<p class=\"article-p mdl\">Retrouvez les pronostics de Dominique Cordier pour le Quint\u00e9 du samedi 17 janvier 2026 \u00e0 Vincennes, le Prix de Granville. Trot attel\u00e9. <strong>D\u00e9part \u00e0 15h15. 14 partants.<\/strong> 2.700 m\u00e8tres. Grande piste. Trotteurs de 7 \u00e0 10 ans.&#13;<\/p>\n<p class=\"article-p mdl\">Honneur aux dames dans ce quint\u00e9, o\u00f9 le <strong>8 Jalendra de Malac<\/strong> tentera de devancer de nouveau le <strong>5 Jasmine de Vau<\/strong>.&#13;<\/p>\n<p class=\"article-p mdl\">Il n\u2019y a pas cher entre ses deux juments, mais la premi\u00e8re nomm\u00e9e a r\u00e9guli\u00e8rement battu la seconde nomm\u00e9es, \u00e0 deux reprises, de peu, certes, mais s\u00fbrement.&#13;<\/p>\n<p class=\"article-p mdl\">Le<strong> 6 Iron du Gers <\/strong>m\u00e9rite \u00e9videmment d\u2019\u00eatre retenu en d\u00e9pit de la pr\u00e9sence au d\u00e9part des trotteurs de 7 ans, tout comme le <strong>4 Inherit <\/strong>d\u2019ailleurs.&#13;<\/p>\n<p class=\"article-p mdl\">Puisque l\u2019on \u00e9voque les 7 ans, attention \u00e0 l\u2019outsider de RTL, le<strong> 13 Jason Ginyu<\/strong>, qui rentre, mais d\u00e9ferr\u00e9 des quatre pieds, \u00e0 la faveur de cet engagement superbe au plafond des gains.&#13;<\/p>\n<p class=\"article-p mdl\">Le <strong>1 Jolydole<\/strong> est la moins riche de la course, mais elle a brill\u00e9 en dernier lieu et semble avoir le vent dans le dos. On peut encore croire en ses chances ici.<\/p>\n<p>            Les pronostics<\/p>\n<p class=\"article-p mdl\">8. Jalendra de Malac&#13;<br \/>5. Jasmine de Vau&#13;<br \/>6. Iron du Gers&#13;<br \/>13. Jason Ginyu&#13;<br \/>11. Jeson Boy&#13;<br \/>4. Inherit&#13;<br \/>1. Jolydole<\/p>\n<p>    L&rsquo;outsider de RTL<\/p>\n<p class=\"article-p mdl\">13. Jason Ginyu<\/p>\n<p>    R\u00e9sultats du jeudi 15 janvier 2026 \u00e0 Vincennes<\/p>\n<p class=\"article-p mdl\">Le favori de RTL s\u2019impose, l\u2019outsider de RTL est 4e. La s\u00e9lection indique le Quart\u00e9.<\/p>\n<p>    La r\u00e9daction vous recommande<\/p>\n<p class=\"s-newsletter__title\">\n                L\u2019actualit\u00e9 par la r\u00e9daction de RTL dans votre bo\u00eete mail.\n            <\/p>\n<p class=\"s-newsletter__subtitle\">\n                Gr\u00e2ce \u00e0 votre compte RTL abonnez-vous \u00e0 la newsletter RTL info pour suivre toute l&rsquo;actualit\u00e9 au quotidien\n            <\/p>\n<p>\n                                    Lire la suite\n                                <\/p>\n","protected":false},"excerpt":{"rendered":"Retrouvez les pronostics de Dominique Cordier pour le Quint\u00e9 du samedi 17 janvier 2026 \u00e0 Vincennes, le Prix&hellip;\n","protected":false},"author":2,"featured_media":3836,"comment_status":"","ping_status":"","sticky":false,"template":"","format":"standard","meta":{"footnotes":""},"categories":[1888],"tags":[11,2622,1777,674,107,2619,1011,27,12,626,2623,25],"class_list":{"0":"post-668612","1":"post","2":"type-post","3":"status-publish","4":"format-standard","5":"has-post-thumbnail","7":"category-paris","8":"tag-actualites","9":"tag-courses","10":"tag-eu","11":"tag-europe","12":"tag-fil-info","13":"tag-fil-sport","14":"tag-fr","15":"tag-france","16":"tag-news","17":"tag-paris","18":"tag-quinte","19":"tag-republique-francaise"},"share_on_mastodon":{"url":"https:\/\/pubeurope.com\/@fr\/115906990831339048","error":""},"_links":{"self":[{"href":"https:\/\/www.europesays.com\/fr\/wp-json\/wp\/v2\/posts\/668612","targetHints":{"allow":["GET"]}}],"collection":[{"href":"https:\/\/www.europesays.com\/fr\/wp-json\/wp\/v2\/posts"}],"about":[{"href":"https:\/\/www.europesays.com\/fr\/wp-json\/wp\/v2\/types\/post"}],"author":[{"embeddable":true,"href":"https:\/\/www.europesays.com\/fr\/wp-json\/wp\/v2\/users\/2"}],"replies":[{"embeddable":true,"href":"https:\/\/www.europesays.com\/fr\/wp-json\/wp\/v2\/comments?post=668612"}],"version-history":[{"count":0,"href":"https:\/\/www.europesays.com\/fr\/wp-json\/wp\/v2\/posts\/668612\/revisions"}],"wp:featuredmedia":[{"embeddable":true,"href":"https:\/\/www.europesays.com\/fr\/wp-json\/wp\/v2\/media\/3836"}],"wp:attachment":[{"href":"https:\/\/www.europesays.com\/fr\/wp-json\/wp\/v2\/media?parent=668612"}],"wp:term":[{"taxonomy":"category","embeddable":true,"href":"https:\/\/www.europesays.com\/fr\/wp-json\/wp\/v2\/categories?post=668612"},{"taxonomy":"post_tag","embeddable":true,"href":"https:\/\/www.europesays.com\/fr\/wp-json\/wp\/v2\/tags?post=668612"}],"curies":[{"name":"wp","href":"https:\/\/api.w.org\/{rel}","templated":true}]}}