{"id":668613,"date":"2026-01-16T21:51:18","date_gmt":"2026-01-16T21:51:18","guid":{"rendered":"https:\/\/www.europesays.com\/fr\/668613\/"},"modified":"2026-01-16T21:51:18","modified_gmt":"2026-01-16T21:51:18","slug":"direct-ligue-1-paris-sg-2-0-lille","status":"publish","type":"post","link":"https:\/\/www.europesays.com\/fr\/668613\/","title":{"rendered":"DIRECT &#8211; Ligue 1 : Paris SG 2-0 Lille"},"content":{"rendered":"<p>\u00c0 la 13e minute, Demb\u00e9l\u00e9 est venu punir le LOSC qui s&rsquo;\u00e9tait pourtant procur\u00e9 les meilleures occasions en tout d\u00e9but de rencontre. Le Ballon d&rsquo;Or 2025 a doubl\u00e9 la mise \u00e0 la 64e sur un lob.<\/p>\n<p><strong>Ce choc est \u00e9videmment \u00e0 suivre en direct sur Ici Nord avec les commentaires de Thomas Palmier depuis le Parc des Princes.<\/strong><\/p>\n<p>loading<\/p>\n<p>Benjamin Andr\u00e9 \u00e0 l&rsquo;infirmerie, Fernandez-Pardo pas dans le groupe<\/p>\n<p>Qui plus est, Lille va devoir faire sans son taulier. <strong>Le capitaine Benjamin Andr\u00e9, sorti sur blessure \u00e0 la 57e minute face \u00e0 Lyon, est touch\u00e9 \u00e0 l&rsquo;\u00e9paule et est absent du voyage dans la capitale<\/strong>. Aucune date de retour n&rsquo;a \u00e9t\u00e9 communiqu\u00e9 par le LOSC. Au milieu de terrain, Andr\u00e9 Gomes manque \u00e9galement \u00e0 l&rsquo;appel. Verdonk et Tour\u00e9 compl\u00e8tent l&rsquo;infirmerie. Et, \u00e0 la surprise g\u00e9n\u00e9rale, <strong>Mathias Fernandez-Pardo ne fait pas partie du groupe<\/strong> de 21 joueurs convoqu\u00e9s \u00e0 Paris. Aucune raison n&rsquo;a \u00e9t\u00e9 mentionn\u00e9e par le club.<\/p>\n<p>\u00c0 lire aussi   <img decoding=\"async\" src=\"https:\/\/www.europesays.com\/fr\/wp-content\/uploads\/2026\/01\/1768493770_668_400x400.jpeg\" alt=\"\" style=\"--_image-preview:url('data:image\/jpeg;base64,\/9j\/2wBDACgcHiMeGSgjISMtKygwPGRBPDc3PHtYXUlkkYCZlo+AjIqgtObDoKrarYqMyP\/L2u71\/\/\/\/m8H\/\/\/\/6\/+b9\/\/j\/2wBDASstLTw1PHZBQXb4pYyl+Pj4+Pj4+Pj4+Pj4+Pj4+Pj4+Pj4+Pj4+Pj4+Pj4+Pj4+Pj4+Pj4+Pj4+Pj4+Pj4+Pj\/wAARCAAXACoDASIAAhEBAxEB\/8QAGAAAAwEBAAAAAAAAAAAAAAAAAAIDBAH\/xAAXEAEBAQEAAAAAAAAAAAAAAAAAAgER\/8QAFgEBAQEAAAAAAAAAAAAAAAAAAgED\/8QAFREBAQAAAAAAAAAAAAAAAAAAAAH\/2gAMAwEAAhEDEQA\/AM8NMazQvGpSi3U713pL1CRtI96Qgp5XkBKsN0laAhIUQAmdf\/\/Z');\" loading=\"lazy\" fetchpriority=\"low\" aria-hidden=\"true\" class=\"svelte-1cksh76 rounded\" onload=\"this.__e=event\" onerror=\"this.__e=event\"\/> <\/p>\n<p>loading<\/p>\n<p>loading<\/p>\n<p>loading<\/p>\n","protected":false},"excerpt":{"rendered":"\u00c0 la 13e minute, Demb\u00e9l\u00e9 est venu punir le LOSC qui s&rsquo;\u00e9tait pourtant procur\u00e9 les meilleures occasions en&hellip;\n","protected":false},"author":2,"featured_media":668614,"comment_status":"","ping_status":"","sticky":false,"template":"","format":"standard","meta":{"footnotes":""},"categories":[1888],"tags":[11,1777,674,1011,27,12,626,25],"class_list":{"0":"post-668613","1":"post","2":"type-post","3":"status-publish","4":"format-standard","5":"has-post-thumbnail","7":"category-paris","8":"tag-actualites","9":"tag-eu","10":"tag-europe","11":"tag-fr","12":"tag-france","13":"tag-news","14":"tag-paris","15":"tag-republique-francaise"},"share_on_mastodon":{"url":"https:\/\/pubeurope.com\/@fr\/115906994770183097","error":""},"_links":{"self":[{"href":"https:\/\/www.europesays.com\/fr\/wp-json\/wp\/v2\/posts\/668613","targetHints":{"allow":["GET"]}}],"collection":[{"href":"https:\/\/www.europesays.com\/fr\/wp-json\/wp\/v2\/posts"}],"about":[{"href":"https:\/\/www.europesays.com\/fr\/wp-json\/wp\/v2\/types\/post"}],"author":[{"embeddable":true,"href":"https:\/\/www.europesays.com\/fr\/wp-json\/wp\/v2\/users\/2"}],"replies":[{"embeddable":true,"href":"https:\/\/www.europesays.com\/fr\/wp-json\/wp\/v2\/comments?post=668613"}],"version-history":[{"count":0,"href":"https:\/\/www.europesays.com\/fr\/wp-json\/wp\/v2\/posts\/668613\/revisions"}],"wp:featuredmedia":[{"embeddable":true,"href":"https:\/\/www.europesays.com\/fr\/wp-json\/wp\/v2\/media\/668614"}],"wp:attachment":[{"href":"https:\/\/www.europesays.com\/fr\/wp-json\/wp\/v2\/media?parent=668613"}],"wp:term":[{"taxonomy":"category","embeddable":true,"href":"https:\/\/www.europesays.com\/fr\/wp-json\/wp\/v2\/categories?post=668613"},{"taxonomy":"post_tag","embeddable":true,"href":"https:\/\/www.europesays.com\/fr\/wp-json\/wp\/v2\/tags?post=668613"}],"curies":[{"name":"wp","href":"https:\/\/api.w.org\/{rel}","templated":true}]}}