{"id":668627,"date":"2026-01-16T21:58:28","date_gmt":"2026-01-16T21:58:28","guid":{"rendered":"https:\/\/www.europesays.com\/fr\/668627\/"},"modified":"2026-01-16T21:58:28","modified_gmt":"2026-01-16T21:58:28","slug":"lunion-europeenne-et-les-pays-du-mercosur-sappretent-a-signer-laccord","status":"publish","type":"post","link":"https:\/\/www.europesays.com\/fr\/668627\/","title":{"rendered":"L\u2019Union europ\u00e9enne et les pays du Mercosur s\u2019appr\u00eatent \u00e0 signer l\u2019accord"},"content":{"rendered":"<p>L\u2019Union europ\u00e9enne et le Mercosur s\u2019appr\u00eatent \u00e0 signer samedi 17\u00a0janvier 2026\u00a0un accord commercial, dans les tuyaux depuis plus de 25 ans. Certaines fili\u00e8res, les producteurs de bovins, de volailles, vont se retrouver p\u00e9nalis\u00e9s. Pour d\u2019autres, comme la viticulture, ce trait\u00e9 leur sera favorable.<\/p>\n<p>La Commission europ\u00e9enne n\u00e9gocie cet accord depuis 1999 avec les membres fondateurs du Mercosur (Argentine, Br\u00e9sil, Uruguay et Paraguay). Vendredi \u00e0 Bruxelles, une majorit\u00e9 d\u2019Etats europ\u00e9ens a soutenu le trait\u00e9, malgr\u00e9 l\u2019opposition de plusieurs pays dont la France.\u00a0Ensemble, les deux blocs repr\u00e9sentent 30\u00a0% du PIB mondial et comptent plus de 700\u00a0millions de consommateurs.<\/p>\n<p>Un \u00ab\u00a0jour historique pour le multilat\u00e9ralisme\u00a0\u00bb<\/p>\n<p>La signature aura lieu dans la capitale du Paraguay, pays qui a la pr\u00e9sidence tournante du bloc sud-am\u00e9ricain. Avant Asuncion, la pr\u00e9sidente de la Commission europ\u00e9enne, Ursula von der Leyen, se rendra d\u2019abord \u00e0 Rio de Janeiro vendredi 16\u00a0janvier 2026\u00a0avec Antonio Costa, le pr\u00e9sident du Conseil europ\u00e9en.<\/p>\n<p>Luiz Inacio Lula da Silva, qui a jou\u00e9 un r\u00f4le crucial dans l\u2019avanc\u00e9e du trait\u00e9 mais n\u2019a pas r\u00e9ussi \u00e0 le faire signer en d\u00e9cembre au Br\u00e9sil, n\u2019a pas confirm\u00e9 sa pr\u00e9sence au Paraguay.\u00a0Le pr\u00e9sident br\u00e9silien a toutefois salu\u00e9 vendredi dernier un \u00ab\u00a0jour historique pour le multilat\u00e9ralisme\u00a0\u00bb.\u00a0Le pr\u00e9sident du Paraguay, Santiago Pe\u00f1a, et son homologue uruguayen Yamandu Orsi assisteront \u00e0 la signature. Le pr\u00e9sident argentin Javier Milei pourrait \u00e9galement \u00eatre pr\u00e9sent.<\/p>\n<p>L\u2019Union europ\u00e9enne et le Mercosur s\u2019appr\u00eatent \u00e0 signer un accord commercial, dans les tuyaux depuis plus de 25 ans. Certaines fili\u00e8res, les producteurs de bovins, de volailles vont se retrouver p\u00e9nalis\u00e9s. Pour d\u2019autres, comme la viticulture, ce trait\u00e9 leur sera favorable.<\/p>\n<p>\u00ab\u00a0Pour l\u2019Union europ\u00e9enne, c\u2019est une mani\u00e8re de renforcer son autonomie\u00a0\u00bb<\/p>\n<p>Pour le Br\u00e9sil, premi\u00e8re \u00e9conomie d\u2019Am\u00e9rique latine, ce trait\u00e9 \u00ab\u00a0est essentiel afin de montrer qu\u2019il existe une troisi\u00e8me voie\u00a0\u00bb en plus des \u00c9tats-Unis et la Chine, souligne Luciana Ghiotto, docteure en sciences sociales de l\u2019Universit\u00e9 de Buenos Aires, interrog\u00e9e par l\u2019AFP.\u00a0Le retour de Donald Trump \u00e0 la Maison Blanche a donn\u00e9 un argument suppl\u00e9mentaire aux partisans de l\u2019accord.<\/p>\n<p>Ce trait\u00e9 \u00ab\u00a0est celui qui a pris le plus de temps de n\u00e9gociation au niveau mondial et la pr\u00e9cipitation pour le conclure est li\u00e9e au gouvernement de Donald Trump et \u00e0 l\u2019application massive de droits de douane\u00a0\u00bb sur les produits import\u00e9s par les \u00c9tats-Unis, rel\u00e8ve l\u2019experte.<\/p>\n<p>Les Vingt-Sept aussi y trouvent leur compte. \u00ab\u00a0Pour l\u2019Union europ\u00e9enne, c\u2019est une mani\u00e8re de renforcer son autonomie et sa place en tant qu\u2019acteur important \u00e0 l\u2019\u00e9chelle internationale\u00a0\u00bb, estime Alejandro Frenkel, politologue \u00e0 l\u2019Universit\u00e9 nationale de San Martin en Argentine. Selon lui, ce trait\u00e9 permet en outre au Mercosur de signaler \u00ab\u00a0une avanc\u00e9e dans un contexte de crise et de fragmentation interne\u00a0du bloc sud-am\u00e9ricain\u00a0\u00bb.<\/p>\n<p>Un trait\u00e9 qui suscite des d\u00e9saccords<\/p>\n<p>En supprimant une large part des droits de douane, l\u2019accord favorise les exportations europ\u00e9ennes de voitures, de machines, de vins et de fromages.\u00a0Dans le sens inverse, il facilite l\u2019entr\u00e9e en Europe de b\u0153uf, de volaille, sucre, riz, miel et soja sud-am\u00e9ricains, avec des quotas de produits d\u00e9tax\u00e9s qui alarment les fili\u00e8res concern\u00e9es. Pour ses d\u00e9tracteurs, ce trait\u00e9 va bousculer l\u2019agriculture europ\u00e9enne avec des produits moins chers et pas forc\u00e9ment respectueux des normes de l\u2019Union europ\u00e9enne, faute de contr\u00f4les suffisants.<\/p>\n<p>Pour ses partisans, il permettra au contraire de relancer une \u00e9conomie europ\u00e9enne \u00e0 la peine et de soigner les relations diplomatiques avec l\u2019Am\u00e9rique latine. Des milliers d\u2019agriculteurs ont manifest\u00e9 ces derniers jours en France, en Pologne, en Irlande ou encore en Belgique.\u00a0Dans l\u2019espoir d\u2019amadouer les agriculteurs, Bruxelles a encha\u00een\u00e9 les concessions ces derniers mois, dont des garanties renforc\u00e9es pour les produits les plus sensibles.<\/p>\n<p>Le gouvernement fran\u00e7ais, qui s\u2019est oppos\u00e9 \u00e0 l\u2019accord, a surmont\u00e9 le mercredi 14\u00a0janvier 2026\u00a0deux motions de censure d\u00e9pos\u00e9es \u00e0 l\u2019Assembl\u00e9e nationale par les partis de gauche radicale LFI et d\u2019extr\u00eame droite RN.\u00a0Apr\u00e8s la signature, le trait\u00e9 commercial devra encore \u00eatre ratifi\u00e9 par le Parlement europ\u00e9en. Le scrutin pourrait \u00eatre serr\u00e9, m\u00eame si une majorit\u00e9 semble favorable \u00e0 l\u2019accord.<\/p>\n<p>D\u00e8s le mercredi 21\u00a0janvier 2026, les eurod\u00e9put\u00e9s se prononceront sur une \u00e9ventuelle saisine de la justice contre cet accord, laquelle permettrait de d\u00e9caler de plusieurs mois sa ratification mais n\u2019emp\u00eacherait pas une \u00e9ventuelle application provisoire.<\/p>\n<p> Lucas Santerre, avec l&rsquo;AFP <\/p>\n","protected":false},"excerpt":{"rendered":"L\u2019Union europ\u00e9enne et le Mercosur s\u2019appr\u00eatent \u00e0 signer samedi 17\u00a0janvier 2026\u00a0un accord commercial, dans les tuyaux depuis plus&hellip;\n","protected":false},"author":2,"featured_media":668628,"comment_status":"","ping_status":"","sticky":false,"template":"","format":"standard","meta":{"footnotes":""},"categories":[1586],"tags":[11,1777,674,1779,1011,27,12,25,1778,364],"class_list":{"0":"post-668627","1":"post","2":"type-post","3":"status-publish","4":"format-standard","5":"has-post-thumbnail","7":"category-europe","8":"tag-actualites","9":"tag-eu","10":"tag-europe","11":"tag-european-union","12":"tag-fr","13":"tag-france","14":"tag-news","15":"tag-republique-francaise","16":"tag-ue","17":"tag-union-europeenne"},"share_on_mastodon":{"url":"https:\/\/pubeurope.com\/@fr\/115907022289093857","error":""},"_links":{"self":[{"href":"https:\/\/www.europesays.com\/fr\/wp-json\/wp\/v2\/posts\/668627","targetHints":{"allow":["GET"]}}],"collection":[{"href":"https:\/\/www.europesays.com\/fr\/wp-json\/wp\/v2\/posts"}],"about":[{"href":"https:\/\/www.europesays.com\/fr\/wp-json\/wp\/v2\/types\/post"}],"author":[{"embeddable":true,"href":"https:\/\/www.europesays.com\/fr\/wp-json\/wp\/v2\/users\/2"}],"replies":[{"embeddable":true,"href":"https:\/\/www.europesays.com\/fr\/wp-json\/wp\/v2\/comments?post=668627"}],"version-history":[{"count":0,"href":"https:\/\/www.europesays.com\/fr\/wp-json\/wp\/v2\/posts\/668627\/revisions"}],"wp:featuredmedia":[{"embeddable":true,"href":"https:\/\/www.europesays.com\/fr\/wp-json\/wp\/v2\/media\/668628"}],"wp:attachment":[{"href":"https:\/\/www.europesays.com\/fr\/wp-json\/wp\/v2\/media?parent=668627"}],"wp:term":[{"taxonomy":"category","embeddable":true,"href":"https:\/\/www.europesays.com\/fr\/wp-json\/wp\/v2\/categories?post=668627"},{"taxonomy":"post_tag","embeddable":true,"href":"https:\/\/www.europesays.com\/fr\/wp-json\/wp\/v2\/tags?post=668627"}],"curies":[{"name":"wp","href":"https:\/\/api.w.org\/{rel}","templated":true}]}}