{"id":66863,"date":"2025-05-01T12:22:07","date_gmt":"2025-05-01T12:22:07","guid":{"rendered":"https:\/\/www.europesays.com\/fr\/66863\/"},"modified":"2025-05-01T12:22:07","modified_gmt":"2025-05-01T12:22:07","slug":"10-choses-a-savoir-sur-iounous-bek-evkourov-le-bras-arme-de-poutine-pour-lafrique","status":"publish","type":"post","link":"https:\/\/www.europesays.com\/fr\/66863\/","title":{"rendered":"10 choses \u00e0 savoir sur Iounous-bek Evkourov, le bras arm\u00e9 de Poutine pour l\u2019Afrique"},"content":{"rendered":"<p>\t\t\t\t10 choses \u00e0 savoir<\/p>\n<p class=\"headline__lead text-18 leading-24 md:text-20 md:leading-26 mt-20\">\n\t\t\tEn quelques ann\u00e9es \u00e0 peine, le vice-ministre russe de la D\u00e9fense est devenu l\u2019un des hommes cl\u00e9s de la strat\u00e9gie de Moscou sur le continent. Il y rencontre chefs d\u2019\u00c9tat et ministres, s\u2019imposant comme le patron de Wagner et d\u2019Africa Corps mais aussi comme le principal repr\u00e9sentant de la diplomatie militaire du Kremlin.\n\t\t<\/p>\n","protected":false},"excerpt":{"rendered":"10 choses \u00e0 savoir En quelques ann\u00e9es \u00e0 peine, le vice-ministre russe de la D\u00e9fense est devenu l\u2019un&hellip;\n","protected":false},"author":2,"featured_media":66864,"comment_status":"","ping_status":"","sticky":false,"template":"","format":"standard","meta":{"footnotes":""},"categories":[1591],"tags":[16758,11,312,1887,8747,12,316,1885,1886,132,8746,135],"class_list":{"0":"post-66863","1":"post","2":"type-post","3":"status-publish","4":"format-standard","5":"has-post-thumbnail","7":"category-russie","8":"tag-10-choses-a-savoir","9":"tag-actualites","10":"tag-diplomatie","11":"tag-federation-de-russie","12":"tag-mathieu-olivier","13":"tag-news","14":"tag-politique","15":"tag-russia","16":"tag-russian-federation","17":"tag-russie","18":"tag-russie-afrique","19":"tag-vladimir-poutine"},"share_on_mastodon":{"url":"https:\/\/pubeurope.com\/@fr\/114432556627409352","error":""},"_links":{"self":[{"href":"https:\/\/www.europesays.com\/fr\/wp-json\/wp\/v2\/posts\/66863","targetHints":{"allow":["GET"]}}],"collection":[{"href":"https:\/\/www.europesays.com\/fr\/wp-json\/wp\/v2\/posts"}],"about":[{"href":"https:\/\/www.europesays.com\/fr\/wp-json\/wp\/v2\/types\/post"}],"author":[{"embeddable":true,"href":"https:\/\/www.europesays.com\/fr\/wp-json\/wp\/v2\/users\/2"}],"replies":[{"embeddable":true,"href":"https:\/\/www.europesays.com\/fr\/wp-json\/wp\/v2\/comments?post=66863"}],"version-history":[{"count":0,"href":"https:\/\/www.europesays.com\/fr\/wp-json\/wp\/v2\/posts\/66863\/revisions"}],"wp:featuredmedia":[{"embeddable":true,"href":"https:\/\/www.europesays.com\/fr\/wp-json\/wp\/v2\/media\/66864"}],"wp:attachment":[{"href":"https:\/\/www.europesays.com\/fr\/wp-json\/wp\/v2\/media?parent=66863"}],"wp:term":[{"taxonomy":"category","embeddable":true,"href":"https:\/\/www.europesays.com\/fr\/wp-json\/wp\/v2\/categories?post=66863"},{"taxonomy":"post_tag","embeddable":true,"href":"https:\/\/www.europesays.com\/fr\/wp-json\/wp\/v2\/tags?post=66863"}],"curies":[{"name":"wp","href":"https:\/\/api.w.org\/{rel}","templated":true}]}}