{"id":668631,"date":"2026-01-16T22:00:13","date_gmt":"2026-01-16T22:00:13","guid":{"rendered":"https:\/\/www.europesays.com\/fr\/668631\/"},"modified":"2026-01-16T22:00:13","modified_gmt":"2026-01-16T22:00:13","slug":"mon-plan-pour-la-justice-criminelle-va-permettre-de-diviser-par-deux-le-stock-de-dossiers","status":"publish","type":"post","link":"https:\/\/www.europesays.com\/fr\/668631\/","title":{"rendered":"\u00ab\u00a0Mon plan pour la justice criminelle va permettre de diviser par deux le stock de dossiers\u00a0\u00bb"},"content":{"rendered":"<p>                                                                                                                                                                                                                                                            <a href=\"https:\/\/video.lefigaro.fr\/figaro\/actualite-france\/la-justice-annule-le-chantier-controverse-de-la69-entre-toulouse-et-castres-20250227\" class=\"fig-ranking-profile-link\" data-fig-domain=\"LEFIGARO\" target=\"_blank\" rel=\"noopener\"><\/p>\n<p>        La justice annule le chantier controvers\u00e9 de l\u2019A69 entre Toulouse et Castres<\/p>\n<p>                                                <\/a><\/p>\n<p>        <img   class=\"fig-img fig-ranking-profile-media-small-picture__photo\" alt=\"La justice annule le chantier controvers\u00e9 de l\u2019A69 entre Toulouse et Castres\" height=\"1080\" width=\"1920\"\/><\/p>\n<p class=\"fig-ranking-profile-standfirst\">\n    Le tribunal administratif de Toulouse \u00e0 annul\u00e9 jeudi 27 f\u00e9vrier le chantier de l&rsquo;autoroute A69 Toulouse-Castres. Le chantier tr\u00e8s controvers\u00e9 s&rsquo;\u00e9tend d\u00e9j\u00e0 sur des dizaines de kilom\u00e8tres entre Toulouse et Castres.\n<\/p>\n<p>                                                                                                                                                                                                                                                            <a href=\"https:\/\/video.lefigaro.fr\/figaro\/actualite-france\/nouvelle-caledonie-lingerence-de-lazerbaidjan-nous-choque-profondement-fustige-gerald-darmanin-20240429\" class=\"fig-ranking-profile-link\" data-fig-domain=\"LEFIGARO\" target=\"_blank\" rel=\"noopener\"><\/p>\n<p>        Nouvelle-Cal\u00e9donie: \u00abL&rsquo;ing\u00e9rence\u00bb de l&rsquo;Azerba\u00efdjan \u00abnous choque profond\u00e9ment\u00bb, fustige G\u00e9rald Darmanin<\/p>\n<p>                                                <\/a><\/p>\n<p>        <img   class=\"fig-img fig-ranking-profile-media-small-picture__photo\" alt=\"Nouvelle-Cal\u00e9donie: \u00abL'ing\u00e9rence\u00bb de l'Azerba\u00efdjan \u00abnous choque profond\u00e9ment\u00bb, fustige G\u00e9rald Darmanin\" height=\"1080\" width=\"1920\"\/><\/p>\n<p class=\"fig-ranking-profile-standfirst\">\n    Le ministre de l&rsquo;Int\u00e9rieur a d\u00e9nonc\u00e9 lundi 29 avril devant la Commission des lois de l&rsquo;Assembl\u00e9e nationale \u00abl&rsquo;ing\u00e9rence extr\u00eamement n\u00e9faste\u00bb de l&rsquo;Azerba\u00efdjan apr\u00e8s la signature d&rsquo;un m\u00e9morandum de coop\u00e9ration entre le Congr\u00e8s de Nouvelle-Cal\u00e9donie et l&rsquo;Assembl\u00e9e nationale de Bakou. \u00abIl ne m&rsquo;avait pas paru \u00e9vident que l&rsquo;Azerba\u00efdjan avait un int\u00e9r\u00eat \u00e9conomique, politique, culturel ou sportif dans le Pacifique Sud\u00bb, a ironis\u00e9 G\u00e9rald Darmanin, qualifiant ce partenariat d&rsquo;\u00abopportuniste\u00bb.\n<\/p>\n<p>                                                                                                                                                                                                                                                            <a href=\"https:\/\/www.lefigaro.fr\/actualite-france\/les-services-de-l-etat-sont-debordes-la-guyane-porte-beante-de-l-immigration-illegale-en-europe-20251104\" class=\"fig-ranking-profile-link\" aria-label=\"\u00ab\u00a0Les services de l\u2019\u00c9tat sont d\u00e9bord\u00e9s\u00a0\u00bb\u00a0:\u00a0la Guyane, porte b\u00e9ante de l\u2019immigration ill\u00e9gale en Europe (article Premium)\" title=\"\u00ab\u00a0Les services de l\u2019\u00c9tat sont d\u00e9bord\u00e9s\u00a0\u00bb\u00a0:\u00a0la Guyane, porte b\u00e9ante de l\u2019immigration ill\u00e9gale en Europe (article Premium)\" data-fig-domain=\"LEFIGARO\" target=\"_blank\" rel=\"noopener\"><\/p>\n<p>        \u00ab\u00a0Les services de l\u2019\u00c9tat sont d\u00e9bord\u00e9s\u00a0\u00bb\u00a0:\u00a0la Guyane, porte b\u00e9ante de l\u2019immigration ill\u00e9gale en Europe<\/p>\n<p>                                                <\/a><\/p>\n<p>        <img   class=\"fig-img fig-ranking-profile-media-small-picture__photo\" alt=\"\u00ab\u00a0Les services de l\u2019\u00c9tat sont d\u00e9bord\u00e9s\u00a0\u00bb\u00a0:\u00a0la Guyane, porte b\u00e9ante de l\u2019immigration ill\u00e9gale en Europe\" height=\"1603\" width=\"2850\"\/><\/p>\n<p class=\"fig-ranking-profile-standfirst\">\n    <strong>REPORTAGE &#8211; <\/strong>De Cayenne \u00e0 Saint-Laurent-du-Maroni, les flux d\u2019immigration clandestine drainent des populations en provenance du Suriname, du Guyana, du Br\u00e9sil, de Cuba ou du chaudron ha\u00eftien.<\/p>\n","protected":false},"excerpt":{"rendered":"La justice annule le chantier controvers\u00e9 de l\u2019A69 entre Toulouse et Castres Le tribunal administratif de Toulouse \u00e0&hellip;\n","protected":false},"author":2,"featured_media":668632,"comment_status":"","ping_status":"","sticky":false,"template":"","format":"standard","meta":{"footnotes":""},"categories":[2],"tags":[11,1011,27,432,303,12,25],"class_list":{"0":"post-668631","1":"post","2":"type-post","3":"status-publish","4":"format-standard","5":"has-post-thumbnail","7":"category-actualites","8":"tag-actualites","9":"tag-fr","10":"tag-france","11":"tag-gerald-darmanin","12":"tag-justice","13":"tag-news","14":"tag-republique-francaise"},"share_on_mastodon":{"url":"https:\/\/pubeurope.com\/@fr\/115907030130803921","error":""},"_links":{"self":[{"href":"https:\/\/www.europesays.com\/fr\/wp-json\/wp\/v2\/posts\/668631","targetHints":{"allow":["GET"]}}],"collection":[{"href":"https:\/\/www.europesays.com\/fr\/wp-json\/wp\/v2\/posts"}],"about":[{"href":"https:\/\/www.europesays.com\/fr\/wp-json\/wp\/v2\/types\/post"}],"author":[{"embeddable":true,"href":"https:\/\/www.europesays.com\/fr\/wp-json\/wp\/v2\/users\/2"}],"replies":[{"embeddable":true,"href":"https:\/\/www.europesays.com\/fr\/wp-json\/wp\/v2\/comments?post=668631"}],"version-history":[{"count":0,"href":"https:\/\/www.europesays.com\/fr\/wp-json\/wp\/v2\/posts\/668631\/revisions"}],"wp:featuredmedia":[{"embeddable":true,"href":"https:\/\/www.europesays.com\/fr\/wp-json\/wp\/v2\/media\/668632"}],"wp:attachment":[{"href":"https:\/\/www.europesays.com\/fr\/wp-json\/wp\/v2\/media?parent=668631"}],"wp:term":[{"taxonomy":"category","embeddable":true,"href":"https:\/\/www.europesays.com\/fr\/wp-json\/wp\/v2\/categories?post=668631"},{"taxonomy":"post_tag","embeddable":true,"href":"https:\/\/www.europesays.com\/fr\/wp-json\/wp\/v2\/tags?post=668631"}],"curies":[{"name":"wp","href":"https:\/\/api.w.org\/{rel}","templated":true}]}}