{"id":668633,"date":"2026-01-16T22:01:12","date_gmt":"2026-01-16T22:01:12","guid":{"rendered":"https:\/\/www.europesays.com\/fr\/668633\/"},"modified":"2026-01-16T22:01:12","modified_gmt":"2026-01-16T22:01:12","slug":"rappel-produit-ces-fruits-secs-vendus-partout-en-france-contiennent-une-toxine-invisible-verifiez-vos-placards-durgence","status":"publish","type":"post","link":"https:\/\/www.europesays.com\/fr\/668633\/","title":{"rendered":"Rappel produit : ces fruits secs vendus partout en France contiennent une toxine invisible, v\u00e9rifiez vos placards d&rsquo;urgence"},"content":{"rendered":"<p>Les figues s\u00e9ch\u00e9es ont tout pour plaire : faciles \u00e0 grignoter,<br \/>\npratiques pour sucrer un muesli ou donner du relief \u00e0 un tajine.<br \/>\nMais un lot pr\u00e9cis de <strong>figues s\u00e9ch\u00e9es Lerida<\/strong> fait<br \/>\nl\u2019objet d\u2019un <strong>rappel produit<\/strong> \u00e0 cause d\u2019un risque<br \/>\nd\u2019intoxication li\u00e9 \u00e0 des toxines invisibles. L\u2019alerte a \u00e9t\u00e9 publi\u00e9e<br \/>\nsur la plateforme officielle Rappel Conso, qui recense les produits<br \/>\nretir\u00e9s des rayons en France.<\/p>\n<p>Rappel Conso met \u00e0 jour chaque jour son site avec les r\u00e9f\u00e9rences<br \/>\nalimentaires et non alimentaires retir\u00e9es des magasins, afin que<br \/>\nles consommateurs puissent rep\u00e9rer rapidement un produit signal\u00e9<br \/>\npar les autorit\u00e9s sanitaires. Une r\u00e9cente fiche cible des figues<br \/>\ns\u00e9ch\u00e9es vendues dans de nombreux points de vente, notamment dans le<br \/>\nsud du pays, pour une contamination par des mycotoxines. Avant de<br \/>\nd\u00e9cider quoi faire, il faut d\u2019abord v\u00e9rifier si votre barquette<br \/>\nfait partie du lot concern\u00e9. Un simple coup d\u2019\u0153il \u00e0 l\u2019\u00e9tiquette<br \/>\npeut faire toute la diff\u00e9rence.<\/p>\n<p>Rappel figues s\u00e9ch\u00e9es Lerida AREV : le lot \u00e0 identifier<\/p>\n<p>Le rappel vise des figues s\u00e9ch\u00e9es de calibre 8, vari\u00e9t\u00e9 Lerida,<br \/>\nde la <strong>marque AREV<\/strong>. Elles sont conditionn\u00e9es en<br \/>\nbarquette de 500 g, \u00e0 conserver \u00e0 temp\u00e9rature ambiante. Ces fruits<br \/>\nont \u00e9t\u00e9 distribu\u00e9s dans des petits supermarch\u00e9s de quartier, des<br \/>\nprimeurs et des \u00e9piceries, avec des ventes signal\u00e9es notamment \u00e0<br \/>\nPerpignan, Marseille, Ajaccio, Draguignan, Nice, Cavaillon,<br \/>\nBrignoles ou encore Valence, mais la fiche de rappel mentionne une<br \/>\ncommercialisation sur la France enti\u00e8re. Les barquettes ont \u00e9t\u00e9<br \/>\npropos\u00e9es en rayon entre le 27 octobre 2025 et le 31 d\u00e9cembre<br \/>\n2026.<\/p>\n<p>Pour savoir si votre produit est concern\u00e9, comparez les \u00e9l\u00e9ments<br \/>\nsuivants avec ceux indiqu\u00e9s sur votre emballage :<\/p>\n<ul>\n<li>GTIN : <strong>3700066101624<\/strong><\/li>\n<li>Lot : <strong>090162191-11-116<\/strong><\/li>\n<li>Date limite de consommation (DLC) : 31\/12\/2026<\/li>\n<li>P\u00e9riode de commercialisation : du 27\/10\/2025 au 31\/12\/2026<\/li>\n<\/ul>\n<p>Ces mentions figurent pr\u00e8s du code-barres ou de la DLC ; si<br \/>\nelles correspondent, votre barquette entre bien dans le champ du<br \/>\nrappel.<\/p>\n<p>Mycotoxines dans les figues s\u00e9ch\u00e9es : de quoi s\u2019agit-il ?<\/p>\n<p>Des analyses r\u00e9alis\u00e9es apr\u00e8s la mise en vente ont montr\u00e9 que ces<br \/>\nfigues pr\u00e9sentaient une teneur trop \u00e9lev\u00e9e en<br \/>\n<strong>mycotoxines<\/strong>. Plus pr\u00e9cis\u00e9ment, la fiche Rappel<br \/>\nConso \u00e9voque un d\u00e9passement des limites maximales r\u00e9glementaires<br \/>\npour l\u2019<strong>aflatoxine B1<\/strong>, les aflatoxines totales et<br \/>\nl\u2019acide t\u00e9nuazonique. Ces substances sont des toxines naturellement<br \/>\nproduites par certains champignons microscopiques. Elles peuvent<br \/>\ncontaminer des denr\u00e9es d\u2019origine v\u00e9g\u00e9tale comme des c\u00e9r\u00e9ales, des<br \/>\nnoix ou des fruits secs, en particulier lorsque les conditions de<br \/>\nstockage favorisent chaleur et humidit\u00e9.<\/p>\n<p>Ces mycotoxines peuvent s\u2019attaquer \u00e0 la barri\u00e8re intestinale et<br \/>\nse diffuser ensuite dans le reste de l\u2019organisme. Elles sont alors<br \/>\nsusceptibles d\u2019affaiblir le syst\u00e8me immunitaire, ce qui peut rendre<br \/>\nle corps plus vuln\u00e9rable \u00e0 d\u2019autres microbes ou bact\u00e9ries. C\u2019est ce<br \/>\nrisque qui a conduit l\u2019op\u00e9rateur \u00e0 d\u00e9clencher un rappel volontaire,<br \/>\nrelay\u00e9 par les autorit\u00e9s sur Rappel Conso. M\u00eame si les figues<br \/>\nparaissent normales \u00e0 l\u2019\u0153il ou au go\u00fbt, elles ne doivent donc pas<br \/>\n\u00eatre consomm\u00e9es lorsque les r\u00e9f\u00e9rences correspondent au lot<br \/>\nvis\u00e9.<\/p>\n<p>Que faire si vous avez des figues<br \/>\ns\u00e9ch\u00e9es AREV chez vous ?<\/p>\n<p>Si votre barquette correspond au GTIN, au num\u00e9ro de lot et \u00e0 la<br \/>\nDLC indiqu\u00e9s, il est recommand\u00e9 de ne surtout pas consommer ces<br \/>\nfigues pour ne pas mettre votre sant\u00e9 en danger. Deux options sont<br \/>\npr\u00e9vues : vous pouvez d\u00e9truire le produit en le jetant \u00e0 la<br \/>\npoubelle, ou le rapporter dans le magasin o\u00f9 vous l\u2019avez achet\u00e9<br \/>\npour obtenir son remboursement. La proc\u00e9dure de rappel court<br \/>\njusqu\u2019au 30 avril 2027, ce qui laisse un d\u00e9lai confortable, mais<br \/>\nmieux vaut v\u00e9rifier vos stocks sans attendre. En cas de question,<br \/>\nun num\u00e9ro d\u00e9di\u00e9 est disponible : 04 13 24 10 11.<\/p>\n","protected":false},"excerpt":{"rendered":"Les figues s\u00e9ch\u00e9es ont tout pour plaire : faciles \u00e0 grignoter, pratiques pour sucrer un muesli ou donner&hellip;\n","protected":false},"author":2,"featured_media":668634,"comment_status":"","ping_status":"","sticky":false,"template":"","format":"standard","meta":{"footnotes":""},"categories":[4],"tags":[11,258,130,1011,27,12,12114,25,71],"class_list":{"0":"post-668633","1":"post","2":"type-post","3":"status-publish","4":"format-standard","5":"has-post-thumbnail","7":"category-france","8":"tag-actualites","9":"tag-alimentation","10":"tag-consommation","11":"tag-fr","12":"tag-france","13":"tag-news","14":"tag-rappel-produit","15":"tag-republique-francaise","16":"tag-sante"},"share_on_mastodon":{"url":"https:\/\/pubeurope.com\/@fr\/115907033976721909","error":""},"_links":{"self":[{"href":"https:\/\/www.europesays.com\/fr\/wp-json\/wp\/v2\/posts\/668633","targetHints":{"allow":["GET"]}}],"collection":[{"href":"https:\/\/www.europesays.com\/fr\/wp-json\/wp\/v2\/posts"}],"about":[{"href":"https:\/\/www.europesays.com\/fr\/wp-json\/wp\/v2\/types\/post"}],"author":[{"embeddable":true,"href":"https:\/\/www.europesays.com\/fr\/wp-json\/wp\/v2\/users\/2"}],"replies":[{"embeddable":true,"href":"https:\/\/www.europesays.com\/fr\/wp-json\/wp\/v2\/comments?post=668633"}],"version-history":[{"count":0,"href":"https:\/\/www.europesays.com\/fr\/wp-json\/wp\/v2\/posts\/668633\/revisions"}],"wp:featuredmedia":[{"embeddable":true,"href":"https:\/\/www.europesays.com\/fr\/wp-json\/wp\/v2\/media\/668634"}],"wp:attachment":[{"href":"https:\/\/www.europesays.com\/fr\/wp-json\/wp\/v2\/media?parent=668633"}],"wp:term":[{"taxonomy":"category","embeddable":true,"href":"https:\/\/www.europesays.com\/fr\/wp-json\/wp\/v2\/categories?post=668633"},{"taxonomy":"post_tag","embeddable":true,"href":"https:\/\/www.europesays.com\/fr\/wp-json\/wp\/v2\/tags?post=668633"}],"curies":[{"name":"wp","href":"https:\/\/api.w.org\/{rel}","templated":true}]}}