{"id":668635,"date":"2026-01-16T22:05:10","date_gmt":"2026-01-16T22:05:10","guid":{"rendered":"https:\/\/www.europesays.com\/fr\/668635\/"},"modified":"2026-01-16T22:05:10","modified_gmt":"2026-01-16T22:05:10","slug":"pro-d2-nevers-provence-rugby-revivez-la-demonstration-des-provencaux","status":"publish","type":"post","link":"https:\/\/www.europesays.com\/fr\/668635\/","title":{"rendered":"Pro D2 &#8211; Nevers &#8211; Provence Rugby : revivez la d\u00e9monstration des Proven\u00e7aux"},"content":{"rendered":"<p>\n                Bonsoir et bienvenue sur Rugbyrama pour revivre le direct comment\u00e9 de la rencontre de la 17e journ\u00e9e de Pro D2 entre Nevers et Provence Rugby.\u00a0\n            <\/p>\n<p>Nevers restait sur une d\u00e9faite cinglante \u00e0 Angoul\u00eame (27-3), mais avait\u00a0bien l&rsquo;ambition de faire tomber Provence Rugby.<\/p>\n<p>Les hommes de Philippe Saint-Andr\u00e9 voulaient encha\u00eener apr\u00e8s leur large succ\u00e8s contre Grenoble.<\/p>\n<p>Adrien Marbot \u00e9tait l&rsquo;arbitre de la rencontre.<\/p>\n","protected":false},"excerpt":{"rendered":"Bonsoir et bienvenue sur Rugbyrama pour revivre le direct comment\u00e9 de la rencontre de la 17e journ\u00e9e de&hellip;\n","protected":false},"author":2,"featured_media":668636,"comment_status":"","ping_status":"","sticky":false,"template":"","format":"standard","meta":{"footnotes":""},"categories":[1416],"tags":[1011,27,69255,2308,479,1468,68796,60],"class_list":{"0":"post-668635","1":"post","2":"type-post","3":"status-publish","4":"format-standard","5":"has-post-thumbnail","7":"category-rugby","8":"tag-fr","9":"tag-france","10":"tag-les-matchs-pro-d2-en-direct","11":"tag-pro-d2","12":"tag-rugby","13":"tag-rugby-football","14":"tag-rugby-u00e0-xv","15":"tag-sports"},"share_on_mastodon":{"url":"https:\/\/pubeurope.com\/@fr\/115907049866713194","error":""},"_links":{"self":[{"href":"https:\/\/www.europesays.com\/fr\/wp-json\/wp\/v2\/posts\/668635","targetHints":{"allow":["GET"]}}],"collection":[{"href":"https:\/\/www.europesays.com\/fr\/wp-json\/wp\/v2\/posts"}],"about":[{"href":"https:\/\/www.europesays.com\/fr\/wp-json\/wp\/v2\/types\/post"}],"author":[{"embeddable":true,"href":"https:\/\/www.europesays.com\/fr\/wp-json\/wp\/v2\/users\/2"}],"replies":[{"embeddable":true,"href":"https:\/\/www.europesays.com\/fr\/wp-json\/wp\/v2\/comments?post=668635"}],"version-history":[{"count":0,"href":"https:\/\/www.europesays.com\/fr\/wp-json\/wp\/v2\/posts\/668635\/revisions"}],"wp:featuredmedia":[{"embeddable":true,"href":"https:\/\/www.europesays.com\/fr\/wp-json\/wp\/v2\/media\/668636"}],"wp:attachment":[{"href":"https:\/\/www.europesays.com\/fr\/wp-json\/wp\/v2\/media?parent=668635"}],"wp:term":[{"taxonomy":"category","embeddable":true,"href":"https:\/\/www.europesays.com\/fr\/wp-json\/wp\/v2\/categories?post=668635"},{"taxonomy":"post_tag","embeddable":true,"href":"https:\/\/www.europesays.com\/fr\/wp-json\/wp\/v2\/tags?post=668635"}],"curies":[{"name":"wp","href":"https:\/\/api.w.org\/{rel}","templated":true}]}}