{"id":668637,"date":"2026-01-16T22:06:10","date_gmt":"2026-01-16T22:06:10","guid":{"rendered":"https:\/\/www.europesays.com\/fr\/668637\/"},"modified":"2026-01-16T22:06:10","modified_gmt":"2026-01-16T22:06:10","slug":"ugo-humbert-tomas-machac-atp-250-adelaide-finale-samedi-17-janvier-2026-lequipe","status":"publish","type":"post","link":"https:\/\/www.europesays.com\/fr\/668637\/","title":{"rendered":"Ugo Humbert &#8211; Tomas Machac, ATP 250, Adela\u00efde, Finale, Samedi 17 janvier 2026 &#8211; L&#039;\u00c9quipe"},"content":{"rendered":"<ol>\n<li><a href=\"https:\/\/news.google.com\/rss\/articles\/CBMiwgFBVV95cUxQTHA3Y2xjdVdJUlNYdU1HUkI0Snd1cS1VNXlvNEYwdmtzUDlfOFBoQXNaTjdwdGp6c3pCcU41V2JnbDRHY1pITGlHbjRHZk5xTVhDV0xSb1ByTkpsYzhpay1fa0NtaHF6SVRjNXd6NTBvRl9VQS1VQ1R0NlB1SkpBUi1aZURFZ0R5Rlp2UjJCWE9raU9HdDcyQTJSX2VpWGNWM1F0a2E3OTJLZXo5SmFRV2RzUXBfN3owZDZ0QzNVc1h6Zw?oc=5\" target=\"_blank\" rel=\"noopener\">Ugo Humbert &#8211; Tomas Machac, ATP 250, Adela\u00efde, Finale, Samedi 17 janvier 2026<\/a>&nbsp;&nbsp;L&rsquo;\u00c9quipe<\/li>\n<li><a href=\"https:\/\/news.google.com\/rss\/articles\/CBMi9AFBVV95cUxOc2RLMlk0OUdXbVQ3UUlSTmNYaEJsdUhoZm1XR3dza3NJMHlraUJxS01BS2g0X0QtVFlXbDVZQU9fQ0ZLOGtTSW1ud2RIa1ltZVltRkpzQ2Q0ZkZfTnpKX1ZDM3hvR2dXUjhmWW40REtBclcxd2hjaWxYX0FmQWNUY0hWc0ZHYUxPaWZOMndIVjVNWm14VUlZZTcyVkxjZm9JUkpYdDM2dzZYeXFLcDJoS2luM0liZ2MzU19wWFFiNUVBRk5qcXVNTkdRaVo5eUVmNl9WTDBGaWpsUDlMMlhSLVpwV1V2U0J0aVZoVmpZTVU1Tzk1?oc=5\" target=\"_blank\" rel=\"noopener\">Ugo Humbert r\u00e9siste au retour d&rsquo;Alejandro Davidovich Fokina et se qualifie pour la finale de l&rsquo;ATP 250 d&rsquo;Ad\u00e9la\u00efde<\/a>&nbsp;&nbsp;L&rsquo;\u00c9quipe<\/li>\n<li><a href=\"https:\/\/news.google.com\/rss\/articles\/CBMi9AFBVV95cUxNcVJMUV9kS0hZZ0h4SEdkUlJpcVlsd3NxQ1pCclR0MnFJVUJFRGNoYkw1NWZyS3JoTGJQNEJaM1ZLZnlqemxkX0E4alR6SEU5d2xud19XT1ozZ2JoTVBIUE9lZmd5ZEJHYTVvYzhrczdERUY2M0paVWRCYUxxNWZzejRFeENvUC04ekRvN2VxNmZnN1lOTUU1VDJwRHZpSDJoRHgzZkl2MC04QWNRSkFCdGJzVHEyX0R5NzN1dXJscld3UWlwZ093X1lxMGFHRl9EVkFxNEdpYnRLNkMxbExCdTVxSkYtSkR0V29CTGtuQnpHN0Ni?oc=5\" target=\"_blank\" rel=\"noopener\">ATP 250 Ad\u00e9la\u00efde \u2502Ugo Humbert &#8211; Ugo Humbert en finale apr\u00e8s sa victoire contre Alejandro Davidovitch Fokina, 6-3, 5-7, 7-6<\/a>&nbsp;&nbsp;Eurosport<\/li>\n<li><a href=\"https:\/\/news.google.com\/rss\/articles\/CBMirgFBVV95cUxPdS1HVWwzeHJwUG9nZVoyT1ZBdlBTdGVYTXpla1lSLU43T3FfR1E3VEpyNE9CUndCUFBlU2N2dnFqZm85S3JXdkdmcmxQZHVrYTQ4TVdHd0RUM09vaDFIM3IwVGZMNGFLdXpaa1QxRl8ydDIwUlpVejlrOWFKZDFyUmhueWN0S3pTRWFxOVlnWmRONmZwN05sd1psZW5tOXd2TDB3d25DNkI0bkZUMkE?oc=5\" target=\"_blank\" rel=\"noopener\">Tennis : apr\u00e8s un sacr\u00e9 combat, Ugo Humbert file en finale \u00e0 Ad\u00e9la\u00efde<\/a>&nbsp;&nbsp;Le Figaro<\/li>\n<li><a href=\"https:\/\/news.google.com\/rss\/articles\/CBMisAFBVV95cUxQSEE3OS1yRkNvVUp2REF6SEs4NlYxc3BEbHJWREFpU1kzV1U1djRNelRCV1E3M19kV3d0ODVXeFhVS19HY3ZiajM0YXZNaHFldl9kODRjZVNheUJRc1RydE53bkFZWGlEbDhhbmNWWHBDNjlDbnhGZGFpbXdHbllfOVRINjdjN1k1Q2hiaHZWajViTVZEaVlTQzVCdHJYZVA4d3IyMWZidHJSa0E1SnFKTtIBrwFBVV95cUxPQ0g2NlhHdkYydk9fU3h5LUtCVHpPTWw1Sy1WdVltejlhZl8xODdsMUEtYzlTX2xvV2NKQUp2a0ZrZGFwYWVNYWktYXdKY191QUZTb0xSaE95TlV1SW1abVdWc1BJV3VlT3ZYZ05lMEFlY2N3UHphOTlYUXMwWGtuZ1BuM3o2bG1iOENiU2R0RVJUd0xWak5uME1ON3g2bzZlZ0t5bkFMU3I3MXpVX0Mw?oc=5\" target=\"_blank\" rel=\"noopener\">ATP &#8211; Adela\u00efde : Humbert s&rsquo;offre une onzi\u00e8me finale : Sports &#8211; Orange<\/a>&nbsp;&nbsp;Sports &#8211; Orange<\/li>\n<\/ol>\n","protected":false},"excerpt":{"rendered":"Ugo Humbert &#8211; Tomas Machac, ATP 250, Adela\u00efde, Finale, Samedi 17 janvier 2026&nbsp;&nbsp;L&rsquo;\u00c9quipe Ugo Humbert r\u00e9siste au retour&hellip;\n","protected":false},"author":2,"featured_media":72028,"comment_status":"","ping_status":"","sticky":false,"template":"","format":"standard","meta":{"footnotes":""},"categories":[1415],"tags":[65287,1011,27,73268,60,1467,76873],"class_list":{"0":"post-668637","1":"post","2":"type-post","3":"status-publish","4":"format-standard","5":"has-post-thumbnail","7":"category-tennis","8":"tag-adelaide","9":"tag-fr","10":"tag-france","11":"tag-null","12":"tag-sports","13":"tag-tennis","14":"tag-ugo-humbert-tomas-machac-en-direct"},"share_on_mastodon":{"url":"https:\/\/pubeurope.com\/@fr\/115907053641514951","error":""},"_links":{"self":[{"href":"https:\/\/www.europesays.com\/fr\/wp-json\/wp\/v2\/posts\/668637","targetHints":{"allow":["GET"]}}],"collection":[{"href":"https:\/\/www.europesays.com\/fr\/wp-json\/wp\/v2\/posts"}],"about":[{"href":"https:\/\/www.europesays.com\/fr\/wp-json\/wp\/v2\/types\/post"}],"author":[{"embeddable":true,"href":"https:\/\/www.europesays.com\/fr\/wp-json\/wp\/v2\/users\/2"}],"replies":[{"embeddable":true,"href":"https:\/\/www.europesays.com\/fr\/wp-json\/wp\/v2\/comments?post=668637"}],"version-history":[{"count":0,"href":"https:\/\/www.europesays.com\/fr\/wp-json\/wp\/v2\/posts\/668637\/revisions"}],"wp:featuredmedia":[{"embeddable":true,"href":"https:\/\/www.europesays.com\/fr\/wp-json\/wp\/v2\/media\/72028"}],"wp:attachment":[{"href":"https:\/\/www.europesays.com\/fr\/wp-json\/wp\/v2\/media?parent=668637"}],"wp:term":[{"taxonomy":"category","embeddable":true,"href":"https:\/\/www.europesays.com\/fr\/wp-json\/wp\/v2\/categories?post=668637"},{"taxonomy":"post_tag","embeddable":true,"href":"https:\/\/www.europesays.com\/fr\/wp-json\/wp\/v2\/tags?post=668637"}],"curies":[{"name":"wp","href":"https:\/\/api.w.org\/{rel}","templated":true}]}}