{"id":668638,"date":"2026-01-16T22:10:16","date_gmt":"2026-01-16T22:10:16","guid":{"rendered":"https:\/\/www.europesays.com\/fr\/668638\/"},"modified":"2026-01-16T22:10:16","modified_gmt":"2026-01-16T22:10:16","slug":"enzo-paleni-a-bien-failli-renoncer-a-debuter-la-saison-en-australie-actualite","status":"publish","type":"post","link":"https:\/\/www.europesays.com\/fr\/668638\/","title":{"rendered":"Enzo Paleni a bien failli renoncer \u00e0 d\u00e9buter la saison en Australie &#8211; Actualit\u00e9"},"content":{"rendered":"<p>L\u2019air de rien, <a style=\"color: #e67e23; text-decoration: underline;\" href=\"https:\/\/www.directvelo.com\/coureur\/33478\/enzo-paleni\" target=\"_blank\" rel=\"noopener\"><strong>Enzo Paleni<\/strong><\/a> commence \u00e0 faire partie des meubles. Dans quelques jours, le Picard &#8211; originaire de Savoie &#8211; lancera sa quatri\u00e8me saison au sein de la WorldTeam <a style=\"color: #e67e23; text-decoration: underline;\" href=\"https:\/\/www.directvelo.com\/equipe\/274\/groupama-fdj-united\" target=\"_blank\" rel=\"noopener\"><strong>Groupama-FDJ United<\/strong><\/a>, la sixi\u00e8me dans la structure hexagonale <a style=\"color: #e67e23; text-decoration: underline;\" href=\"https:\/\/www.directvelo.com\/actualites\/coureur\/33478\/enzo-paleni\" target=\"_blank\" rel=\"noopener\"><strong>apr\u00e8s avoir d\u00e9j\u00e0 pass\u00e9 deux ans dans la Conti au pr\u00e9alable<\/strong><\/a>. Alors qu&rsquo;il avait mis un terme \u00e0 sa saison 2025 en Chine, c\u2019est encore une fois \u00e0 l\u2019autre bout du monde qu\u2019il va lancer le prochain exercice, puisque Enzo Paleni va effectuer ses premiers tours de roue en comp\u00e9tition cette ann\u00e9e en Australie. \u201cJ\u2019avais d\u00e9j\u00e0 repris ici il y a deux ans. Le Tour Down Under est vraiment l\u2019une des plus belles courses de la saison, l\u2019ambiance y est vraiment sympa, il n\u2019y a pas la m\u00eame pression que sur les comp\u00e9titions europ\u00e9ennes\u201d, consid\u00e8re-t-il depuis Ad\u00e9la\u00efde, aupr\u00e8s de DirectVelo. <\/p>\n<p><strong>UN PROBL\u00c8ME D\u2019ASSISE SUR LA SELLE QUI L\u2019A FREIN\u00c9 \u00c0 L\u2019ENTRA\u00ceNEMENT<\/strong><\/p>\n<p>Le directeur sportif Jussi Veikkanen a lui-m\u00eame concoct\u00e9 l\u2019\u00e9quipe qu\u2019il allait emmener aux antipodes. \u201cIl sait que j\u2019avais bien aim\u00e9 l\u2019exp\u00e9rience et il m\u2019a propos\u00e9 d\u2019y retourner. J\u2019\u00e9tais clairement partant\u201d, s\u2019amuse celui qui encha\u00eenera ensuite avec l\u2019UAE Tour, les Boucles Dr\u00f4me-Ard\u00e8che et le Troph\u00e9e Laigueglia, alors qu\u2019il ne courra ensuite que tr\u00e8s rarement en France, si ce n\u2019est sans doute lors de Paris-Camembert et de la Route Ad\u00e9lie de Vitr\u00e9. <\/p>\n<p>Le s\u00e9jour en Australie d\u2019Enzo Paleni, avec l\u2019encha\u00eenement du Tour Down Under, de la Surf Coast Classic puis de la Mapei Cadel Evans Great Ocean RR ne devrait \u00eatre qu\u2019une mise en bouche et l\u2019occasion de retrouver des sensations, alors qu\u2019il a bien failli renoncer \u00e0 son voyage dans le sud-est du pays-Continent. \u201cDepuis deux semaines, je suis emb\u00eat\u00e9, j\u2019ai un probl\u00e8me d\u2019assise sur la selle. Je suis loin d\u2019\u00eatre \u00e0 100%, j\u2019ai d\u00fb lever le pied \u00e0 l\u2019entra\u00eenement et je me suis m\u00eame demand\u00e9 si j\u2019allais faire le voyage car \u00e0 un moment donn\u00e9, je n\u2019arrivais plus du tout \u00e0 m&rsquo;asseoir sur la selle\u201d.\u00a0<\/p>\n<p><strong>DANS L\u2019INCONNU AVANT LA REPRISE<\/strong> <\/p>\n<p>Il assure qu\u2019une \u201csolution provisoire\u201d a \u00e9t\u00e9 trouv\u00e9e avant de pouvoir \u201cr\u00e9gler le probl\u00e8me avec l\u2019\u00e9quipe\u201d une fois de retour en France. Mais voil\u00e0 qui le contraint donc \u00e0 se montrer prudent et modeste sur ses ambitions pour la reprise. \u201cJe ne sais pas si je serai capable de jouer, c\u2019est le flou au niveau des sensations mais dans tous les cas, le plus important sera de bien bosser pour la suite et d\u2019aider le collectif\u201d. Autour du sprinteur n\u00e9o-z\u00e9landais <a style=\"color: #e67e23; text-decoration: underline;\" href=\"https:\/\/www.directvelo.com\/coureur\/43232\/lewis-bower\" target=\"_blank\" rel=\"noopener\"><strong>Lewis Bower<\/strong><\/a> et du grimpeur normand <a style=\"color: #e67e23; text-decoration: underline;\" href=\"https:\/\/www.directvelo.com\/coureur\/5532\/guillaume-martin-guyonnet\" target=\"_blank\" rel=\"noopener\"><strong>Guillaume Martin-Guyonnet<\/strong><\/a>.<\/p>\n<p>Plus g\u00e9n\u00e9ralement, Enzo Paleni sait qu\u2019il d\u00e9bute au Tour Down Under une ann\u00e9e sans doute charni\u00e8re pour la suite de sa carri\u00e8re. \u201cJe suis \u00e0 la fin de mon deuxi\u00e8me contrat avec la WorldTeam. Je commence \u00e0 avoir de l\u2019exp\u00e9rience mais malgr\u00e9 tout, je reste jeune, rappelle le coureur de 23 ans. Je sens que je ne cesse de progresser, on le voit sur les donn\u00e9es aussi. Cette ann\u00e9e, je compte bien augmenter encore mon potentiel\u201d.<\/p>\n<p><strong>SAISIR LES RARES OPPORTUNIT\u00c9S PERSONNELLES<\/strong> <\/p>\n<p>Est-il pr\u00eat \u00e0 se cantonner \u00e0 un r\u00f4le d\u2019\u00e9quipier ou esp\u00e8re-t-il avoir sa carte ici et l\u00e0 ? \u201cC\u2019est \u00e0 moi de prendre ma chance et de mettre en place des choses pour que \u00e7a fonctionne. Le staff ne va jamais annoncer au d\u00e9part d\u2019une course : \u00ab aujourd\u2019hui c\u2019est tout pour Enzo \u00bb car je n\u2019ai pas un profil qui me permet de pouvoir aller gagner un sprint massif ou d&rsquo;\u00eatre le plus fort en haut d\u2019une bosse. Mais c\u2019est \u00e0 moi de prendre des initiatives, d\u2019aller de l\u2019avant et de saisir les quelques opportunit\u00e9s qui pourraient se pr\u00e9senter\u201d. Enzo Paleni assure que \u201cl\u2019\u00e9quipe ne [lui a] pas donn\u00e9 d\u2019objectifs clairs en termes de r\u00e9sultats\u201d et qu\u2019il s\u2019agirait davantage d\u2019une \u201csatisfaction personnelle\u201d.<\/p>\n<p>\u201cC\u2019est important, pour garder un maximum d\u2019envie dans le sport, de pouvoir aussi jouer sa carte de temps \u00e0 autre. Mais je suis principalement \u00e9quipier et je suis l\u00e0 pour accompagner mes leaders. Gagner des courses n\u2019est pas mon travail\u201d, conclut celui avait termin\u00e9\u00a0<a style=\"color: #e67e23; text-decoration: underline;\" href=\"https:\/\/www.directvelo.com\/epreuve\/41358\/etape\/41363\/tour-ditalie-etape-5\" target=\"_blank\" rel=\"noopener\"><strong>4e d\u2019\u00e9tape au Tour d\u2019Italie il y a deux ans, le jour du succ\u00e8s d\u2019\u00e9tape de Benjamin Thomas,<\/strong><\/a> \u00e0 Lucca. \u201cCe sont des occasions rares mais si une nouvelle se pr\u00e9sente, j\u2019esp\u00e8re r\u00e9pondre pr\u00e9sent\u201d. En attendant, il esp\u00e8re se rassurer sous le chaud soleil australien.<\/p>\n","protected":false},"excerpt":{"rendered":"L\u2019air de rien, Enzo Paleni commence \u00e0 faire partie des meubles. Dans quelques jours, le Picard &#8211; originaire&hellip;\n","protected":false},"author":2,"featured_media":668639,"comment_status":"","ping_status":"","sticky":false,"template":"","format":"standard","meta":{"footnotes":""},"categories":[1411],"tags":[834,828,836,829,837,827,83,826,824,823,1154,207,814,817,815,816,822,821,832,211,839,1011,27,820,818,819,835,831,830,833,838,60,212,208,825],"class_list":{"0":"post-668638","1":"post","2":"type-post","3":"status-publish","4":"format-standard","5":"has-post-thumbnail","7":"category-cyclisme","8":"tag-attaque","9":"tag-belgique","10":"tag-braquet","11":"tag-bretagne","12":"tag-chute","13":"tag-competition","14":"tag-coupe-de-france","15":"tag-coureur","16":"tag-course-cyclisme","17":"tag-course-cycliste","18":"tag-cycling","19":"tag-cyclisme","20":"tag-direct","21":"tag-direct-velo","22":"tag-directvelo","23":"tag-directvelo-com","24":"tag-epreuve","25":"tag-epreuve-cycliste","26":"tag-federation-francaise-de-cyclisme","27":"tag-ffc","28":"tag-flandres","29":"tag-fr","30":"tag-france","31":"tag-live","32":"tag-live-course","33":"tag-live-epreuve","34":"tag-peloton","35":"tag-radio-peloton","36":"tag-radio-tour","37":"tag-ravitaillement","38":"tag-relance","39":"tag-sports","40":"tag-uci","41":"tag-velo","42":"tag-velos"},"share_on_mastodon":{"url":"https:\/\/pubeurope.com\/@fr\/115907069621363038","error":""},"_links":{"self":[{"href":"https:\/\/www.europesays.com\/fr\/wp-json\/wp\/v2\/posts\/668638","targetHints":{"allow":["GET"]}}],"collection":[{"href":"https:\/\/www.europesays.com\/fr\/wp-json\/wp\/v2\/posts"}],"about":[{"href":"https:\/\/www.europesays.com\/fr\/wp-json\/wp\/v2\/types\/post"}],"author":[{"embeddable":true,"href":"https:\/\/www.europesays.com\/fr\/wp-json\/wp\/v2\/users\/2"}],"replies":[{"embeddable":true,"href":"https:\/\/www.europesays.com\/fr\/wp-json\/wp\/v2\/comments?post=668638"}],"version-history":[{"count":0,"href":"https:\/\/www.europesays.com\/fr\/wp-json\/wp\/v2\/posts\/668638\/revisions"}],"wp:featuredmedia":[{"embeddable":true,"href":"https:\/\/www.europesays.com\/fr\/wp-json\/wp\/v2\/media\/668639"}],"wp:attachment":[{"href":"https:\/\/www.europesays.com\/fr\/wp-json\/wp\/v2\/media?parent=668638"}],"wp:term":[{"taxonomy":"category","embeddable":true,"href":"https:\/\/www.europesays.com\/fr\/wp-json\/wp\/v2\/categories?post=668638"},{"taxonomy":"post_tag","embeddable":true,"href":"https:\/\/www.europesays.com\/fr\/wp-json\/wp\/v2\/tags?post=668638"}],"curies":[{"name":"wp","href":"https:\/\/api.w.org\/{rel}","templated":true}]}}