{"id":668640,"date":"2026-01-16T22:11:11","date_gmt":"2026-01-16T22:11:11","guid":{"rendered":"https:\/\/www.europesays.com\/fr\/668640\/"},"modified":"2026-01-16T22:11:11","modified_gmt":"2026-01-16T22:11:11","slug":"de-zerbi-clarifie-le-dossier-hojbjerg-et-calme-le-jeu-sur-le-mercato","status":"publish","type":"post","link":"https:\/\/www.europesays.com\/fr\/668640\/","title":{"rendered":"De Zerbi clarifie le dossier Hojbjerg et calme le jeu sur le mercato&#8230;"},"content":{"rendered":"<p><strong>\u00c0 la veille du d\u00e9placement de l\u2019Olympique de Marseille\u00a0\u00e0 Angers, Roberto De Zerbi a tenu \u00e0 remettre les choses au clair en conf\u00e9rence de presse ce vendredi. L\u2019entra\u00eeneur marseillais a notamment d\u00e9menti fermement les rumeurs entourant Pierre-Emile Hojbjerg, tout en restant mesur\u00e9 sur la suite du mercato olympien.<\/strong><\/p>\n<p>\u00a0<\/p>\n<p>A lire : <a href=\"https:\/\/www.footballclubdemarseille.fr\/om-actualites\/mercato-om-la-contre-proposition-dangers-dans-le-dossier-abdelli.html\" target=\"_blank\" rel=\"noopener\">Mercato OM : la contre proposition d\u2019Angers dans le dossier Abdelli !<\/a><\/p>\n<p>De Zerbi met fin aux rumeurs autour de Hojbjerg<\/p>\n<p>\u00a0<\/p>\n<p>Pr\u00e9sent devant les m\u00e9dias avant Angers \u2013 OM, <strong>Roberto De Zerbi<\/strong> a profit\u00e9 de sa prise de parole pour faire une mise au point tr\u00e8s claire sur la situation de <strong>Pierre-Emile Hojbjerg<\/strong>, annonc\u00e9 ces derniers jours sur le d\u00e9part, notamment vers la Juventus. Des informations rapidement d\u00e9menties par le club et d\u00e9sormais par l\u2019entra\u00eeneur lui-m\u00eame.<\/p>\n<p>\u201cPar l\u2019agent d\u2019Hojbjerg on a d\u00e9menti les informations. Il veut rester ici. Il n\u2019a jamais \u00e9t\u00e9 dans mon esprit, dans celui de Pablo ou de Mehdi qu\u2019il allait partir. C\u2019est un des joueurs qui m\u2019est le plus fid\u00e8le. Pour les renforts on verra ce que l\u2019on va faire.\u201d a d\u00e9clar\u00e9 <strong>De Zerbi<\/strong> en conf\u00e9rence de presse.<\/p>\n<p>Un message sans ambigu\u00eft\u00e9 envoy\u00e9 par le technicien italien, qui confirme l\u2019importance du milieu danois dans son projet de jeu. Transf\u00e9r\u00e9 d\u00e9finitivement cet \u00e9t\u00e9, <strong>Hojbjerg<\/strong> s\u2019est impos\u00e9 comme un cadre du vestiaire marseillais, tant par son volume de jeu que par son r\u00f4le dans l\u2019\u00e9quilibre collectif de l\u2019<strong>OM<\/strong>.<\/p>\n<\/p>\n<p>Un mercato sous contr\u00f4le \u00e0 l\u2019OM<\/p>\n<p>\u00a0<\/p>\n<p>Interrog\u00e9 plus largement sur le mercato, <strong>Roberto De Zerbi<\/strong> a \u00e9galement adopt\u00e9 un ton mesur\u00e9. Sans fermer la porte \u00e0 d\u2019\u00e9ventuels ajustements, l\u2019entra\u00eeneur de l\u2019<strong>Olympique de Marseille<\/strong> a insist\u00e9 sur la stabilit\u00e9 du groupe actuel, \u00e0 l\u2019heure o\u00f9 la priorit\u00e9 reste clairement le terrain et la Ligue 1.<\/p>\n<p>Le discours s\u2019inscrit dans la continuit\u00e9 de la ligne tenue par la direction sportive, incarn\u00e9e par <strong>Pablo Longoria<\/strong> et <strong>Mehdi Benatia<\/strong>, soucieuse d\u2019\u00e9viter toute agitation inutile autour de l\u2019effectif. En interne, aucune urgence n\u2019est affich\u00e9e, alors que l\u2019OM aborde une s\u00e9quence importante du championnat.<\/p>\n<p>Sur le plan sportif, le d\u00e9placement \u00e0 Angers rev\u00eat une importance particuli\u00e8re. Apr\u00e8s un d\u00e9but de saison dense, les Marseillais cherchent \u00e0 confirmer leur dynamique et \u00e0 consolider leur position en Ligue 1. La pr\u00e9sence d\u2019un <strong>Hojbjerg<\/strong> pleinement engag\u00e9 appara\u00eet d\u00e8s lors comme un atout majeur pour <strong>De Zerbi<\/strong>, dans un contexte o\u00f9 la coh\u00e9sion du groupe reste un axe central de son travail.<\/p>\n","protected":false},"excerpt":{"rendered":"\u00c0 la veille du d\u00e9placement de l\u2019Olympique de Marseille\u00a0\u00e0 Angers, Roberto De Zerbi a tenu \u00e0 remettre les&hellip;\n","protected":false},"author":2,"featured_media":668641,"comment_status":"","ping_status":"","sticky":false,"template":"","format":"standard","meta":{"footnotes":""},"categories":[1410],"tags":[63,1011,27,60],"class_list":{"0":"post-668640","1":"post","2":"type-post","3":"status-publish","4":"format-standard","5":"has-post-thumbnail","7":"category-football","8":"tag-football","9":"tag-fr","10":"tag-france","11":"tag-sports"},"share_on_mastodon":{"url":"https:\/\/pubeurope.com\/@fr\/115907073470023385","error":""},"_links":{"self":[{"href":"https:\/\/www.europesays.com\/fr\/wp-json\/wp\/v2\/posts\/668640","targetHints":{"allow":["GET"]}}],"collection":[{"href":"https:\/\/www.europesays.com\/fr\/wp-json\/wp\/v2\/posts"}],"about":[{"href":"https:\/\/www.europesays.com\/fr\/wp-json\/wp\/v2\/types\/post"}],"author":[{"embeddable":true,"href":"https:\/\/www.europesays.com\/fr\/wp-json\/wp\/v2\/users\/2"}],"replies":[{"embeddable":true,"href":"https:\/\/www.europesays.com\/fr\/wp-json\/wp\/v2\/comments?post=668640"}],"version-history":[{"count":0,"href":"https:\/\/www.europesays.com\/fr\/wp-json\/wp\/v2\/posts\/668640\/revisions"}],"wp:featuredmedia":[{"embeddable":true,"href":"https:\/\/www.europesays.com\/fr\/wp-json\/wp\/v2\/media\/668641"}],"wp:attachment":[{"href":"https:\/\/www.europesays.com\/fr\/wp-json\/wp\/v2\/media?parent=668640"}],"wp:term":[{"taxonomy":"category","embeddable":true,"href":"https:\/\/www.europesays.com\/fr\/wp-json\/wp\/v2\/categories?post=668640"},{"taxonomy":"post_tag","embeddable":true,"href":"https:\/\/www.europesays.com\/fr\/wp-json\/wp\/v2\/tags?post=668640"}],"curies":[{"name":"wp","href":"https:\/\/api.w.org\/{rel}","templated":true}]}}