{"id":668648,"date":"2026-01-16T22:16:10","date_gmt":"2026-01-16T22:16:10","guid":{"rendered":"https:\/\/www.europesays.com\/fr\/668648\/"},"modified":"2026-01-16T22:16:10","modified_gmt":"2026-01-16T22:16:10","slug":"la-fille-cachee-de-freddie-mercury-est-morte-a-seulement-48-ans","status":"publish","type":"post","link":"https:\/\/www.europesays.com\/fr\/668648\/","title":{"rendered":"La \u00ab\u00a0fille cach\u00e9e\u00a0\u00bb de Freddie Mercury est morte \u00e0 seulement 48\u00a0ans"},"content":{"rendered":"<p class=\"paragraph text_align_left lp-f-body-02\">Son existence n\u2019avait \u00e9t\u00e9 r\u00e9v\u00e9l\u00e9e qu\u2019il y a quelques mois. \u00ab Bibi \u00bb, le surnom de <a href=\"https:\/\/www.leparisien.fr\/culture-loisirs\/musique\/freddie-mercury-etait-mon-pere-la-fille-cachee-du-chanteur-de-queen-brise-le-silence-a-48-ans-24-05-2025-IJURVC7EOZEBNCMRZOS4FR26YE.php\" target=\"_self\" rel=\"noopener\">la \u00ab fille secr\u00e8te \u00bb de Freddie Mercury<\/a>, a succomb\u00e9 \u00e0 un cancer de la moelle \u00e9pini\u00e8re \u00e0 48 ans, a appris jeudi le tablo\u00efd britannique <a href=\"https:\/\/www.dailymail.co.uk\/news\/article-15466249\/Freddie-Mercury-secret-daughter-dies-aged-48-Bibi-Queen.html\" target=\"_self\" rel=\"noopener\">Daily Mail<\/a>.<\/p>\n<p class=\"\">Elle est d\u00e9c\u00e9d\u00e9e \u00ab paisiblement \u00bb a indiqu\u00e9 son mari, Thomas, qui pr\u00e9cise qu\u2019elle laisse derri\u00e8re elle ses deux fils de sept et neuf ans. \u00ab B. repose d\u00e9sormais aupr\u00e8s de son p\u00e8re bien-aim\u00e9 dans le monde des pens\u00e9es. Ses cendres ont \u00e9t\u00e9 dispers\u00e9es au vent au-dessus des Alpes \u00bb, pr\u00e9cise le veuf qui vivait avec sa compagne en Suisse.<\/p>\n<p class=\"\">Dans une nouvelle biographie du chanteur de <a href=\"https:\/\/www.leparisien.fr\/culture-loisirs\/musique\/personne-na-jamais-entendu-cette-version-le-guitariste-de-queen-brian-may-devoile-un-morceau-inedit-du-groupe-22-12-2025-6EGTV4VVQJBODMN4Z56QNGATCM.php\" target=\"_self\" rel=\"noopener\">Queen<\/a> parue en septembre et sobrement intitul\u00e9e \u00ab Love, Freddie \u00bb, la sp\u00e9cialiste du rock Lesley-Ann Jones avait r\u00e9v\u00e9l\u00e9 l\u2019existence d\u2019une \u00ab fille cach\u00e9e \u00bb de Freddie Mercury. Anonymis\u00e9e sous l\u2019initiale \u00ab B. \u00bb, elle est n\u00e9e en 1976 d\u2019une liaison extraconjugale du chanteur avec l\u2019\u00e9pouse d\u2019un de ses meilleurs amis.<\/p>\n<p class=\"title-embed-dailymotion lp-color-text lp-f-subtitle-04\">Vid\u00e9oMusique: comment Gary devient Freddie Mercury<\/p>\n<p class=\"\">\u00ab Je suis d\u00e9vast\u00e9e par la perte de cette femme qui \u00e9tait devenue une amie proche \u00bb, a r\u00e9agi Lesley-Ann Jones aupr\u00e8s du Daily Mail. \u00ab Elle \u00e9tait tr\u00e8s malade pendant les quatre ann\u00e9es o\u00f9 nous avons travaill\u00e9 ensemble \u00bb, a-t-elle ajout\u00e9. \u00ab Bibi \u00bb avait \u00e9t\u00e9 diagnostiqu\u00e9e \u00ab tr\u00e8s jeune \u00bb d\u2019un chordome, une forme rare de cancer de la moelle \u00e9pini\u00e8re.<\/p>\n<p>Dans la confidence de Freddie Mercury<\/p>\n<p class=\"\">Son existence en tant que fille de <a href=\"https:\/\/www.leparisien.fr\/culture-loisirs\/la-maison-de-freddie-mercury-a-londres-est-a-vendre-pour-35-millions-deuros-28-02-2024-CEIGSYNKHFA2HBUN74SE7TK6JU.php\" target=\"_self\" rel=\"noopener\">Freddie Mercury<\/a> n\u2019\u00e9tait connue que d\u2019une poign\u00e9e de proches du chanteur, mais \u00e0 travers ce livre, B. avait d\u00e9cid\u00e9 par elle-m\u00eame de r\u00e9v\u00e9ler son identit\u00e9. \u00ab Je n\u2019ai pas \u00e9t\u00e9 contrainte de le faire \u00bb, avait-elle \u00e9crit dans une lettre manuscrite qui figure dans la biographie, avant d\u2019ajouter : \u00ab Il m\u2019avait confi\u00e9 \u00e0 moi, son seul enfant, tous ses journaux priv\u00e9s, les cahiers o\u00f9 il a confi\u00e9 ses pens\u00e9es intimes, ses souvenirs et ce qu\u2019il a ressenti sur son parcours. \u00bb<\/p>\n<p class=\"\">Le chanteur, d\u00e9c\u00e9d\u00e9 des suites d\u2019une pneumonie en 1991, avait \u00e9crit les chansons de Queen \u00ab Bijou \u00bb et Don\u2019t Try So Hard, d\u2019apr\u00e8s les nombreuses r\u00e9v\u00e9lations de \u00ab Love, Freddie \u00bb.<\/p>\n<p class=\"\">\u00ab Freddie Mercury \u00e9tait et il est mon p\u00e8re \u00bb, avait-elle dit \u00e0 l\u2019autrice, expliquant avoir \u00e9t\u00e9 \u00ab \u00e9lev\u00e9e dans une famille aimante \u00bb et avoir v\u00e9cu une \u00ab relation tr\u00e8s fusionnelle et tr\u00e8s aimante \u00bb avec son p\u00e8re, malgr\u00e9 les conditions \u00ab inhabituelles et scandaleuses \u00bb dans lesquelles elle avait vu le jour.<\/p>\n","protected":false},"excerpt":{"rendered":"Son existence n\u2019avait \u00e9t\u00e9 r\u00e9v\u00e9l\u00e9e qu\u2019il y a quelques mois. \u00ab Bibi \u00bb, le surnom de la \u00ab&hellip;\n","protected":false},"author":2,"featured_media":125121,"comment_status":"","ping_status":"","sticky":false,"template":"","format":"standard","meta":{"footnotes":""},"categories":[1355],"tags":[872,58,59,1011,27,1361,873],"class_list":{"0":"post-668648","1":"post","2":"type-post","3":"status-publish","4":"format-standard","5":"has-post-thumbnail","7":"category-musique","8":"tag-culture-et-loisirs","9":"tag-divertissement","10":"tag-entertainment","11":"tag-fr","12":"tag-france","13":"tag-music","14":"tag-musique"},"share_on_mastodon":{"url":"https:\/\/pubeurope.com\/@fr\/115907093085767842","error":""},"_links":{"self":[{"href":"https:\/\/www.europesays.com\/fr\/wp-json\/wp\/v2\/posts\/668648","targetHints":{"allow":["GET"]}}],"collection":[{"href":"https:\/\/www.europesays.com\/fr\/wp-json\/wp\/v2\/posts"}],"about":[{"href":"https:\/\/www.europesays.com\/fr\/wp-json\/wp\/v2\/types\/post"}],"author":[{"embeddable":true,"href":"https:\/\/www.europesays.com\/fr\/wp-json\/wp\/v2\/users\/2"}],"replies":[{"embeddable":true,"href":"https:\/\/www.europesays.com\/fr\/wp-json\/wp\/v2\/comments?post=668648"}],"version-history":[{"count":0,"href":"https:\/\/www.europesays.com\/fr\/wp-json\/wp\/v2\/posts\/668648\/revisions"}],"wp:featuredmedia":[{"embeddable":true,"href":"https:\/\/www.europesays.com\/fr\/wp-json\/wp\/v2\/media\/125121"}],"wp:attachment":[{"href":"https:\/\/www.europesays.com\/fr\/wp-json\/wp\/v2\/media?parent=668648"}],"wp:term":[{"taxonomy":"category","embeddable":true,"href":"https:\/\/www.europesays.com\/fr\/wp-json\/wp\/v2\/categories?post=668648"},{"taxonomy":"post_tag","embeddable":true,"href":"https:\/\/www.europesays.com\/fr\/wp-json\/wp\/v2\/tags?post=668648"}],"curies":[{"name":"wp","href":"https:\/\/api.w.org\/{rel}","templated":true}]}}