{"id":668651,"date":"2026-01-16T22:18:12","date_gmt":"2026-01-16T22:18:12","guid":{"rendered":"https:\/\/www.europesays.com\/fr\/668651\/"},"modified":"2026-01-16T22:18:12","modified_gmt":"2026-01-16T22:18:12","slug":"le-plan-blanc-declenche-au-chu-de-guadeloupe","status":"publish","type":"post","link":"https:\/\/www.europesays.com\/fr\/668651\/","title":{"rendered":"Le Plan blanc d\u00e9clench\u00e9 au CHU de Guadeloupe"},"content":{"rendered":"<p class=\"svelte-qfpp5o first-paragraph\">La Guadeloupe est en situation \u00e9pid\u00e9mique depuis trois semaines. Il s&rsquo;agit principalement de la grippe A, notamment du variant K du virus H3N2, connu pour sa forte capacit\u00e9 de transmission.<\/p>\n<p class=\"svelte-qfpp5o\">Les cas sont de plus en plus nombreux depuis le d\u00e9but du mois de d\u00e9cembre, et le d\u00e9but d&rsquo;ann\u00e9e serait difficile, <a class=\"article-link svelte-123pfsg\" href=\"https:\/\/la1ere.franceinfo.fr\/guadeloupe\/grippe-une-epidemie-d-une-intensite-rare-la-guadeloupe-sous-tension-1658960.html\" target=\"_blank\" rel=\"noopener noreferrer nofollow\">indiquait le Dr Bruno Jarrige, directeur m\u00e9dical de crise au CHU de Guadeloupe<\/a>, il y a dix jours, lors du d\u00e9clenchement du plan \u00ab\u00a0mise en tension\u00a0\u00bb.<\/p>\n<p class=\"svelte-qfpp5o\">Dans un communiqu\u00e9, le CHU annonce que face \u00e0 la situation sanitaire actuelle marqu\u00e9e par une recrudescence significative des cas de grippe, entra\u00eenant une forte tension sur les capacit\u00e9s d&rsquo;accueil et sur la prise en charge des patients, le Plan Blanc a \u00e9t\u00e9 d\u00e9clench\u00e9 au sein de l&rsquo;\u00e9tablissement, \u00e0 compter de ce jour vendredi 16 janvier, avec effet imm\u00e9diat.<\/p>\n<p class=\"svelte-qfpp5o\">Une d\u00e9cision prise afin d&rsquo;assurer une organisation adapt\u00e9e \u00e0 l&rsquo;augmentation de l&rsquo;activit\u00e9 li\u00e9e \u00e0 l&rsquo;\u00e9pid\u00e9mie.<\/p>\n<p class=\"svelte-qfpp5o\">Le d\u00e9clenchement du Plan Blanc implique :<\/p>\n<ul class=\"svelte-qfpp5o\">\n<li class=\"svelte-qfpp5o\">La r\u00e9gulation des urgences par le 15.<\/li>\n<li class=\"svelte-qfpp5o\">L&rsquo;optimisation du capacitaire des lits,<\/li>\n<li class=\"svelte-qfpp5o\">La d\u00e9programmation des actes non urgents,<\/li>\n<li class=\"svelte-qfpp5o\">La limitation du nombre de visiteurs.<\/li>\n<\/ul>\n<blockquote class=\"quote svelte-15qzpub\">\n<p class=\"text svelte-15qzpub\">\u00ab Le CHUG s\u2019appuie sur une collaboration \u00e9troite avec l\u2019ensemble des \u00e9tablissements publics et priv\u00e9s du territoire afin de fluidifier le parcours de soins des patients avec la mobilisation de lits d\u2019aval pour optimiser les hospitalisations et s\u00e9curiser le retour \u00e0 domicile. \u00bb<\/p>\n<p> Communiqu\u00e9 du CHUG<\/p><\/blockquote>\n<p class=\"svelte-qfpp5o\">Le CHU pr\u00e9cise que dans ce contexte, le port du masque est rendu obligatoire pour l&rsquo;ensemble des professionnels, des patients et des visiteurs au sein de l&rsquo;\u00e9tablissement, conform\u00e9ment aux recommandations sanitaires en vigueur.<\/p>\n","protected":false},"excerpt":{"rendered":"La Guadeloupe est en situation \u00e9pid\u00e9mique depuis trois semaines. Il s&rsquo;agit principalement de la grippe A, notamment du&hellip;\n","protected":false},"author":2,"featured_media":634791,"comment_status":"","ping_status":"","sticky":false,"template":"","format":"standard","meta":{"footnotes":""},"categories":[10],"tags":[1011,27,72,71],"class_list":{"0":"post-668651","1":"post","2":"type-post","3":"status-publish","4":"format-standard","5":"has-post-thumbnail","7":"category-sante","8":"tag-fr","9":"tag-france","10":"tag-health","11":"tag-sante"},"share_on_mastodon":{"url":"https:\/\/pubeurope.com\/@fr\/115907101120312479","error":""},"_links":{"self":[{"href":"https:\/\/www.europesays.com\/fr\/wp-json\/wp\/v2\/posts\/668651","targetHints":{"allow":["GET"]}}],"collection":[{"href":"https:\/\/www.europesays.com\/fr\/wp-json\/wp\/v2\/posts"}],"about":[{"href":"https:\/\/www.europesays.com\/fr\/wp-json\/wp\/v2\/types\/post"}],"author":[{"embeddable":true,"href":"https:\/\/www.europesays.com\/fr\/wp-json\/wp\/v2\/users\/2"}],"replies":[{"embeddable":true,"href":"https:\/\/www.europesays.com\/fr\/wp-json\/wp\/v2\/comments?post=668651"}],"version-history":[{"count":0,"href":"https:\/\/www.europesays.com\/fr\/wp-json\/wp\/v2\/posts\/668651\/revisions"}],"wp:featuredmedia":[{"embeddable":true,"href":"https:\/\/www.europesays.com\/fr\/wp-json\/wp\/v2\/media\/634791"}],"wp:attachment":[{"href":"https:\/\/www.europesays.com\/fr\/wp-json\/wp\/v2\/media?parent=668651"}],"wp:term":[{"taxonomy":"category","embeddable":true,"href":"https:\/\/www.europesays.com\/fr\/wp-json\/wp\/v2\/categories?post=668651"},{"taxonomy":"post_tag","embeddable":true,"href":"https:\/\/www.europesays.com\/fr\/wp-json\/wp\/v2\/tags?post=668651"}],"curies":[{"name":"wp","href":"https:\/\/api.w.org\/{rel}","templated":true}]}}