{"id":668660,"date":"2026-01-16T22:23:17","date_gmt":"2026-01-16T22:23:17","guid":{"rendered":"https:\/\/www.europesays.com\/fr\/668660\/"},"modified":"2026-01-16T22:23:17","modified_gmt":"2026-01-16T22:23:17","slug":"entre-lalgerie-et-le-mali-une-crise-de-voisinage-qui-senlise","status":"publish","type":"post","link":"https:\/\/www.europesays.com\/fr\/668660\/","title":{"rendered":"Entre l\u2019Alg\u00e9rie et le Mali, une crise de voisinage qui s\u2019enlise"},"content":{"rendered":"<p>                     <img loading=\"lazy\" decoding=\"async\" src=\"https:\/\/www.europesays.com\/fr\/wp-content\/uploads\/2026\/01\/a6aa28c_upload-1-1qj3habjbq5m-000-426d8wl.jpg\" alt=\"Rassemblement au Centre international de conf\u00e9rence de Bamako, le 12\u00a0avril\u00a02025, pour protester contre la destruction d\u2019un drone malien par l\u2019arm\u00e9e alg\u00e9rienne.\"   width=\"664\" height=\"443\"\/>    Rassemblement au Centre international de conf\u00e9rence de Bamako, le 12\u00a0avril\u00a02025, pour protester contre la destruction d\u2019un drone malien par l\u2019arm\u00e9e alg\u00e9rienne.  AFP                 <\/p>\n<p class=\"article__paragraph  \">Cette fois, la charge a \u00e9t\u00e9 men\u00e9e par Abdelmadjid Tebboune en personne. Le 30\u00a0d\u00e9cembre\u00a02025, dans son discours \u00e0 la nation devant les deux chambres du Parlement, le pr\u00e9sident alg\u00e9rien a d\u00e9plor\u00e9 l\u2019ingratitude dont feraient, \u00e0 ses yeux, preuve ses voisins maliens.<\/p>\n<p class=\"article__paragraph  \">\u00ab\u00a0M\u00eame l\u2019Etat qui est en train de nous insulter, leur ministre des affaires \u00e9trang\u00e8res et leur premier ministre ont \u00e9t\u00e9 form\u00e9s \u00e0 l\u2019Ecole nationale d\u2019administration [d\u2019Alger]. Et c\u2019est ainsi qu\u2019ils nous r\u00e9compensent\u00a0\u00bb, a-t-il d\u00e9clar\u00e9. Des propos qui ont fait grincer des dents \u00e0 Bamako et raviv\u00e9 les tensions entre les deux pays, contribuant \u00e0 la d\u00e9stabilisation de l\u2019aire sah\u00e9lo-sah\u00e9rienne.<\/p>\n<p class=\"article__paragraph  \">Est-ce une co\u00efncidence\u00a0? Les 9 et 15\u00a0janvier, des drones maliens ont cibl\u00e9 la localit\u00e9 de Talhandak, situ\u00e9e dans le nord du pays, \u00e0 une quinzaine de kilom\u00e8tres de la ville fronti\u00e8re de Tin Zaouatine, une zone majoritairement contr\u00f4l\u00e9e par le Front de lib\u00e9ration de l\u2019Azawad (FLA), coalition de groupes ind\u00e9pendantistes \u00e0 dominante touareg.<\/p>\n<p class=\"article__paragraph  \">Les tirs n\u2019ont caus\u00e9 que des d\u00e9g\u00e2ts mat\u00e9riels, mais ils contribuent \u00e0 faire rebondir une crise de voisinage in\u00e9dite dont l\u2019origine remonte \u00e0 d\u00e9cembre\u00a02023. A l\u2019\u00e9poque, l\u2019accueil \u00e0 Alger de l\u2019influent imam malien Mahmoud Dicko, opposant d\u00e9clar\u00e9 \u00e0 la junte du g\u00e9n\u00e9ral Assimi Go\u00efta, avait fait office de d\u00e9tonateur.<\/p>\n<p class=\"reading-mode-only \"><strong>Il vous reste 83.76% de cet article \u00e0 lire. La suite est r\u00e9serv\u00e9e aux abonn\u00e9s.<\/strong><\/p>\n","protected":false},"excerpt":{"rendered":"Rassemblement au Centre international de conf\u00e9rence de Bamako, le 12\u00a0avril\u00a02025, pour protester contre la destruction d\u2019un drone malien&hellip;\n","protected":false},"author":2,"featured_media":668661,"comment_status":"","ping_status":"","sticky":false,"template":"","format":"standard","meta":{"footnotes":""},"categories":[5],"tags":[11,1011,27,14,12,28],"class_list":{"0":"post-668660","1":"post","2":"type-post","3":"status-publish","4":"format-standard","5":"has-post-thumbnail","7":"category-international","8":"tag-actualites","9":"tag-fr","10":"tag-france","11":"tag-international","12":"tag-news","13":"tag-world"},"share_on_mastodon":{"url":"https:\/\/pubeurope.com\/@fr\/115907120708484350","error":""},"_links":{"self":[{"href":"https:\/\/www.europesays.com\/fr\/wp-json\/wp\/v2\/posts\/668660","targetHints":{"allow":["GET"]}}],"collection":[{"href":"https:\/\/www.europesays.com\/fr\/wp-json\/wp\/v2\/posts"}],"about":[{"href":"https:\/\/www.europesays.com\/fr\/wp-json\/wp\/v2\/types\/post"}],"author":[{"embeddable":true,"href":"https:\/\/www.europesays.com\/fr\/wp-json\/wp\/v2\/users\/2"}],"replies":[{"embeddable":true,"href":"https:\/\/www.europesays.com\/fr\/wp-json\/wp\/v2\/comments?post=668660"}],"version-history":[{"count":0,"href":"https:\/\/www.europesays.com\/fr\/wp-json\/wp\/v2\/posts\/668660\/revisions"}],"wp:featuredmedia":[{"embeddable":true,"href":"https:\/\/www.europesays.com\/fr\/wp-json\/wp\/v2\/media\/668661"}],"wp:attachment":[{"href":"https:\/\/www.europesays.com\/fr\/wp-json\/wp\/v2\/media?parent=668660"}],"wp:term":[{"taxonomy":"category","embeddable":true,"href":"https:\/\/www.europesays.com\/fr\/wp-json\/wp\/v2\/categories?post=668660"},{"taxonomy":"post_tag","embeddable":true,"href":"https:\/\/www.europesays.com\/fr\/wp-json\/wp\/v2\/tags?post=668660"}],"curies":[{"name":"wp","href":"https:\/\/api.w.org\/{rel}","templated":true}]}}