{"id":668674,"date":"2026-01-16T22:30:11","date_gmt":"2026-01-16T22:30:11","guid":{"rendered":"https:\/\/www.europesays.com\/fr\/668674\/"},"modified":"2026-01-16T22:30:11","modified_gmt":"2026-01-16T22:30:11","slug":"a-toulon-david-gomis-est-attendu-comme-le-messie","status":"publish","type":"post","link":"https:\/\/www.europesays.com\/fr\/668674\/","title":{"rendered":"\u00e0 Toulon, David Gomis est attendu comme le Messie"},"content":{"rendered":"<p class=\"fs-5 \">Comme un symbole, c\u2019est contre une formation de la banlieue lyonnaise que David Gomis (33 ans) va entamer sa cure de jouvence sous les couleurs du Sporting.<\/p>\n<p class=\"fs-5 \">Ce samedi (18 heures au stade de Bon Rencontre), il est l\u2019une des attractions de ce Toulon \u2013 Saint-Priest, comptant pour la 15e journ\u00e9e de National 2.<\/p>\n<p class=\"fs-5 \">L\u2019enfant prodige est de retour chez lui. \u00ab J\u2019ai d\u00e9marr\u00e9 ici en CFA (N2) \u00e0 17 ans, contre Lyon B. On avait perdu 1 \u00e0 0 (en fait, match nul 1-1, Ndlr). Je me souviens qu\u2019il y avait (Alexandre) Lacazette en face et qu\u2019il avait marqu\u00e9. Le stade \u00e9tait plein et moi, je flottais dans mon maillot XL \u00bb, sourit-il.<\/p>\n<p class=\"fs-5 \">Plus d\u2019une d\u00e9cennie plus tard, le d\u00e9cor a chang\u00e9, mais l\u2019attachement demeure intact. Et sa signature a valeur de symbole, d\u2019\u00e9vidence.<\/p>\n<p class=\"fs-5 \">\u00ab J\u2019ai toujours dit que je voulais finir \u00e0 Toulon. Et, si je suis l\u00e0 aujourd\u2019hui, c\u2019est aussi parce qu\u2019il y a Momo (Sadani). Un entra\u00eeneur qui compte sur toi, \u00e7a n\u2019a pas de prix. \u00bb<\/p>\n<p class=\"fs-5 \">\u00c0 l\u2019heure o\u00f9 le Sporting cherche de l\u2019efficacit\u00e9 dans les zones d\u00e9cisives, le recrutement du fr\u00e8re jumeau de Christophe Gomis incarne aussi une attente : celle de faire basculer les matches qui se jouent sur des d\u00e9tails.<\/p>\n<p class=\"fs-5 \">Et des d\u00e9tails, Toulon en a encore laiss\u00e9 filer samedi dernier, lors du derby face \u00e0 Fr\u00e9jus\/Saint-Rapha\u00ebl (1-1), malgr\u00e9 une prestation solide et courageuse.<\/p>\n<p>                                                                                \u00ab Tout donner pour ce maillot \u00bb<\/p>\n<p class=\"fs-5 \">Le public attendait alors le retour \u00e0 la comp\u00e9tition de son chouchou, mais il n\u2019\u00e9tait pas encore qualifi\u00e9. L\u2019attaquant\/ailier a donc peaufin\u00e9 sa pr\u00e9paration avec le groupe, entam\u00e9e depuis d\u00e9but janvier.<\/p>\n<p class=\"fs-5 \">Ironie du sc\u00e9nario, les Toulonnais n\u2019ont men\u00e9 que trois minutes \u00e0 peine contre l\u2019\u00c9toile, avant d\u2019\u00eatre rejoints. Un nul frustrant, mais riche d\u2019enseignements.<\/p>\n<p class=\"fs-5 \">Et une base sur laquelle l\u2019homme aux 156 matchs de Ligue 2 et 55 de D1 az\u00e9rie entend s\u2019appuyer.<\/p>\n<p class=\"fs-5 \">\u00ab Je vais apporter ma percussion, mes dribbles, mon sens du d\u00e9calage, assure David Gomis. Mais le plus important, c\u2019est le collectif. Si on se serre les coudes et qu\u2019on reste ensemble, \u00e7a ira. \u00bb<\/p>\n<p class=\"fs-5 \">Son passage r\u00e9cent \u00e0 Ch\u00e2teauroux ne l\u2019a pas frein\u00e9, malgr\u00e9 les blessures contract\u00e9es coup sur coup \u00ab en voulant revenir trop vite \u00bb. <\/p>\n<p class=\"fs-5 \">D\u00e9sormais, place au terrain. \u00ab Je suis chez moi, je n\u2019ai pas de pression. Je vais juste jouer mon football et tout donner pour ce maillot. \u00bb<\/p>\n","protected":false},"excerpt":{"rendered":"Comme un symbole, c\u2019est contre une formation de la banlieue lyonnaise que David Gomis (33 ans) va entamer&hellip;\n","protected":false},"author":2,"featured_media":668675,"comment_status":"","ping_status":"","sticky":false,"template":"","format":"standard","meta":{"footnotes":""},"categories":[9619],"tags":[1111,11,1777,674,1011,27,12,882,25,2310],"class_list":{"0":"post-668674","1":"post","2":"type-post","3":"status-publish","4":"format-standard","5":"has-post-thumbnail","7":"category-toulon","8":"tag-actu","9":"tag-actualites","10":"tag-eu","11":"tag-europe","12":"tag-fr","13":"tag-france","14":"tag-news","15":"tag-provence-alpes-cote-dazur","16":"tag-republique-francaise","17":"tag-toulon"},"share_on_mastodon":{"url":"https:\/\/pubeurope.com\/@fr\/115907148128754372","error":""},"_links":{"self":[{"href":"https:\/\/www.europesays.com\/fr\/wp-json\/wp\/v2\/posts\/668674","targetHints":{"allow":["GET"]}}],"collection":[{"href":"https:\/\/www.europesays.com\/fr\/wp-json\/wp\/v2\/posts"}],"about":[{"href":"https:\/\/www.europesays.com\/fr\/wp-json\/wp\/v2\/types\/post"}],"author":[{"embeddable":true,"href":"https:\/\/www.europesays.com\/fr\/wp-json\/wp\/v2\/users\/2"}],"replies":[{"embeddable":true,"href":"https:\/\/www.europesays.com\/fr\/wp-json\/wp\/v2\/comments?post=668674"}],"version-history":[{"count":0,"href":"https:\/\/www.europesays.com\/fr\/wp-json\/wp\/v2\/posts\/668674\/revisions"}],"wp:featuredmedia":[{"embeddable":true,"href":"https:\/\/www.europesays.com\/fr\/wp-json\/wp\/v2\/media\/668675"}],"wp:attachment":[{"href":"https:\/\/www.europesays.com\/fr\/wp-json\/wp\/v2\/media?parent=668674"}],"wp:term":[{"taxonomy":"category","embeddable":true,"href":"https:\/\/www.europesays.com\/fr\/wp-json\/wp\/v2\/categories?post=668674"},{"taxonomy":"post_tag","embeddable":true,"href":"https:\/\/www.europesays.com\/fr\/wp-json\/wp\/v2\/tags?post=668674"}],"curies":[{"name":"wp","href":"https:\/\/api.w.org\/{rel}","templated":true}]}}