{"id":668694,"date":"2026-01-16T22:40:21","date_gmt":"2026-01-16T22:40:21","guid":{"rendered":"https:\/\/www.europesays.com\/fr\/668694\/"},"modified":"2026-01-16T22:40:21","modified_gmt":"2026-01-16T22:40:21","slug":"une-incroyable-boum-geante-dediee-aux-annees-80-et-90-va-debarquer-a-strasbourg","status":"publish","type":"post","link":"https:\/\/www.europesays.com\/fr\/668694\/","title":{"rendered":"Une incroyable boum g\u00e9ante d\u00e9di\u00e9e aux ann\u00e9es 80 et 90 va d\u00e9barquer \u00e0 Strasbourg"},"content":{"rendered":"<p>La Boum G\u00e9ante revient, plus \u00e9lectrisante que jamais, ce vendredi \u00e0 Strasbourg, et ce sont<strong> les murs de la Salamandre qui seront enti\u00e8rement privatis\u00e9s <\/strong>pour accueillir cet \u00e9v\u00e9nement hors norme. Des milliers de participants sont attendus pour cette \u00e9dition explosive, qui m\u00eale le\u00a0<strong>meilleur des ann\u00e9es 80, 90 et des sons actuels. <\/strong>Inspir\u00e9e des boums d\u2019antan, cette version XXL offre bien plus qu\u2019un simple dancefloor. Au programme\u00a0: des goodies pour tous, une borne photo pour immortaliser la soir\u00e9e, un aftermovie, des clich\u00e9s pros, et m\u00eame un\u00a0<strong>acc\u00e8s VIP \u00e0 la prochaine \u00e9dition<\/strong>.\u00a0<\/p>\n<p>Tous les plus grands tubes des ann\u00e9es 80 \u00e0 2000<\/p>\n<p data-start=\"1112\" data-end=\"1563\" class=\"\">C\u00f4t\u00e9 ambiance,\u00a0<strong>un DJ Set explosif vous fera revivre les plus gros hits des 80\u2019s, 90\u2019s et un soup\u00e7on de 2000\u2019s.\u00a0<\/strong>Des tubes de Madonna aux Backstreet Boys, en passant par les Spice Girls et Nirvana, pr\u00e9parez-vous \u00e0 danser et chanter \u00e0 tue-t\u00eate. Ajoutez \u00e0 \u00e7a une d\u00e9co immersive, des jeux de lumi\u00e8re hypnotiques, une borne photo pour immortaliser vos looks de l\u00e9gende, et m\u00eame un vid\u00e9aste pour capturer les meilleurs moments de la soir\u00e9e.<\/p>\n<p data-start=\"733\" data-end=\"1075\">Les derni\u00e8res places sont disponibles en ligne via <a data-start=\"1313\" data-end=\"1371\" target=\"_blank\" class=\"\" href=\"https:\/\/www.billetweb.fr\/la-boum-geante-strasbourg-2026&amp;multi=39595&amp;margin=no_margin&amp;color=635BFF&amp;parent=laboum-geante&amp;margin=no_margin&amp;color=635BFF\" rel=\"noopener\">Billetweb<\/a>. L&rsquo;\u00e9v\u00e8nement, qui arpente toute la France, cartonne dans chaque ville. La recette de son succ\u00e8s\u00a0? Des\u00a0<strong>tubes l\u00e9gendaires, des chor\u00e9es improvis\u00e9es, et une ambiance \u00e9lectrique<\/strong>. On se retrouve l\u00e0-bas\u00a0?<\/p>\n","protected":false},"excerpt":{"rendered":"La Boum G\u00e9ante revient, plus \u00e9lectrisante que jamais, ce vendredi \u00e0 Strasbourg, et ce sont les murs de&hellip;\n","protected":false},"author":2,"featured_media":668695,"comment_status":"","ping_status":"","sticky":false,"template":"","format":"standard","meta":{"footnotes":""},"categories":[2820],"tags":[1111,11,1777,674,1011,27,775,12,25,640],"class_list":{"0":"post-668694","1":"post","2":"type-post","3":"status-publish","4":"format-standard","5":"has-post-thumbnail","7":"category-strasbourg","8":"tag-actu","9":"tag-actualites","10":"tag-eu","11":"tag-europe","12":"tag-fr","13":"tag-france","14":"tag-grand-est","15":"tag-news","16":"tag-republique-francaise","17":"tag-strasbourg"},"share_on_mastodon":{"url":"https:\/\/pubeurope.com\/@fr\/115907187496033944","error":""},"_links":{"self":[{"href":"https:\/\/www.europesays.com\/fr\/wp-json\/wp\/v2\/posts\/668694","targetHints":{"allow":["GET"]}}],"collection":[{"href":"https:\/\/www.europesays.com\/fr\/wp-json\/wp\/v2\/posts"}],"about":[{"href":"https:\/\/www.europesays.com\/fr\/wp-json\/wp\/v2\/types\/post"}],"author":[{"embeddable":true,"href":"https:\/\/www.europesays.com\/fr\/wp-json\/wp\/v2\/users\/2"}],"replies":[{"embeddable":true,"href":"https:\/\/www.europesays.com\/fr\/wp-json\/wp\/v2\/comments?post=668694"}],"version-history":[{"count":0,"href":"https:\/\/www.europesays.com\/fr\/wp-json\/wp\/v2\/posts\/668694\/revisions"}],"wp:featuredmedia":[{"embeddable":true,"href":"https:\/\/www.europesays.com\/fr\/wp-json\/wp\/v2\/media\/668695"}],"wp:attachment":[{"href":"https:\/\/www.europesays.com\/fr\/wp-json\/wp\/v2\/media?parent=668694"}],"wp:term":[{"taxonomy":"category","embeddable":true,"href":"https:\/\/www.europesays.com\/fr\/wp-json\/wp\/v2\/categories?post=668694"},{"taxonomy":"post_tag","embeddable":true,"href":"https:\/\/www.europesays.com\/fr\/wp-json\/wp\/v2\/tags?post=668694"}],"curies":[{"name":"wp","href":"https:\/\/api.w.org\/{rel}","templated":true}]}}