{"id":668704,"date":"2026-01-16T22:46:14","date_gmt":"2026-01-16T22:46:14","guid":{"rendered":"https:\/\/www.europesays.com\/fr\/668704\/"},"modified":"2026-01-16T22:46:14","modified_gmt":"2026-01-16T22:46:14","slug":"trois-bonnes-raisons-de-ne-pas-manquer-le-festival-trente-trente-a-bordeaux","status":"publish","type":"post","link":"https:\/\/www.europesays.com\/fr\/668704\/","title":{"rendered":"Trois bonnes raisons de ne pas manquer le festival Trente Trente \u00e0 Bordeaux"},"content":{"rendered":"<p>                    Par<br \/>\n        <strong><br \/>\n            <a href=\"https:\/\/actu.fr\/auteur\/juliette-cardinale\" title=\"Consulter tous les articles de Juliette Cardinale\" target=\"_blank\" rel=\"noopener\">Juliette Cardinale<\/a><br \/>\n                    <\/strong><\/p>\n<p>        Publi\u00e9 le<\/p>\n<p>            16 janv. 2026 \u00e0 18h26        <\/p>\n<p>N\u00e9 <a href=\"https:\/\/actu.fr\/bordeaux\/\" target=\"_blank\" rel=\"noopener\">\u00e0 Bordeaux,<\/a> le festival Trente Trente est de retour du samedi\u00a017 au mercredi 28\u00a0janvier 2026. Port\u00e9es par la compagnie Les Marches de l\u2019\u00c9t\u00e9, les \u00ab\u200923e rencontres de la forme courte dans le spectacle vivant\u2009\u00bb s\u2019installent dans sept lieux culturels de la m\u00e9tropole bordelaise. Chaque \u00e9dition est l\u2019occasion de d\u00e9couvrir <strong>des cr\u00e9ations au croisement des disciplines<\/strong>\u2009: danse, performance, cirque, musique, th\u00e9\u00e2tre, installation\u2026 On vous donne trois bonnes raisons de ne pas rater \u00e7a.<\/p>\n<p>1 \u2013 Une vari\u00e9t\u00e9 de courts spectacles<\/p>\n<p class=\" wall-content\">Pendant douze jours, une <strong>quinzaine de spectacles<\/strong> sont programm\u00e9s. \u00c0 l\u2019origine, ils devaient se limiter \u00e0 30\u00a0minutes, mais les propositions les plus longues atteignent cette ann\u00e9e les 45\u00a0minutes.<\/p>\n<p class=\" wall-content\">Une des particularit\u00e9s de Trente Trente est sa programmation sous <strong>forme de parcours.<\/strong> Les spectateurs encha\u00eenent ainsi <strong>2 \u00e0 5 formes courtes<\/strong> <strong>durant la m\u00eame soir\u00e9e,<\/strong> une organisation \u00ab\u2009propice aux \u00e9changes au sein m\u00eame du public\u2009\u00bb pr\u00e9cisent les organisateurs. Il n\u2019y a pas de quoi s\u2019ennuyer, on peut ainsi d\u00e9couvrir des marionnettes ou de la musique dans la m\u00eame soir\u00e9e.<\/p>\n<p class=\" wall-content\">\u00ab\u2009La programmation offre un regard sur la <strong>cr\u00e9ation contemporaine<\/strong> mettant en lumi\u00e8re la richesse de la sc\u00e8ne locale, nationale et internationale\u2009\u00bb, souligne l\u2019organisation. Artistes \u00e9mergents sont mis en avant, permettant de d\u00e9couvrir les futurs noms incontournables du spectacle vivant.<\/p>\n<p>2 \u2013 L\u2019exp\u00e9rimentation est reine<\/p>\n<p class=\" wall-content\">L\u2019exp\u00e9rimentation et la d\u00e9couverte sont dans l\u2019ADN du festival tourn\u00e9 vers la cr\u00e9ation. Le credo de Trente Trente pour son\u00a0directeur artistique Jean-Luc Terrade\u2009? <strong>\u00ab\u2009D\u00e9ranger en beaut\u00e9.\u2009\u00bb<\/strong><\/p>\n<p class=\" wall-content\">\u00ab\u00a0Des spectacles et performances parfois d\u00e9rangeants, <strong>souvent clivants,<\/strong> mais toujours<br \/>libres et sans limites impos\u00e9es\u00a0\u00bb sont propos\u00e9s lors de chaque \u00e9dition. L\u2019ambition est \u00e9galement d\u2019abolir les barri\u00e8res entre sc\u00e8ne et spectateurs, et d\u2019attirer un public qui n\u2019ose pas toujours tenter de nouvelles exp\u00e9riences culturelles.<\/p>\n<p class=\" wall-content\">\n<p class=\" wall-content\">Nouveaut\u00e9 de l\u2019ann\u00e9e, un des parcours est d\u00e9di\u00e9 aux <strong>\u0153uvres en cours de cr\u00e9ation.\u00a0<\/strong>Le samedi 24\u00a0janvier, professionnels comme le public sont invit\u00e9s \u00e0 d\u00e9couvrir quatre pi\u00e8ces\u00a0entre l\u2019atelier des Marches et le march\u00e9 de Lerme. Elles mixent th\u00e9\u00e2tre, arts visuels, danse et performance.\u00a0C\u2019est \u00ab\u2009un espace suppl\u00e9mentaire d\u00e9di\u00e9 \u00e0 <strong>l\u2019exp\u00e9rimentation et \u00e0 la cr\u00e9ation\u2009\u00bb,<\/strong> suivi d\u2019\u00e9changes avec la salle.<\/p>\n<p>Votre r\u00e9gion, votre actu !<\/p>\n<p>Recevez chaque jour les infos qui comptent pour vous.<\/p>\n<p>\t<a href=\"https:\/\/actu.fr\/newsletter\" class=\"ac-btn ac-btn--corner ac-btn--medium ac-btn--blue800\" target=\"_blank\" rel=\"noopener\">S&rsquo;incrire<\/a><br \/>\n3 \u2013 Des lieux \u00e0 (re) d\u00e9couvrir dans une ambiance intimiste<\/p>\n<p class=\" wall-content\">Les spectacles sont programm\u00e9s dans<strong> sept lieux<\/strong> de la m\u00e9tropole bordelaise, incitant ainsi le public \u00e0 y p\u00e9n\u00e9trer. Il s\u2019agit de la halle des Chartrons, le cin\u00e9ma Utopia, le march\u00e9 de Lerme, le Glob Th\u00e9\u00e2tre et le TNBA \u00e0 Bordeaux. Mais aussi l\u2019atelier des Marches au Bouscat et le th\u00e9\u00e2tre des quatre saisons \u00e0 Gradignan.<\/p>\n<p class=\" wall-content\"><a href=\"https:\/\/www.instagram.com\/p\/DTIL9VMCpKo\/embed\" title=\"Ouvrir le lien sur Instagram\" target=\"_blank\" rel=\"noopener\">Visualiser le contenu sur Instagram<\/a><\/p>\n<p class=\" wall-content\">\u00ab\u2009Trente Trente privil\u00e9gie les lieux permettant une <strong>proximit\u00e9 directe<\/strong> et une intimit\u00e9 entre public et artistes\u2009: dispositifs \u00e0 360\u00b0, petites jauges (voire performances pour une poign\u00e9e de spectateurs), plateau sans s\u00e9paration ou sur\u00e9l\u00e9vation avec la salle, mais aussi espaces atypiques permettant \u00e0 un nouveau public \u2013 parfois frileux de pousser la porte des th\u00e9\u00e2tres et salles de spectacles \u2013 d\u2019oser de nouvelles exp\u00e9riences culturelles\u2009\u00bb, \u00e9crit l\u2019\u00e9quipe.<\/p>\n<p>Pour retrouver le programme d\u00e9taill\u00e9 et les r\u00e9servations, <a href=\"https:\/\/www.trentetrente.com\/\" target=\"_blank\" rel=\"noopener\">c\u2019est par ici.<\/a><\/p>\n<p class=\" wall-content\">Personnalisez votre actualit\u00e9 en ajoutant vos villes et m\u00e9dias en favori avec <a href=\"https:\/\/moncompte.actu.fr\" title=\"D\u00e9couvez Mon Actu\" rel=\"nofollow noopener\" data-trk=\"{&quot;cta&quot;:{&quot;action&quot;:&quot;https:\\\/\\\/moncompte.actu.fr&quot;,&quot;category&quot;:&quot;mon compte&quot;,&quot;from&quot;:&quot;article footer&quot;,&quot;name&quot;:&quot;Mon actu&quot;,&quot;type&quot;:&quot;cta&quot;}}\" target=\"_blank\">Mon Actu<\/a>.<\/p>\n<p>                    <script async src=\"\/\/www.instagram.com\/embed.js\"><\/script><\/p>\n","protected":false},"excerpt":{"rendered":"Par Juliette Cardinale Publi\u00e9 le 16 janv. 2026 \u00e0 18h26 N\u00e9 \u00e0 Bordeaux, le festival Trente Trente est&hellip;\n","protected":false},"author":2,"featured_media":668705,"comment_status":"","ping_status":"","sticky":false,"template":"","format":"standard","meta":{"footnotes":""},"categories":[2817],"tags":[1111,11,1997,5398,5972,1777,674,849,1011,27,1652,873,12,2219,25],"class_list":{"0":"post-668704","1":"post","2":"type-post","3":"status-publish","4":"format-standard","5":"has-post-thumbnail","7":"category-bordeaux","8":"tag-actu","9":"tag-actualites","10":"tag-bordeaux","11":"tag-cirque","12":"tag-danse","13":"tag-eu","14":"tag-europe","15":"tag-festival","16":"tag-fr","17":"tag-france","18":"tag-loisirs-culture","19":"tag-musique","20":"tag-news","21":"tag-nouvelle-aquitaine","22":"tag-republique-francaise"},"share_on_mastodon":{"url":"https:\/\/pubeurope.com\/@fr\/115907211075586783","error":""},"_links":{"self":[{"href":"https:\/\/www.europesays.com\/fr\/wp-json\/wp\/v2\/posts\/668704","targetHints":{"allow":["GET"]}}],"collection":[{"href":"https:\/\/www.europesays.com\/fr\/wp-json\/wp\/v2\/posts"}],"about":[{"href":"https:\/\/www.europesays.com\/fr\/wp-json\/wp\/v2\/types\/post"}],"author":[{"embeddable":true,"href":"https:\/\/www.europesays.com\/fr\/wp-json\/wp\/v2\/users\/2"}],"replies":[{"embeddable":true,"href":"https:\/\/www.europesays.com\/fr\/wp-json\/wp\/v2\/comments?post=668704"}],"version-history":[{"count":0,"href":"https:\/\/www.europesays.com\/fr\/wp-json\/wp\/v2\/posts\/668704\/revisions"}],"wp:featuredmedia":[{"embeddable":true,"href":"https:\/\/www.europesays.com\/fr\/wp-json\/wp\/v2\/media\/668705"}],"wp:attachment":[{"href":"https:\/\/www.europesays.com\/fr\/wp-json\/wp\/v2\/media?parent=668704"}],"wp:term":[{"taxonomy":"category","embeddable":true,"href":"https:\/\/www.europesays.com\/fr\/wp-json\/wp\/v2\/categories?post=668704"},{"taxonomy":"post_tag","embeddable":true,"href":"https:\/\/www.europesays.com\/fr\/wp-json\/wp\/v2\/tags?post=668704"}],"curies":[{"name":"wp","href":"https:\/\/api.w.org\/{rel}","templated":true}]}}