{"id":668712,"date":"2026-01-16T22:51:11","date_gmt":"2026-01-16T22:51:11","guid":{"rendered":"https:\/\/www.europesays.com\/fr\/668712\/"},"modified":"2026-01-16T22:51:11","modified_gmt":"2026-01-16T22:51:11","slug":"il-y-a-un-monde-entre-les-deux-equipes-reconnait-genesio","status":"publish","type":"post","link":"https:\/\/www.europesays.com\/fr\/668712\/","title":{"rendered":"\u00abIl y a un monde entre les deux \u00e9quipes\u00bb, reconna\u00eet Genesio"},"content":{"rendered":"<p>\n    L\u2019entra\u00eeneur du Losc livre son analyse apr\u00e8s la d\u00e9faite 3-0 \u00e0 Paris vendredi, lors de la 18e journ\u00e9e de Ligue 1.<\/p>\n<p class=\"fig-paragraph\"><strong>Bruno Genesio (entra\u00eeneur de Lille, apr\u00e8s\u00a0<\/strong><a href=\"https:\/\/www.lefigaro.fr\/sports\/football\/ligue-1\/ligue-1-avec-un-bijou-signe-dembele-le-psg-couche-lille-et-prend-provisoirement-la-tete-20260116\" target=\"_blank\" data-fig-type=\"NewsFlash\" rel=\"noopener\" data-gtm-custom-categorie=\"navigation\" data-gtm-custom-action=\"crossclick\" data-gtm-custom-label=\"Contextuel\" data-gtm-event=\"customEventSPE\" data-fig-domain=\"LEFIGARO\"><strong>la d\u00e9faite 3-0 face au PSG<\/strong><\/a> <strong>)<\/strong>\u00a0: \u00abOn a fait une premi\u00e8re p\u00e9riode plut\u00f4t s\u00e9rieuse. On aurait pu ouvrir le score rapidement et ils ont marqu\u00e9 sur un but du Ballon d\u2019or, quasiment leur seule occasion (en premi\u00e8re p\u00e9riode)&#8230; On a beaucoup plus souffert en seconde p\u00e9riode. Je regrette que les deux derniers buts viennent de pertes de balle. Il y a un monde entre les deux \u00e9quipes mais on ne m\u00e9ritait pas de perdre avec un tel \u00e9cart. Les erreurs\u00a0? Paris a bien press\u00e9 donc ils sont aussi all\u00e9s chercher les r\u00e9cup\u00e9rations. Mais on manque aussi de maturit\u00e9, comme sur le troisi\u00e8me but parisien\u2026 La diff\u00e9rence se voit aussi sur l\u2019aspect technique et l\u2019intensit\u00e9 que mettent les joueurs du PSG. \u00c7a se paie sur la fin de rencontre.<\/p>\n<p class=\"fig-paragraph\">Trois revers d\u2019affil\u00e9e\u00a0? \u00c7a inqui\u00e8te car on n\u2019est jamais heureux de perdre et d\u2019encha\u00eener les d\u00e9faites. Il faut regarder le contenu des matchs plus que les r\u00e9sultats bruts. Ce soir, il faut reconna\u00eetre la sup\u00e9riorit\u00e9 de l\u2019adversaire, il faut \u00eatre lucide. Ce n\u2019est pas sur ce match qu\u2019il faut \u00eatre inquiets. Notre championnat n\u2019est pas contre Paris. Le deuxi\u00e8me but d\u2019Ousmane Demb\u00e9l\u00e9\u00a0? C\u2019est tout ce qu\u2019on aime dans le football. Il y a tout, qualit\u00e9 technique, lucidit\u00e9, geste juste\u2026 On n\u2019est pas Ballon d\u2019or par hasard. C\u2019est le talent et le talent fou d\u2019Ousmane. Mais il y a plein de talents dans cette \u00e9quipe, c\u2019est pour cela que c\u2019est dur de les jouer\u2026 La suspension d\u2019Olivier L\u00e9tang\u00a0? Je ne vais pas commenter cette d\u00e9cision. On a fait amende honorable et j\u2019accepte les sanctions.\u00bb<\/p>\n<p>                                            <a class=\"fig-a11y-skip\" href=\"#fig-a11y-skip-main-inarticle\" data-module=\"a11y-skip\" data-context=\"was @visible\"><br \/>\n    Passer la publicit\u00e9<br \/>\n<\/a>            <\/p>\n<p class=\"fig-paragraph\">Propos recueillis en conf\u00e9rence de presse<\/p>\n","protected":false},"excerpt":{"rendered":"L\u2019entra\u00eeneur du Losc livre son analyse apr\u00e8s la d\u00e9faite 3-0 \u00e0 Paris vendredi, lors de la 18e journ\u00e9e&hellip;\n","protected":false},"author":2,"featured_media":668713,"comment_status":"","ping_status":"","sticky":false,"template":"","format":"standard","meta":{"footnotes":""},"categories":[2815],"tags":[1111,11,8095,1777,674,1011,27,811,1307,2267,12,93,25],"class_list":{"0":"post-668712","1":"post","2":"type-post","3":"status-publish","4":"format-standard","5":"has-post-thumbnail","7":"category-lille","8":"tag-actu","9":"tag-actualites","10":"tag-bruno-genesio","11":"tag-eu","12":"tag-europe","13":"tag-fr","14":"tag-france","15":"tag-hauts-de-france","16":"tag-lille","17":"tag-losc","18":"tag-news","19":"tag-psg","20":"tag-republique-francaise"},"share_on_mastodon":{"url":"https:\/\/pubeurope.com\/@fr\/115907230819406642","error":""},"_links":{"self":[{"href":"https:\/\/www.europesays.com\/fr\/wp-json\/wp\/v2\/posts\/668712","targetHints":{"allow":["GET"]}}],"collection":[{"href":"https:\/\/www.europesays.com\/fr\/wp-json\/wp\/v2\/posts"}],"about":[{"href":"https:\/\/www.europesays.com\/fr\/wp-json\/wp\/v2\/types\/post"}],"author":[{"embeddable":true,"href":"https:\/\/www.europesays.com\/fr\/wp-json\/wp\/v2\/users\/2"}],"replies":[{"embeddable":true,"href":"https:\/\/www.europesays.com\/fr\/wp-json\/wp\/v2\/comments?post=668712"}],"version-history":[{"count":0,"href":"https:\/\/www.europesays.com\/fr\/wp-json\/wp\/v2\/posts\/668712\/revisions"}],"wp:featuredmedia":[{"embeddable":true,"href":"https:\/\/www.europesays.com\/fr\/wp-json\/wp\/v2\/media\/668713"}],"wp:attachment":[{"href":"https:\/\/www.europesays.com\/fr\/wp-json\/wp\/v2\/media?parent=668712"}],"wp:term":[{"taxonomy":"category","embeddable":true,"href":"https:\/\/www.europesays.com\/fr\/wp-json\/wp\/v2\/categories?post=668712"},{"taxonomy":"post_tag","embeddable":true,"href":"https:\/\/www.europesays.com\/fr\/wp-json\/wp\/v2\/tags?post=668712"}],"curies":[{"name":"wp","href":"https:\/\/api.w.org\/{rel}","templated":true}]}}