{"id":668714,"date":"2026-01-16T22:52:10","date_gmt":"2026-01-16T22:52:10","guid":{"rendered":"https:\/\/www.europesays.com\/fr\/668714\/"},"modified":"2026-01-16T22:52:10","modified_gmt":"2026-01-16T22:52:10","slug":"municipales-2026-a-marseille-marine-le-pen-appelle-au-sursaut-pour-faire-gagner-le-rn","status":"publish","type":"post","link":"https:\/\/www.europesays.com\/fr\/668714\/","title":{"rendered":"Municipales 2026. \u00c0 Marseille, Marine Le Pen appelle \u00ab\u00a0au sursaut\u00a0\u00bb pour faire gagner le RN"},"content":{"rendered":"<p>                    Par<br \/>\n        <strong><br \/>\n            <a href=\"https:\/\/actu.fr\/auteur\/thibault-nadal-actu-fr\" title=\"Consulter tous les articles de Thibault Nadal\" target=\"_blank\" rel=\"noopener\">Thibault Nadal<\/a><br \/>\n                    <\/strong><\/p>\n<p>        Publi\u00e9 le<\/p>\n<p>            16 janv. 2026 \u00e0 22h45        <\/p>\n<p><a href=\"https:\/\/actu.fr\/provence-alpes-cote-d-azur\/marseille_13055\/municipales-2026-a-marseille-le-rn-peut-creer-la-surprise-assure-franck-allisio_62903402.html\" target=\"_blank\" rel=\"noopener\">Franck Allisio<\/a> l\u2019a reconnu lui-m\u00eame. \u00ab\u2009Ses v\u0153ux ne sont pas les m\u00eames\u2009\u00bb. En effet, en cette ann\u00e9e 2026, <a href=\"https:\/\/actu.fr\/tag\/marine-le-pen\" target=\"_blank\" rel=\"noopener\">Marine Le Pen<\/a>, la triple candidate \u00e0 l\u2019\u00e9lection pr\u00e9sidentielle du <a href=\"https:\/\/actu.fr\/tag\/rassemblement-national-rn\" target=\"_blank\" rel=\"noopener\">Rassemblement national<\/a>, est venue soutenir celui qui brigue la mairie de <a href=\"https:\/\/actu.fr\/marseille\/\" target=\"_blank\" rel=\"noopener\">Marseille<\/a> et\u00a0cr\u00e9dit\u00e9 de <strong>30\u2009% d\u2019intentions de votes<\/strong> dans <a href=\"https:\/\/actu.fr\/provence-alpes-cote-d-azur\/marseille_13055\/municipales-a-marseille-le-rn-menace-benoit-payan-martine-vassal-decroche-selon-ce-sondage_63684321.html\" target=\"_blank\" rel=\"noopener\">un dernier sondage<\/a>. Donnant \u00e0 cette soir\u00e9e, devant plus de 1200 personnes, une allure de premier meeting de campagne.<\/p>\n<p>Marine Le Pen pl\u00e9biscit\u00e9e face \u00e0 Franck Allisio<\/p>\n<p class=\" wall-content\">Mais sur la sc\u00e8ne, <a href=\"https:\/\/actu.fr\/marseille\/politique\/elections-municipales\" target=\"_blank\" rel=\"noopener\">les \u00e9lections municipales<\/a>, dont le premier tour se tient dans moins de deux mois, n\u2019ont pas \u00e9t\u00e9 l\u2019\u00e9l\u00e9ment central de la soir\u00e9e. Ni Franck Allisio par ailleurs. La star, c\u2019\u00e9tait Marine Le Pen.<\/p>\n<p class=\" wall-content\">Celle qui a \u00ab\u2009quitt\u00e9 pour quelques heures la vie parisienne\u2009\u00bb, quatre jours apr\u00e8s le d\u00e9but de son proc\u00e8s en appel dans <strong>l\u2019affaire des emplois fictifs d\u2019assistants d\u2019eurod\u00e9put\u00e9s<\/strong>. En premi\u00e8re instance, elle a \u00e9t\u00e9 condamn\u00e9e \u00e0 <a href=\"https:\/\/actu.fr\/politique\/proces-du-rn-condamnee-marine-le-pen-sera-ineligible-pour-la-presidentielle-de-2027_62437488.html\" target=\"_blank\" rel=\"noopener\">quatre ans de prison et cinq ans d\u2019in\u00e9ligibilit\u00e9<\/a>, qui la prive pour l\u2019instant d\u2019une possible candidature en 2027.<\/p>\n<p class=\" wall-content\">Dans le public, impossible de trouver une personne venue pour le d\u00e9put\u00e9 des <a href=\"https:\/\/actu.fr\/provence-alpes-cote-d-azur\/bouches-du-rhone_13\" target=\"_blank\" rel=\"noopener\">Bouches-du-Rh\u00f4ne<\/a>. Tous n\u2019avaient que le nom de \u00ab\u2009Marine\u2009\u00bb en t\u00eate. \u00c0 l\u2019ext\u00e9rieur, \u00e9galement. Avant le d\u00e9but du meeting, <strong>500\u00a0personnes<\/strong>, dont le d\u00e9put\u00e9 <a href=\"https:\/\/actu.fr\/tag\/la-france-insoumise-lfi\" target=\"_blank\" rel=\"noopener\">LFI<\/a> et candidat \u00e0 la mairie S\u00e9bastien Delogu, \u00e9taient mobilis\u00e9es devant les grilles du parc Chanot (8e) pour accueillir Marine Le Pen \u00e0 coups de chants antifascistes.<\/p>\n<p class=\" wall-content\">\n<p>Pas d\u2019annonce programmatique<\/p>\n<p class=\" wall-content\">Au pupitre, les v\u0153ux de Franck Allisio ont d\u2019abord tourn\u00e9 \u00e0 la d\u00e9claration pour Marine Le Pen. \u00ab\u2009Il y a <strong>un lien particulier entre Marseille et toi<\/strong>\u2009\u00bb, citant son d\u00e9placement \u00e0 l\u2019automne 2021.<\/p>\n<p class=\" wall-content\">Apr\u00e8s cette introduction, le membre du RN est redevenu Franck Allisio et a distill\u00e9 les coups. D\u2019abord \u00e0 tous les politiques qui \u00ab\u2009depuis 40\u00a0ans ont <strong>arr\u00eat\u00e9 de travailler et fait perdre du temps<\/strong>\u2009\u00bb. Puis \u00e0 son adversaire d\u00e9sign\u00e9, Beno\u00eet Payan, coupable selon lui, \u00ab\u2009d\u2019avoir fait de Marseille le premier port d\u2019accueil des migrants, la seule chose qu\u2019il a r\u00e9ussi\u2009\u00bb.<\/p>\n<p class=\" wall-content\">Sans entrer en d\u00e9tail dans son programme, le candidat a rappel\u00e9 sa volont\u00e9 de \u00ab\u2009tourner la page socialo-macroniste\u2009\u00bb et ses objectifs en termes de <strong>s\u00e9curit\u00e9\u2009<\/strong>: trois fois plus de policiers municipaux et deux fois plus de cam\u00e9ras. \u00ab\u2009Rien ne sera possible sans le retour de l\u2019ordre\u2009\u00bb, d\u00e9plorant que \u00ab\u2009<strong>Marseille soit devenue une narcoville<\/strong> qui n\u2019a rien \u00e0 envier \u00e0 celle d\u2019Am\u00e9rique du Sud\u2009\u00bb.<\/p>\n<p>Votre r\u00e9gion, votre actu !<\/p>\n<p>Recevez chaque jour les infos qui comptent pour vous.<\/p>\n<p>\t<a href=\"https:\/\/actu.fr\/newsletter\" class=\"ac-btn ac-btn--corner ac-btn--medium ac-btn--blue800\" target=\"_blank\" rel=\"noopener\">S&rsquo;incrire<\/a><\/p>\n<p>    <img   decoding=\"async\" loading=\"lazy\" src=\"https:\/\/www.europesays.com\/fr\/wp-content\/uploads\/2026\/01\/whatsapp-image-2026-01-16-at-202324-960x640.jpeg\" alt=\"Une image de La Bonne-M\u00e8re, symbole de Marseille, \u00e9tait projet\u00e9e tout au long des discours.\" width=\"960\" height=\"640\"\/><br \/>\n    Une image de La Bonne-M\u00e8re, symbole de Marseille, \u00e9tait projet\u00e9e tout au long des discours. (\u00a9TN \/ actu Marseille)<\/p>\n<p class=\" wall-content\">Comme un symbole d\u2019une soir\u00e9e assez peu tourn\u00e9e sur les municipales, Franck Allisio a conclu son discours en \u00e9voquant l\u2019\u00e9lection pr\u00e9sidentielle de 2027 o\u00f9 le Rassemblement national fait figure de grand favori. \u00ab\u2009Nous avons besoin de toi, <strong>Marseille a besoin de toi<\/strong>\u2009\u00bb, lance-t-il \u00e0 Marine Le Pen. \u00ab\u2009C\u2019est de chez nous que tout recommence.<\/p>\n<p class=\" wall-content\"><strong>Marine Le Pen cible Beno\u00eet Payan<\/strong><\/p>\n<p class=\" wall-content\">La cheffe des d\u00e9put\u00e9s \u00e0 l\u2019Assembl\u00e9e nationale avait \u00e9galement des coups \u00e0 distribuer. \u00c0 tous les politiques locaux, <strong>coupables d\u2019avoir \u00ab\u2009b\u00e2cl\u00e9\u2009\u00bb le plan Marseille en Grand<\/strong>, \u00e0 <a href=\"https:\/\/actu.fr\/tag\/emmanuel-macron\" target=\"_blank\" rel=\"noopener\">Emmanuel Macron<\/a>, coupable de n\u2019avoir rien fait sur la s\u00e9curit\u00e9, \u00e0 S\u00e9bastien Delogu et <a href=\"https:\/\/actu.fr\/provence-alpes-cote-d-azur\/marseille_13055\/marseille-la-police-tue-indignation-apres-les-propos-de-sebastien-delogu-la-justice-saisie_63545869.html\" target=\"_blank\" rel=\"noopener\">ses propos sur \u00ab\u2009la police qui tue\u2009\u00bb\u2009<\/a>: \u00ab\u2009M. Delogu, \u00e0 Marseille, la police ne tue pas, elle souffre\u2009\u00bb, a-t-elle lanc\u00e9. Rien pour Martine Vassal en revanche.<\/p>\n<p class=\" wall-content\">Tous les efforts de Marine Le Pen \u00e9taient plut\u00f4t concentr\u00e9s sur <a href=\"https:\/\/actu.fr\/tag\/benoit-payan\" target=\"_blank\" rel=\"noopener\">Beno\u00eet Payan<\/a>.<\/p>\n<blockquote class=\"ac-article-quote wall-content\">\n<p>En six ans, coalition de gauche n\u2019a fait que renforcer l\u2019ins\u00e9curit\u00e9 de la ville. On nous promettait le \u00ab\u00a0printemps marseillais\u00a0\u00bb, nous n&rsquo;avons eu qu&rsquo;un long hiver budg\u00e9taire et s\u00e9curitaire.<\/p>\n<p>    <strong>Marine Le Pen<\/strong><br \/>\n        Cheffe du Rassemblement national    <\/p><\/blockquote>\n<p class=\" wall-content\">Quelques heures plus t\u00f4t, le maire (DVG) et candidat \u00e0 la mairie d\u00e9plorait aupr\u00e8s de l\u2019AFP que le RN \u00e9tait \u00ab\u2009l\u2019anti-Marseille\u2009\u00bb. Marine Le Pen lui a r\u00e9pondu que son parti \u00e9tait plut\u00f4t <strong>\u00ab\u2009l\u2019anti de ce qu\u2019ils ont fait de Marseille\u2009\u00bb<\/strong>.<\/p>\n<p class=\" wall-content\">Un Rassemblement national qui juge Beno\u00eet Payan, <strong>responsable de tous les maux<\/strong> sur la <a href=\"https:\/\/actu.fr\/tag\/insecurite\" target=\"_blank\" rel=\"noopener\">s\u00e9curit\u00e9<\/a> et coupable de ne pas faire le lien \u00ab\u2009entre immigration et ins\u00e9curit\u00e9\u2009\u00bb et de fermer les yeux sur \u00ab\u2009l\u2019islamisation de certains quartiers\u2009\u00bb.<\/p>\n<p>Violente passe d&rsquo;armes entre le RN et ses adversaires sur le budget de l&rsquo;\u00c9tat<\/p>\n<p>Beno\u00eet Payan et Martine Vassal, unis face \u00e0 Franck Allisio. Ce jeudi 15 janvier 2026, les deux candidats \u00e0 la mairie ont attaqu\u00e9 celui du RN apr\u00e8s que son parti a vot\u00e9, \u00e0 l&rsquo;Assembl\u00e9e nationale, une baisse de 4,9 milliards d&rsquo;euros pour les collectivit\u00e9s dans le cadre du budget 2026. \u00ab\u00a0Incroyable faute du RN \u00e0 Paris (&#8230;) L\u2019\u00e9quivalent (en tout) d\u2019une \u00e9cole r\u00e9nov\u00e9e, d\u2019une piscine construite et de deux postes de police qu\u2019on aurait pu installer dans nos quartiers\u00a0\u00bb, a d\u00e9gain\u00e9 en premier la droite.<\/p>\n<p>Suivi du Printemps marseillais qui a repris le m\u00eame argument sur le d\u00e9samour de Franck Allisio \u00e0 la cit\u00e9 phoc\u00e9enne. \u00ab\u00a0\u00c0 Marseille, cette baisse correspond \u00e0 une perte de 50 millions d\u2019euros : c\u2019est plus que le salaire de l\u2019ensemble de nos policiers municipaux et sup\u00e9rieurs au budget total de la cantine scolaire de nos enfants. Le parti d\u2019extr\u00eame droite de Franck Allisio montre aujourd\u2019hui son vrai visage : le RN n\u2019aime pas les villes, et Franck Allisio n\u2019aime pas Marseille.\u00a0\u00bb<\/p>\n<p>Attaqu\u00e9, le Rassemblement national a r\u00e9agi dans un communiqu\u00e9 en d\u00e9non\u00e7ant des \u00ab\u00a0socialo-macronistes qui font semblant de ne rien comprendre\u00a0\u00bb. \u00ab\u00a0S\u2019ils \u00e9taient un peu plus s\u00e9rieux et avaient lu l\u2019expos\u00e9 des motifs du texte qu\u2019ils critiquent, ils auraient compris que l\u2019amendement du RN vise les EPCI et les R\u00e9gions\u00a0\u00bb, explique-t-on du c\u00f4t\u00e9 du RN.<\/p>\n<p>De toute fa\u00e7on, cet amendement devrait tomber \u00e0 l&rsquo;eau, puisque le gouvernement envisage d&rsquo;utiliser le 49-3 pour faire voter le budget, ce qui rendrait la motion du RN caduque.<\/p>\n<p>Un Franck Allisio \u00ab\u2009effac\u00e9\u2009\u00bb<\/p>\n<p class=\" wall-content\">Apr\u00e8s une (grosse) parenth\u00e8se sur le premier Ministre, <a href=\"https:\/\/actu.fr\/tag\/sebastien-lecornu\" target=\"_blank\" rel=\"noopener\">S\u00e9bastien Lecornu<\/a>, Marine Le Pen appel\u00e9 les \u00e9lecteurs <strong>\u00ab\u2009\u00e0 aller voter\u2009\u00bb<\/strong> et \u00ab\u2009au sursaut\u2009\u00bb, pour faire en sorte que Marseille devienne la premi\u00e8re grande ville \u00e0 passer sous l\u2019escarcelle du RN.<\/p>\n<p class=\" wall-content\">\u00c0 la sortie, tous \u00e9taient \u00e9videmment conquis par ce qu\u2019ils avaient entendu. Sauf un homme, qui a trouv\u00e9 Franck Allisio \u00ab\u2009tr\u00e8s effac\u00e9\u2009\u00bb et <strong>un discours qui manquait \u00ab\u2009de punch\u2009\u00bb<\/strong>.<\/p>\n<p class=\" wall-content\">Personnalisez votre actualit\u00e9 en ajoutant vos villes et m\u00e9dias en favori avec <a href=\"https:\/\/moncompte.actu.fr\" title=\"D\u00e9couvez Mon Actu\" rel=\"nofollow noopener\" data-trk=\"{&quot;cta&quot;:{&quot;action&quot;:&quot;https:\\\/\\\/moncompte.actu.fr&quot;,&quot;category&quot;:&quot;mon compte&quot;,&quot;from&quot;:&quot;article footer&quot;,&quot;name&quot;:&quot;Mon actu&quot;,&quot;type&quot;:&quot;cta&quot;}}\" target=\"_blank\">Mon Actu<\/a>.<\/p>\n","protected":false},"excerpt":{"rendered":"Par Thibault Nadal Publi\u00e9 le 16 janv. 2026 \u00e0 22h45 Franck Allisio l\u2019a reconnu lui-m\u00eame. \u00ab\u2009Ses v\u0153ux ne&hellip;\n","protected":false},"author":2,"featured_media":668715,"comment_status":"","ping_status":"","sticky":false,"template":"","format":"standard","meta":{"footnotes":""},"categories":[2814],"tags":[1111,11,6469,4188,1777,674,1011,27,430,884,3434,12,316,882,25],"class_list":{"0":"post-668714","1":"post","2":"type-post","3":"status-publish","4":"format-standard","5":"has-post-thumbnail","7":"category-marseille","8":"tag-actu","9":"tag-actualites","10":"tag-benoit-payan","11":"tag-elections-municipales","12":"tag-eu","13":"tag-europe","14":"tag-fr","15":"tag-france","16":"tag-marine-le-pen","17":"tag-marseille","18":"tag-municipales-2026","19":"tag-news","20":"tag-politique","21":"tag-provence-alpes-cote-dazur","22":"tag-republique-francaise"},"share_on_mastodon":{"url":"https:\/\/pubeurope.com\/@fr\/115907234705542245","error":""},"_links":{"self":[{"href":"https:\/\/www.europesays.com\/fr\/wp-json\/wp\/v2\/posts\/668714","targetHints":{"allow":["GET"]}}],"collection":[{"href":"https:\/\/www.europesays.com\/fr\/wp-json\/wp\/v2\/posts"}],"about":[{"href":"https:\/\/www.europesays.com\/fr\/wp-json\/wp\/v2\/types\/post"}],"author":[{"embeddable":true,"href":"https:\/\/www.europesays.com\/fr\/wp-json\/wp\/v2\/users\/2"}],"replies":[{"embeddable":true,"href":"https:\/\/www.europesays.com\/fr\/wp-json\/wp\/v2\/comments?post=668714"}],"version-history":[{"count":0,"href":"https:\/\/www.europesays.com\/fr\/wp-json\/wp\/v2\/posts\/668714\/revisions"}],"wp:featuredmedia":[{"embeddable":true,"href":"https:\/\/www.europesays.com\/fr\/wp-json\/wp\/v2\/media\/668715"}],"wp:attachment":[{"href":"https:\/\/www.europesays.com\/fr\/wp-json\/wp\/v2\/media?parent=668714"}],"wp:term":[{"taxonomy":"category","embeddable":true,"href":"https:\/\/www.europesays.com\/fr\/wp-json\/wp\/v2\/categories?post=668714"},{"taxonomy":"post_tag","embeddable":true,"href":"https:\/\/www.europesays.com\/fr\/wp-json\/wp\/v2\/tags?post=668714"}],"curies":[{"name":"wp","href":"https:\/\/api.w.org\/{rel}","templated":true}]}}