{"id":668716,"date":"2026-01-16T22:53:25","date_gmt":"2026-01-16T22:53:25","guid":{"rendered":"https:\/\/www.europesays.com\/fr\/668716\/"},"modified":"2026-01-16T22:53:25","modified_gmt":"2026-01-16T22:53:25","slug":"a-marseille-marine-le-pen-et-le-rn-se-prennent-a-rever-de-victoire-aux-municipales-16-01-2026-a-2229","status":"publish","type":"post","link":"https:\/\/www.europesays.com\/fr\/668716\/","title":{"rendered":"A Marseille, Marine Le Pen et le RN se prennent \u00e0 r\u00eaver de victoire aux municipales &#8211; 16\/01\/2026 \u00e0 22:29"},"content":{"rendered":"<p>        <img decoding=\"async\" src=\"https:\/\/www.europesays.com\/fr\/wp-content\/uploads\/2026\/01\/033b137c0d5ac27509baa2fadfde8daf-760x507.jpg\" alt=\"Marine Le Pen, pr\u00e9sidente du groupe parlementaire du RN et Franck Allisio, candidat du RN \u00e0 la mairie de Marseille, \u00e0 Marseille, le 16 janvier 2026 ( AFP \/ Miguel MEDINA )\" loading=\"eager\" fetchpriority=\"high\" width=\"760\" height=\"507\" style=\"max-width: 100%!important; height: auto;\"\/><\/p>\n<p class=\"c-image-news__legend\">Marine Le Pen, pr\u00e9sidente du groupe parlementaire du RN et Franck Allisio, candidat du RN \u00e0 la mairie de Marseille, \u00e0 Marseille, le 16 janvier 2026 ( AFP \/ Miguel MEDINA )<\/p>\n<p>\n A deux mois du premier tour, Marine Le Pen est venue vendredi galvaniser ses troupes \u00e0 Marseille, que le Rassemblement national et son candidat Franck Allisio r\u00eavent de faire basculer pour faire \u00ab\u00a0souffler le mistral\u00a0\u00bb de \u00ab\u00a0l&rsquo;alternance\u00a0\u00bb jusqu&rsquo;\u00e0 la pr\u00e9sidentielle.\n<\/p>\n<p>\n Elle a beau venir du nord, la patronne du RN a le d\u00e9compte g\u00e9n\u00e9reux: \u00ab\u00a0Un million de Marseillais comptent sur toi\u00a0\u00bb, lance-t-elle \u00e0 son candidat dans la deuxi\u00e8me ville de France, peupl\u00e9e d&rsquo;un peu moins de 900.000 \u00e2mes.\n<\/p>\n<p>\n La cheffe de file de l&rsquo;extr\u00eame droite a beau jouer son avenir devant la justice \u00e0 Paris, le parti \u00e0 la flamme r\u00eave grand \u00e0 Marseille. A deux pas du stade V\u00e9lodrome, l&rsquo;auditorium du parc Chanot et ses 1.200 places \u00e9taient remplis \u00e0 ras-bord pour \u00ab\u00a0l&rsquo;invit\u00e9e d&rsquo;honneur\u00a0\u00bb des voeux de la t\u00eate de liste nationaliste. Une c\u00e9r\u00e9monie aux airs de meeting \u00e9lectoral, o\u00f9 Marine Le Pen a exhort\u00e9 ses sympathisants \u00e0 \u00ab\u00a0aller voter en masse en faveur de l&rsquo;alternance\u00a0\u00bb.\n<\/p>\n<p>\n Apr\u00e8s \u00ab\u00a0six ann\u00e9es de gauchisme\u00a0\u00bb sous l&rsquo;\u00e9gide du maire sortant Benoit Payan &#8211; hu\u00e9 comme de rigueur &#8211; \u00ab\u00a0l&rsquo;heure est au sursaut\u00a0\u00bb, a-t-elle insist\u00e9, \u00e0 peine interrompue par un militant antifasciste infiltr\u00e9 dans la salle et rapidement \u00e9vacu\u00e9.\n<\/p>\n<p>        <img decoding=\"async\" src=\"https:\/\/www.europesays.com\/fr\/wp-content\/uploads\/2026\/01\/7f1b7e9b7a29f5c6daacf395f5d4839a-760x507.jpg\" alt=\"Marine Le Pen (\u00e0 droite), pr\u00e9sidente du RN, et Franck Allisio, candidat RN \u00e0 la mairie de Marseille, lors d'un meeting \u00e0 Marseille, le 16 janvier 2026 ( AFP \/ Miguel MEDINA )\" loading=\"eager\" fetchpriority=\"high\" width=\"760\" height=\"507\" style=\"max-width: 100%!important; height: auto;\"\/><\/p>\n<p class=\"c-image-news__legend\">Marine Le Pen (\u00e0 droite), pr\u00e9sidente du RN, et Franck Allisio, candidat RN \u00e0 la mairie de Marseille, lors d&rsquo;un meeting \u00e0 Marseille, le 16 janvier 2026 ( AFP \/ Miguel MEDINA )<\/p>\n<p>\n Avec ce qu&rsquo;il faut de \u00ab\u00a0plein soutien\u00a0\u00bb et de \u00ab\u00a0confiance\u00a0\u00bb, la triple candidate pr\u00e9sidentielle a aussi mis une petite dose de pression \u00e0 son poulain marseillais, cens\u00e9 lui ouvrir rien moins que les portes de l&rsquo;Elys\u00e9e: \u00ab\u00a0Lorsque tu auras obtenu (ce) premier r\u00e9sultat, Franck, dans un an l&rsquo;heure sera alors venue pour une autre alternance, qu&rsquo;attendent des dizaines de millions de Fran\u00e7ais\u00a0\u00bb.\n<\/p>\n<p>\n Ce quand bien m\u00eame son proc\u00e8s en appel (dans l&rsquo;affaire des assistants parlementaires europ\u00e9ens du Front national, ancien nom du RN) qui s&rsquo;est ouvert cette semaine \u00e0 Paris pourrait la contraindre \u00e0 renoncer \u00e0 une quatri\u00e8me tentative, au profit de son dauphin Jordan Bardella.\n<\/p>\n<p>\n Pas de quoi alt\u00e9rer son aura aupr\u00e8s des militants, comme Lucas, 32 ans, pour qui elle \u00ab\u00a0reste la candidate num\u00e9ro un\u00a0\u00bb, ou Val\u00e9rie, 60 ans, \u00e9lectrice de longue date et qui \u00ab\u00a0votera RN quoi qu&rsquo;il arrive, quoi qu&rsquo;il en soit\u00a0\u00bb.\n<\/p>\n<p> &#8211; \u00ab\u00a0Parti anti-Marseille\u00a0\u00bb &#8211;<\/p>\n<p>        <img decoding=\"async\" src=\"https:\/\/www.europesays.com\/fr\/wp-content\/uploads\/2026\/01\/5605ee0769cb87d8b4e13160e4d87d08-760x507.jpg\" alt=\"Le maire sortant de Marseille, le divers gauche Beno\u00eet Payan, \u00e0 Paris le 19 novembre 2025 ( AFP \/ JOEL SAGET )\" loading=\"eager\" fetchpriority=\"high\" width=\"760\" height=\"507\" style=\"max-width: 100%!important; height: auto;\"\/><\/p>\n<p class=\"c-image-news__legend\">Le maire sortant de Marseille, le divers gauche Beno\u00eet Payan, \u00e0 Paris le 19 novembre 2025 ( AFP \/ JOEL SAGET )<\/p>\n<p>\n Cette base solide se retrouve dans le dernier sondage Ipsos pour La Marseillaise paru cette semaine, o\u00f9 M. Allisio fait jeu \u00e9gal avec M. Payan avec 30% des intentions de vote chacun. Un niveau \u00e9quivalent aux score atteints l&rsquo;an dernier par le RN dans la cit\u00e9 phoc\u00e9enne, tant aux europ\u00e9ennes (30,14%) qu&rsquo;au premier tour des l\u00e9gislatives (33,16%), et qui installe un duel au sommet, devant la pr\u00e9sidente du d\u00e9partement Martine Vassal (alliance droite-centre) distanc\u00e9e \u00e0 23%, et le d\u00e9put\u00e9 LFI S\u00e9bastien Delogu rel\u00e9gu\u00e9 \u00e0 14%.\n<\/p>\n<p>\n De quoi donner des ailes \u00e0 l&rsquo;extr\u00eame droite, qui peut s&rsquo;imaginer l&#8217;emporter si les quatre favoris se maintiennent au second tour, voire m\u00eame dans une triangulaire en se posant comme le vote utile pour faire basculer la mairie prise par la gauche il y a six ans.\n<\/p>\n<p>\n Dans la peau du challenger, le d\u00e9put\u00e9 RN des Bouches-du-Rh\u00f4ne a d&rsquo;ailleurs promis \u00e0 ses troupe un \u00ab\u00a0moment de bascule\u00a0\u00bb pour \u00ab\u00a0tourner la page socialo-macroniste\u00a0\u00bb, pr\u00e9lude \u00e0 \u00ab\u00a0une alternance nationale en 2027\u00a0\u00bb. Car \u00ab\u00a0c&rsquo;est de Marseille que le mistral va souffler, jusqu&rsquo;\u00e0 la victoire\u00a0\u00bb, a-t-il ajout\u00e9.\n<\/p>\n<p>\n En miroir, cette strat\u00e9gie de nationalisation de l&rsquo;enjeu marseillais permet aussi au maire sortant de se pr\u00e9senter en rempart face au risque de victoire de l&rsquo;extr\u00eame droite. \u00ab\u00a0Le Rassemblement national, c&rsquo;est le parti anti-Marseille\u00a0\u00bb, a ainsi d\u00e9clar\u00e9 M. Payan \u00e0 l&rsquo;AFP plus t\u00f4t dans la journ\u00e9e, signifiant que Mme Le Pen n&rsquo;\u00e9tait pas vraiment la bienvenue sur ses terres.\n<\/p>\n<p>\n \u00ab\u00a0Tout dans l&rsquo;ADN de la ville dit le contraire de ce que ces gens racontent. Tout dans l&rsquo;histoire de la ville dit le contraire de ce qu&rsquo;est le Rassemblement national\u00a0\u00bb.\n<\/p>\n<p>        <img decoding=\"async\" src=\"https:\/\/www.europesays.com\/fr\/wp-content\/uploads\/2026\/01\/4b4c70ebdb495ed8062f8c9a8bff28e5-760x507.jpg\" alt=\"Des manifestants de gauche protestent contre le RN et son candidat \u00e0 la mairie de Marseille, Franck Allisio, \u00e0 Marseille, le 16 janvier 2026 ( AFP \/ MIGUEL MEDINA )\" loading=\"eager\" fetchpriority=\"high\" width=\"760\" height=\"507\" style=\"max-width: 100%!important; height: auto;\"\/><\/p>\n<p class=\"c-image-news__legend\">Des manifestants de gauche protestent contre le RN et son candidat \u00e0 la mairie de Marseille, Franck Allisio, \u00e0 Marseille, le 16 janvier 2026 ( AFP \/ MIGUEL MEDINA )<\/p>\n<p>\n Signe que le match sera disput\u00e9, \u00e0 l&rsquo;ext\u00e9rieur du parc Chanot quelque 500 opposants &#8211; parmi lesquels M. Delogu &#8211; ont manifest\u00e9 sous bonne garde polici\u00e8re. Entre fumig\u00e8nes, drapeaux rouges et jets de farine, Val\u00e9rie, 37 ans, s&rsquo;inqui\u00e9tait de voir que les id\u00e9es du RN \u00ab\u00a0gagnent du terrain et le vivre ensemble (en) perd\u00a0\u00bb, dans une ville b\u00e2tie \u00ab\u00a0sur la rencontre de plusieurs populations en harmonie\u00a0\u00bb.<\/p>\n","protected":false},"excerpt":{"rendered":"Marine Le Pen, pr\u00e9sidente du groupe parlementaire du RN et Franck Allisio, candidat du RN \u00e0 la mairie&hellip;\n","protected":false},"author":2,"featured_media":668717,"comment_status":"","ping_status":"","sticky":false,"template":"","format":"standard","meta":{"footnotes":""},"categories":[2814],"tags":[400,1111,11,398,408,405,1777,674,1011,27,403,402,399,404,884,12,882,25,401,406,407],"class_list":{"0":"post-668716","1":"post","2":"type-post","3":"status-publish","4":"format-standard","5":"has-post-thumbnail","7":"category-marseille","8":"tag-action-cac-40","9":"tag-actu","10":"tag-actualites","11":"tag-bourse-de-paris","12":"tag-boursorama","13":"tag-cotations","14":"tag-eu","15":"tag-europe","16":"tag-fr","17":"tag-france","18":"tag-indices-devises","19":"tag-investir","20":"tag-investissement","21":"tag-marche-boursier","22":"tag-marseille","23":"tag-news","24":"tag-provence-alpes-cote-dazur","25":"tag-republique-francaise","26":"tag-sicav","27":"tag-trackers","28":"tag-warrants"},"share_on_mastodon":{"url":"https:\/\/pubeurope.com\/@fr\/115907238822920254","error":""},"_links":{"self":[{"href":"https:\/\/www.europesays.com\/fr\/wp-json\/wp\/v2\/posts\/668716","targetHints":{"allow":["GET"]}}],"collection":[{"href":"https:\/\/www.europesays.com\/fr\/wp-json\/wp\/v2\/posts"}],"about":[{"href":"https:\/\/www.europesays.com\/fr\/wp-json\/wp\/v2\/types\/post"}],"author":[{"embeddable":true,"href":"https:\/\/www.europesays.com\/fr\/wp-json\/wp\/v2\/users\/2"}],"replies":[{"embeddable":true,"href":"https:\/\/www.europesays.com\/fr\/wp-json\/wp\/v2\/comments?post=668716"}],"version-history":[{"count":0,"href":"https:\/\/www.europesays.com\/fr\/wp-json\/wp\/v2\/posts\/668716\/revisions"}],"wp:featuredmedia":[{"embeddable":true,"href":"https:\/\/www.europesays.com\/fr\/wp-json\/wp\/v2\/media\/668717"}],"wp:attachment":[{"href":"https:\/\/www.europesays.com\/fr\/wp-json\/wp\/v2\/media?parent=668716"}],"wp:term":[{"taxonomy":"category","embeddable":true,"href":"https:\/\/www.europesays.com\/fr\/wp-json\/wp\/v2\/categories?post=668716"},{"taxonomy":"post_tag","embeddable":true,"href":"https:\/\/www.europesays.com\/fr\/wp-json\/wp\/v2\/tags?post=668716"}],"curies":[{"name":"wp","href":"https:\/\/api.w.org\/{rel}","templated":true}]}}