{"id":668722,"date":"2026-01-16T22:57:20","date_gmt":"2026-01-16T22:57:20","guid":{"rendered":"https:\/\/www.europesays.com\/fr\/668722\/"},"modified":"2026-01-16T22:57:20","modified_gmt":"2026-01-16T22:57:20","slug":"stages-de-mi-saison-arbitres-regionaux-ligue-de-paris-ile-de-france","status":"publish","type":"post","link":"https:\/\/www.europesays.com\/fr\/668722\/","title":{"rendered":"STAGES DE MI-SAISON ARBITRES R\u00c9GIONAUX \u2013 LIGUE DE PARIS ILE-DE-FRANCE"},"content":{"rendered":"<p>                    <img width=\"611\" height=\"378\" src=\"https:\/\/www.europesays.com\/fr\/wp-content\/uploads\/2026\/01\/stage-mi-saison-1-611x378.jpg\" class=\"vignette-large wp-post-image\" alt=\"\" decoding=\"async\" fetchpriority=\"high\"  \/>                    <\/p>\n<p>\n                        STAGES DE MI-SAISON ARBITRES R\u00c9GIONAUX\n                    <\/p>\n<p style=\"text-align: justify;\">Des stages de mi-saison pour les arbitres r\u00e9gionaux franciliens ont lieu sur le mois de janvier \u00e0 Morfond\u00e9.\u00a0<\/p>\n<p style=\"text-align: justify;\">La <strong>Commission R\u00e9gionale d\u2019Arbitrage<\/strong> (CRA) effectue des stages de mi-saison pour les arbitres r\u00e9gionaux de chaque cat\u00e9gorie sur les week-ends du mois de janvier. Les 3 et 4 janvier derniers, des stages \u00e9taient d\u00e9di\u00e9s aux arbitres s\u00e9niors toutes cat\u00e9gories. \u00c0 noter, il y a eu une session sp\u00e9ciale pour les arbitres assistants sp\u00e9cifiques, anim\u00e9e par <strong>Emmanuel Boisdhengien<\/strong> (observateur assistant de niveau f\u00e9d\u00e9ral, CTDA du District 95) le dimanche 4 janvier.<\/p>\n<p style=\"text-align: justify;\">Le week-end du 10 et 11 janvier a \u00e9t\u00e9 consacr\u00e9 aux arbitres r\u00e9gionaux des cat\u00e9gories jeunes le samedi et f\u00e9minines le dimanche. \u00c0 cette occasion, la CRA avait convi\u00e9 des arbitres f\u00e9minines d\u00e9partementales pour participer \u00e0 ce stage (photo ci-dessus). Un stage anim\u00e9 par <strong>Alexandre Vallez<\/strong>, CTA du District 93. Ce dimanche 18 janvier, ce sera au tour des arbitres Futsal, puis, les observateurs le dimanche 25 janvier.<\/p>\n<p>Merci \u00e0 tous les arbitres r\u00e9gionaux pr\u00e9sents sur ces stages de mi-saison !<\/p>\n<p>Par<br \/>\n                     Mathieu<br \/>\n                     DEVILLE CAVELLIN\n                <\/p>\n","protected":false},"excerpt":{"rendered":"STAGES DE MI-SAISON ARBITRES R\u00c9GIONAUX Des stages de mi-saison pour les arbitres r\u00e9gionaux franciliens ont lieu sur le&hellip;\n","protected":false},"author":2,"featured_media":668723,"comment_status":"","ping_status":"","sticky":false,"template":"","format":"standard","meta":{"footnotes":""},"categories":[1592],"tags":[1111,11,1777,674,1011,27,662,12,626,25],"class_list":{"0":"post-668722","1":"post","2":"type-post","3":"status-publish","4":"format-standard","5":"has-post-thumbnail","7":"category-ile-de-france","8":"tag-actu","9":"tag-actualites","10":"tag-eu","11":"tag-europe","12":"tag-fr","13":"tag-france","14":"tag-ile-de-france","15":"tag-news","16":"tag-paris","17":"tag-republique-francaise"},"share_on_mastodon":{"url":"https:\/\/pubeurope.com\/@fr\/115907254269030748","error":""},"_links":{"self":[{"href":"https:\/\/www.europesays.com\/fr\/wp-json\/wp\/v2\/posts\/668722","targetHints":{"allow":["GET"]}}],"collection":[{"href":"https:\/\/www.europesays.com\/fr\/wp-json\/wp\/v2\/posts"}],"about":[{"href":"https:\/\/www.europesays.com\/fr\/wp-json\/wp\/v2\/types\/post"}],"author":[{"embeddable":true,"href":"https:\/\/www.europesays.com\/fr\/wp-json\/wp\/v2\/users\/2"}],"replies":[{"embeddable":true,"href":"https:\/\/www.europesays.com\/fr\/wp-json\/wp\/v2\/comments?post=668722"}],"version-history":[{"count":0,"href":"https:\/\/www.europesays.com\/fr\/wp-json\/wp\/v2\/posts\/668722\/revisions"}],"wp:featuredmedia":[{"embeddable":true,"href":"https:\/\/www.europesays.com\/fr\/wp-json\/wp\/v2\/media\/668723"}],"wp:attachment":[{"href":"https:\/\/www.europesays.com\/fr\/wp-json\/wp\/v2\/media?parent=668722"}],"wp:term":[{"taxonomy":"category","embeddable":true,"href":"https:\/\/www.europesays.com\/fr\/wp-json\/wp\/v2\/categories?post=668722"},{"taxonomy":"post_tag","embeddable":true,"href":"https:\/\/www.europesays.com\/fr\/wp-json\/wp\/v2\/tags?post=668722"}],"curies":[{"name":"wp","href":"https:\/\/api.w.org\/{rel}","templated":true}]}}