{"id":668724,"date":"2026-01-16T22:58:18","date_gmt":"2026-01-16T22:58:18","guid":{"rendered":"https:\/\/www.europesays.com\/fr\/668724\/"},"modified":"2026-01-16T22:58:18","modified_gmt":"2026-01-16T22:58:18","slug":"le-pole-cold-cases-de-nanterre-enquete-bien-sur-des-victimes-attribuees-au-grele","status":"publish","type":"post","link":"https:\/\/www.europesays.com\/fr\/668724\/","title":{"rendered":"le p\u00f4le cold cases de Nanterre enqu\u00eate bien sur des victimes attribu\u00e9es au \u00abGr\u00eal\u00e9\u00bb"},"content":{"rendered":"<p>Dominique Pelicot connaissait-il le tueur en s\u00e9rie Fran\u00e7ois V\u00e9rove, surnomm\u00e9 \u00ab\u00a0Le Gr\u00eal\u00e9\u00a0\u00bb ? Le p\u00f4le cold cases de Nanterre a en tout cas ouvert une enqu\u00eate sur leurs parcours criminels lundi dernier. <\/p>\n<p>Le p\u00f4le cold cases de Nanterre enqu\u00eate sur les \u00ab\u00a0parcours criminels\u00a0\u00bb de <a href=\"https:\/\/www.parismatch.com\/bio\/dominique-pelicot\" target=\"_blank\" rel=\"noopener\">Dominique Pelicot<\/a>, principal condamn\u00e9 des viols de Mazan, et le tueur en s\u00e9rie Fran\u00e7ois V\u00e9rove, surnomm\u00e9 \u00ab\u00a0Le Gr\u00eal\u00e9\u00a0\u00bb, a indiqu\u00e9 vendredi le parquet de Nanterre, sollicit\u00e9 par l\u2019AFP.<\/p>\n<p>Les investigations sur ces \u00ab\u00a0parcours criminels\u00a0\u00bb, destin\u00e9es \u00e0 identifier d\u2019autres victimes potentielles, ont \u00e9t\u00e9 d\u00e9clench\u00e9es lundi, a pr\u00e9cis\u00e9 le minist\u00e8re public, confirmant une information de RTL.<\/p>\n<p>    La suite apr\u00e8s cette publicit\u00e9<\/p>\n<p>Dominique P\u00e9licot a \u00e9t\u00e9 condamn\u00e9 en 2024 \u00e0 20\u00a0ans de r\u00e9clusion pour avoir drogu\u00e9 sa femme Gis\u00e8le afin de la violer et de la livrer \u00e0 des dizaines d\u2019inconnus dans leur maison de Mazan, entre\u00a02011 et\u00a02020. Ancien gendarme et ex-policier, Fran\u00e7ois V\u00e9rove, tueur en s\u00e9rie surnomm\u00e9 \u00ab\u00a0Le Gr\u00eal\u00e9\u00a0\u00bb, s\u2019est lui donn\u00e9 la mort en septembre\u00a02021 alors qu\u2019il \u00e9tait convoqu\u00e9 par des enqu\u00eateurs.<\/p>\n<p>    La suite apr\u00e8s cette publicit\u00e9<\/p>\n<p>Un scoop de Paris Match en novembre\u00a02024<\/p>\n<p>Dans une enqu\u00eate publi\u00e9e en novembre\u00a02024, Paris Match \u00e9voquait d\u00e9j\u00e0 cette piste \u00e9tudi\u00e9e de pr\u00e8s par la juge Nathalie Turquey, du p\u00f4le des crimes s\u00e9riels ou non \u00e9lucid\u00e9s du \u00adtribunal de Nanterre. Tous deux pourraient avoir plus que l\u2019ivresse de la \u00adperversion en partage. Lieux des crimes, profils des victimes pr\u00e9sum\u00e9es, modes \u00adop\u00e9ratoires. Les investigations ont mis au jour un r\u00e9seau de co\u00efncidences et de \u00adsimilitudes \u00adsaisissantes. Aussi impensable que cela puisse \u00eatre, leurs trajectoires ont pu se croiser \u00e0 au moins deux reprises dans les ann\u00e9es\u00a01980 et\u00a01990 \u00e0 Paris et en grande banlieue, \u00e9crivait-on alors. Parmi les meurtres non \u00e9lucid\u00e9s, figure celui de <a href=\"https:\/\/www.parismatch.com\/actu\/faits-divers\/dominique-pelicot-le-monstre-de-mazan-avait-deja-sevi-242174\" target=\"_blank\" rel=\"noopener\">Sophie Narme<\/a>. Le 4\u00a0d\u00e9cembre 1991, cette agente immobili\u00e8re de 23\u00a0ans \u00e9tait anesth\u00e9si\u00e9e avec une compresse d\u2019\u00e9ther, viol\u00e9e puis \u00e9trangl\u00e9e lors d\u2019une visite d\u2019appartement, au 22 de la rue Manin, dans le XIXe\u202farrondissement de Paris.<\/p>\n<p>Autre affaire, celle d\u2019\u00c9dith Martinet, autre crime imput\u00e9 au Gr\u00eal\u00e9, qui va faire l\u2019objet de nouvelles v\u00e9rifications. Le 3\u00a0avril 1987, cette jeune femme de 26\u00a0ans \u00e9tait retrouv\u00e9e nue, \u00e9trangl\u00e9e et poignard\u00e9e au thorax du c\u00f4t\u00e9 gauche, dans son studio de la Plaine Saint-Denis, au nord de Paris. Aucune trace d\u2019effraction constat\u00e9e. Trait\u00e9e \u00e0 l\u2019origine par la police judiciaire de \u00adSeine-Saint-\u00adDenis, l\u2019affaire avait tardivement \u00e9t\u00e9 reli\u00e9e au Gr\u00eal\u00e9 par la crim\u2019. Mais l\u2019hypoth\u00e8se \u00adPelicot constituerait aujourd\u2019hui une autre piste envisageable. Et pas seulement \u00e0 l\u2019aune du mode op\u00e9ratoire. Edith \u00adMartinet \u00e9tait salari\u00e9e comme enqu\u00eatrice marketing par une soci\u00e9t\u00e9 bas\u00e9e rue Regnault, dans le XIIIe\u202farrondissement de Paris. Elle d\u00e9marchait des particuliers pour leur faire tester des produits commerciaux, notamment dans les grands ensembles du quartier asiatique. Pile le secteur professionnel couvert par Dominique Pelicot, qui fait alors du porte-\u00e0-porte en tant qu\u2019agent immobilier.<\/p>\n","protected":false},"excerpt":{"rendered":"Dominique Pelicot connaissait-il le tueur en s\u00e9rie Fran\u00e7ois V\u00e9rove, surnomm\u00e9 \u00ab\u00a0Le Gr\u00eal\u00e9\u00a0\u00bb ? Le p\u00f4le cold cases de&hellip;\n","protected":false},"author":2,"featured_media":668725,"comment_status":"","ping_status":"","sticky":false,"template":"","format":"standard","meta":{"footnotes":""},"categories":[1888],"tags":[1111,1928,11,1927,1777,674,1011,27,12,1926,626,1925,25],"class_list":{"0":"post-668724","1":"post","2":"type-post","3":"status-publish","4":"format-standard","5":"has-post-thumbnail","7":"category-paris","8":"tag-actu","9":"tag-actu-paris","10":"tag-actualites","11":"tag-actualites-paris","12":"tag-eu","13":"tag-europe","14":"tag-fr","15":"tag-france","16":"tag-news","17":"tag-news-paris","18":"tag-paris","19":"tag-paris-news","20":"tag-republique-francaise"},"share_on_mastodon":{"url":"https:\/\/pubeurope.com\/@fr\/115907258309463638","error":""},"_links":{"self":[{"href":"https:\/\/www.europesays.com\/fr\/wp-json\/wp\/v2\/posts\/668724","targetHints":{"allow":["GET"]}}],"collection":[{"href":"https:\/\/www.europesays.com\/fr\/wp-json\/wp\/v2\/posts"}],"about":[{"href":"https:\/\/www.europesays.com\/fr\/wp-json\/wp\/v2\/types\/post"}],"author":[{"embeddable":true,"href":"https:\/\/www.europesays.com\/fr\/wp-json\/wp\/v2\/users\/2"}],"replies":[{"embeddable":true,"href":"https:\/\/www.europesays.com\/fr\/wp-json\/wp\/v2\/comments?post=668724"}],"version-history":[{"count":0,"href":"https:\/\/www.europesays.com\/fr\/wp-json\/wp\/v2\/posts\/668724\/revisions"}],"wp:featuredmedia":[{"embeddable":true,"href":"https:\/\/www.europesays.com\/fr\/wp-json\/wp\/v2\/media\/668725"}],"wp:attachment":[{"href":"https:\/\/www.europesays.com\/fr\/wp-json\/wp\/v2\/media?parent=668724"}],"wp:term":[{"taxonomy":"category","embeddable":true,"href":"https:\/\/www.europesays.com\/fr\/wp-json\/wp\/v2\/categories?post=668724"},{"taxonomy":"post_tag","embeddable":true,"href":"https:\/\/www.europesays.com\/fr\/wp-json\/wp\/v2\/tags?post=668724"}],"curies":[{"name":"wp","href":"https:\/\/api.w.org\/{rel}","templated":true}]}}