{"id":668728,"date":"2026-01-16T23:00:10","date_gmt":"2026-01-16T23:00:10","guid":{"rendered":"https:\/\/www.europesays.com\/fr\/668728\/"},"modified":"2026-01-16T23:00:10","modified_gmt":"2026-01-16T23:00:10","slug":"lorganisateur-du-tripot-clandestin-entre-paris-et-les-hauts-de-seine-condamne-a-trois-ans-de-prison","status":"publish","type":"post","link":"https:\/\/www.europesays.com\/fr\/668728\/","title":{"rendered":"L\u2019organisateur du tripot clandestin entre Paris et les Hauts-de-Seine\u00a0condamn\u00e9 \u00e0 trois ans de prison"},"content":{"rendered":"<p class=\"paragraph text_align_left lp-f-body-02\">Jug\u00e9 jeudi et ce vendredi par le tribunal correctionnel de Nanterre pour avoir mont\u00e9 un tripot clandestin \u00e0 Paris, Bourg-la-Reine et Asni\u00e8res, Karim G. a \u00e9t\u00e9 condamn\u00e9 \u00e0 trois ans de prison, dont deux de sursis probatoire. Il purgera la partie ferme de sa peine sous bracelet \u00e9lectronique. Il n\u2019a plus le droit de g\u00e9rer une entreprise et devra aussi s\u2019acquitter d\u2019une amende de 50 000 euros.<\/p>\n","protected":false},"excerpt":{"rendered":"Jug\u00e9 jeudi et ce vendredi par le tribunal correctionnel de Nanterre pour avoir mont\u00e9 un tripot clandestin \u00e0&hellip;\n","protected":false},"author":2,"featured_media":668729,"comment_status":"","ping_status":"","sticky":false,"template":"","format":"standard","meta":{"footnotes":""},"categories":[1888],"tags":[11,1777,674,1011,27,3314,1944,12,626,25],"class_list":{"0":"post-668728","1":"post","2":"type-post","3":"status-publish","4":"format-standard","5":"has-post-thumbnail","7":"category-paris","8":"tag-actualites","9":"tag-eu","10":"tag-europe","11":"tag-fr","12":"tag-france","13":"tag-hauts-de-seine","14":"tag-ma-ville","15":"tag-news","16":"tag-paris","17":"tag-republique-francaise"},"share_on_mastodon":{"url":"https:\/\/pubeurope.com\/@fr\/115907266104120363","error":""},"_links":{"self":[{"href":"https:\/\/www.europesays.com\/fr\/wp-json\/wp\/v2\/posts\/668728","targetHints":{"allow":["GET"]}}],"collection":[{"href":"https:\/\/www.europesays.com\/fr\/wp-json\/wp\/v2\/posts"}],"about":[{"href":"https:\/\/www.europesays.com\/fr\/wp-json\/wp\/v2\/types\/post"}],"author":[{"embeddable":true,"href":"https:\/\/www.europesays.com\/fr\/wp-json\/wp\/v2\/users\/2"}],"replies":[{"embeddable":true,"href":"https:\/\/www.europesays.com\/fr\/wp-json\/wp\/v2\/comments?post=668728"}],"version-history":[{"count":0,"href":"https:\/\/www.europesays.com\/fr\/wp-json\/wp\/v2\/posts\/668728\/revisions"}],"wp:featuredmedia":[{"embeddable":true,"href":"https:\/\/www.europesays.com\/fr\/wp-json\/wp\/v2\/media\/668729"}],"wp:attachment":[{"href":"https:\/\/www.europesays.com\/fr\/wp-json\/wp\/v2\/media?parent=668728"}],"wp:term":[{"taxonomy":"category","embeddable":true,"href":"https:\/\/www.europesays.com\/fr\/wp-json\/wp\/v2\/categories?post=668728"},{"taxonomy":"post_tag","embeddable":true,"href":"https:\/\/www.europesays.com\/fr\/wp-json\/wp\/v2\/tags?post=668728"}],"curies":[{"name":"wp","href":"https:\/\/api.w.org\/{rel}","templated":true}]}}