{"id":668732,"date":"2026-01-16T23:02:12","date_gmt":"2026-01-16T23:02:12","guid":{"rendered":"https:\/\/www.europesays.com\/fr\/668732\/"},"modified":"2026-01-16T23:02:12","modified_gmt":"2026-01-16T23:02:12","slug":"les-etats-unis-invites-a-participer-aux-exercices-militaires-car-ils-sont-en-rapport-avec-la-russie","status":"publish","type":"post","link":"https:\/\/www.europesays.com\/fr\/668732\/","title":{"rendered":"Les Etats-Unis invit\u00e9s \u00e0 participer aux exercices militaires car ils sont \u00ab\u00a0en rapport avec la Russie\u00a0\u00bb"},"content":{"rendered":"<p>Face aux tensions croissantes en <a href=\"https:\/\/www.20minutes.fr\/planete\/arctique\/\" target=\"_blank\" class=\"c-link c-link--is-underlined\" rel=\"noopener\">Arctique<\/a>, le <a href=\"https:\/\/www.20minutes.fr\/dossier\/danemark\" target=\"_blank\" class=\"c-link c-link--is-underlined\" rel=\"noopener\">Danemark<\/a> pr\u00e9pare de nouveaux exercices militaires au <a href=\"https:\/\/www.20minutes.fr\/dossier\/groenland\" target=\"_blank\" class=\"c-link c-link--is-underlined\" rel=\"noopener\">Groenland<\/a> et souhaite y associer les <a href=\"https:\/\/www.20minutes.fr\/monde\/etats-unis\/\" target=\"_blank\" class=\"c-link c-link--is-underlined\" rel=\"noopener\">Etats-Unis<\/a>, a indiqu\u00e9 vendredi \u00e0 l\u2019AFP le g\u00e9n\u00e9ral S\u00f8ren Andersen, chef du Commandement arctique danois.<\/p>\n<p>\u00ab\u00a0Bien s\u00fbr, les Etats-Unis en tant que membres de l\u2019<a href=\"https:\/\/www.20minutes.fr\/monde\/otan\/\" target=\"_blank\" class=\"c-link c-link--is-underlined\" rel=\"noopener\">Otan<\/a> sont invit\u00e9s ici\u00a0\u00bb, a-t-il d\u00e9clar\u00e9 depuis Nuuk, \u00e0 bord d\u2019un navire de la marine danoise. Il a ajout\u00e9 avoir \u00e9chang\u00e9 le m\u00eame jour avec des alli\u00e9s de l\u2019Alliance, \u00ab\u00a0y compris am\u00e9ricains\u00a0\u00bb, et les avoir invit\u00e9s \u00e0 \u00ab\u00a0venir ici\u00a0\u00bb.<\/p>\n<p>Fortes tensions politiques avec Donald Trump<\/p>\n<p>Cette annonce intervient alors que plusieurs pays europ\u00e9ens de l\u2019Otan, dont la <a href=\"https:\/\/www.20minutes.fr\/france\/\" target=\"_blank\" class=\"c-link c-link--is-underlined\" rel=\"noopener\">France<\/a> et l\u2019<a href=\"https:\/\/www.20minutes.fr\/dossier\/allemagne\" target=\"_blank\" class=\"c-link c-link--is-underlined\" rel=\"noopener\">Allemagne<\/a>, ont envoy\u00e9 des \u00e9claireurs au Groenland pour pr\u00e9parer de futurs exercices \u00ab\u00a0grand froid\u00a0\u00bb dans l\u2019Arctique. Parmi eux figurent notamment des chasseurs alpins fran\u00e7ais.<\/p>\n<\/p>\n<p>Ce d\u00e9ploiement se d\u00e9roule sur fond de tensions politiques li\u00e9es au Groenland, territoire autonome danois convoit\u00e9 par <a href=\"https:\/\/www.20minutes.fr\/dossier\/donald_trump\" target=\"_blank\" class=\"c-link c-link--is-underlined\" rel=\"noopener\">Donald Trump<\/a>, qui a dit vouloir s\u2019en emparer \u00ab\u00a0d\u2019une mani\u00e8re ou d\u2019une autre\u00a0\u00bb. La Maison-Blanche a toutefois assur\u00e9 que cette pr\u00e9sence europ\u00e9enne n\u2019aurait \u00ab\u00a0aucun impact\u00a0\u00bb sur l\u2019objectif de Donald Trump d\u2019\u00ab\u00a0acqu\u00e9rir\u00a0\u00bb le Groenland.<\/p>\n<p>Des man\u0153uvres en rapport avec la Russie<\/p>\n<p>Pour le g\u00e9n\u00e9ral Andersen, ces man\u0153uvres visent d\u2019abord \u00e0 anticiper une mont\u00e9e en puissance russe apr\u00e8s la guerre en Ukraine. \u00ab\u00a0Pour moi, c\u2019est en rapport avec la <a href=\"https:\/\/www.20minutes.fr\/monde\/russie\/\" target=\"_blank\" class=\"c-link c-link--is-underlined\" rel=\"noopener\">Russie<\/a>. Il s\u2019agit de ce qui se passe en <a href=\"https:\/\/www.20minutes.fr\/monde\/ukraine\/\" target=\"_blank\" class=\"c-link c-link--is-underlined\" rel=\"noopener\">Ukraine<\/a>\u00a0\u00bb, a-t-il expliqu\u00e9, estimant que Moscou pourrait ensuite red\u00e9ployer ses moyens \u00ab\u00a0vers d\u2019autres th\u00e9\u00e2tres d\u2019op\u00e9rations, y compris l\u2019Arctique\u00a0\u00bb.<\/p>\n<p><a href=\"https:\/\/www.20minutes.fr\/dossier\/groenland\" target=\"_blank\" class=\"c-link c-btn c-btn--primary\" rel=\"noopener\">Notre dossier sur le Groenland<\/a><\/p>\n<p>L\u2019exercice <a href=\"https:\/\/www.20minutes.fr\/monde\/etats-unis\/4196295-20260115-groenland-chasseurs-alpins-francais-soldats-allemands-norvegiens-sait-operation-arctic-endurance\" target=\"_blank\" class=\"c-link c-link--is-underlined\" rel=\"noopener\">Arctic Endurance<\/a> doit se d\u00e9rouler tout au long de l\u2019ann\u00e9e\u00a02026 \u00ab\u00a0et peut-\u00eatre aussi l\u2019an prochain\u00a0\u00bb, selon lui. Vendredi, des chasseurs danois F-35 ont patrouill\u00e9 sur la c\u00f4te est du Groenland avec l\u2019appui d\u2019un avion ravitailleur fran\u00e7ais, a pr\u00e9cis\u00e9 l\u2019officier.<\/p>\n","protected":false},"excerpt":{"rendered":"Face aux tensions croissantes en Arctique, le Danemark pr\u00e9pare de nouveaux exercices militaires au Groenland et souhaite y&hellip;\n","protected":false},"author":2,"featured_media":668733,"comment_status":"","ping_status":"","sticky":false,"template":"","format":"standard","meta":{"footnotes":""},"categories":[1591],"tags":[47,11,1813,17274,145,75,73,1887,146,74,12,136,1885,1886,132],"class_list":{"0":"post-668732","1":"post","2":"type-post","3":"status-publish","4":"format-standard","5":"has-post-thumbnail","7":"category-russie","8":"tag-actualite","9":"tag-actualites","10":"tag-armee","11":"tag-armee-americaine","12":"tag-danemark","13":"tag-donald-trump","14":"tag-etats-unis","15":"tag-federation-de-russie","16":"tag-groenland","17":"tag-monde","18":"tag-news","19":"tag-otan","20":"tag-russia","21":"tag-russian-federation","22":"tag-russie"},"share_on_mastodon":{"url":"https:\/\/pubeurope.com\/@fr\/115907273939389882","error":""},"_links":{"self":[{"href":"https:\/\/www.europesays.com\/fr\/wp-json\/wp\/v2\/posts\/668732","targetHints":{"allow":["GET"]}}],"collection":[{"href":"https:\/\/www.europesays.com\/fr\/wp-json\/wp\/v2\/posts"}],"about":[{"href":"https:\/\/www.europesays.com\/fr\/wp-json\/wp\/v2\/types\/post"}],"author":[{"embeddable":true,"href":"https:\/\/www.europesays.com\/fr\/wp-json\/wp\/v2\/users\/2"}],"replies":[{"embeddable":true,"href":"https:\/\/www.europesays.com\/fr\/wp-json\/wp\/v2\/comments?post=668732"}],"version-history":[{"count":0,"href":"https:\/\/www.europesays.com\/fr\/wp-json\/wp\/v2\/posts\/668732\/revisions"}],"wp:featuredmedia":[{"embeddable":true,"href":"https:\/\/www.europesays.com\/fr\/wp-json\/wp\/v2\/media\/668733"}],"wp:attachment":[{"href":"https:\/\/www.europesays.com\/fr\/wp-json\/wp\/v2\/media?parent=668732"}],"wp:term":[{"taxonomy":"category","embeddable":true,"href":"https:\/\/www.europesays.com\/fr\/wp-json\/wp\/v2\/categories?post=668732"},{"taxonomy":"post_tag","embeddable":true,"href":"https:\/\/www.europesays.com\/fr\/wp-json\/wp\/v2\/tags?post=668732"}],"curies":[{"name":"wp","href":"https:\/\/api.w.org\/{rel}","templated":true}]}}