{"id":668734,"date":"2026-01-16T23:03:15","date_gmt":"2026-01-16T23:03:15","guid":{"rendered":"https:\/\/www.europesays.com\/fr\/668734\/"},"modified":"2026-01-16T23:03:15","modified_gmt":"2026-01-16T23:03:15","slug":"les-negociatieurs-ukrainiens-et-americains-vont-se-rencontrer-samedi-a-miami","status":"publish","type":"post","link":"https:\/\/www.europesays.com\/fr\/668734\/","title":{"rendered":"les n\u00e9gociatieurs ukrainiens et am\u00e9ricains vont se rencontrer samedi \u00e0 Miami"},"content":{"rendered":"\n<p class=\"c-chapo \">\n  Le pr\u00e9sident Volodymyr Zelensky a exprim\u00e9 son espoir de voir l&rsquo;Ukraine conclure la semaine prochaine des accords avec Washington pour mettre fin \u00e0 la guerre avec la Russie.\n<\/p>\n<p>      lire plus tard<\/p>\n<p id=\"dialog__title\" class=\"dialog__title\">Pour sauvegarder cet article, connectez-vous ou cr\u00e9ez un compte franceinfo<\/p>\n<p class=\"dialog__description\">Sans paiement. Sans abonnement.<\/p>\n<p>        Fermer la fen\u00eatre d\u2019activation des notifications France Info<\/p>\n<p>      cr\u00e9er votre compte<\/p>\n<p>      se connecter<\/p>\n<p>      :<\/p>\n<p>        Fermer la fen\u00eatre de pr\u00e9sentation<\/p>\n<p>    <img loading=\"lazy\" decoding=\"async\" class=\"signature__image lazyload\" width=\"100\" height=\"100\" data- alt=\"\" src=\"https:\/\/www.europesays.com\/fr\/wp-content\/uploads\/2025\/05\/64a68815cd1a7_placeholder-36b69ec8.png\"\/><\/p>\n<p>    Publi\u00e9 le 16\/01\/2026 22:57<\/p>\n<p>        Temps de lecture : 1min<\/p>\n<p>    <img decoding=\"async\"  alt=\"Les drapeaux ukrainien et am\u00e9ricain dans le ciel de Cracovie, le 7 juin 2025 en Pologne. (BEATA ZAWRZEL \/ AFP)\" width=\"432\" height=\"243\" src=\"https:\/\/www.europesays.com\/fr\/wp-content\/uploads\/2026\/01\/075-zawrzel-economya250607-npi9x-696ab3cac713c275871205.jpg\" fetchpriority=\"high\"\/><\/p>\n<p>      Les drapeaux ukrainien et am\u00e9ricain dans le ciel de Cracovie, le 7 juin 2025 en Pologne. (BEATA ZAWRZEL \/ AFP)<\/p>\n<p>L&rsquo;ambassadrice de Kiev aux Etats-Unis, Olga Stefanishyna, a annonc\u00e9 vendredi 16 janvier que les n\u00e9gociateurs ukrainiens rencontreraient la partie am\u00e9ricaine samedi \u00e0 Miami pour de nouveaux pourparlers en vue de mettre fin au conflit avec la Russie. \u00ab\u00a0Des n\u00e9gociations auront lieu demain [samedi] \u00e0 Miami, Floride, avec la participation du secr\u00e9taire du Conseil de s\u00e9curit\u00e9 nationale et de d\u00e9fense, Roustem Oumerov, du chef du cabinet du pr\u00e9sident, Kyrylo Boudanov, et du chef du groupe parlementaire [pr\u00e9sidentiel]\u00a0David Arakhamia\u00a0\u00bb, a d\u00e9clar\u00e9 Mme Stefanishyna sur Facebook, sans pr\u00e9ciser qui repr\u00e9senterait les Etats-Unis.<\/p>\n<p>Le pr\u00e9sident Volodymyr Zelensky a exprim\u00e9 son espoir de voir l&rsquo;Ukraine conclure la semaine prochaine des accords avec Washington pour mettre fin \u00e0 la guerre avec la Russie. Il a dit esp\u00e9rer obtenir \u00ab\u00a0plus de clart\u00e9\u00a0\u00bb sur les documents pr\u00e9par\u00e9s avec les Am\u00e9ricains et la position de la Russie \u00e0 leur sujet.<\/p>\n<p>Ces nouvelles discussions interviennent alors que l&rsquo;Ukraine a subi ces derniers mois une s\u00e9rie de frappes russes massives qui ont caus\u00e9 <a href=\"https:\/\/www.franceinfo.fr\/monde\/europe\/manifestations-en-ukraine\/les-ecoles-de-kiev-en-ukraine-seront-fermees-jusqu-en-fevrier-apres-les-frappes-russes-sur-les-infrastructures-energetiques_7746007.html\" target=\"_blank\" rel=\"noopener\">d&rsquo;importants d\u00e9g\u00e2ts aux infrastructures \u00e9nerg\u00e9tiques<\/a>, provoquant coupures de courant et de chauffage en plein hiver. Confront\u00e9 \u00e0 cette situation, Volodymyr Zelensky s&rsquo;est plaint vendredi d&rsquo;une p\u00e9nurie de missiles antia\u00e9riens occidentaux. Les \u00e9missaires am\u00e9ricains n\u00e9gocient s\u00e9par\u00e9ment avec Kiev et Moscou depuis des mois un accord destin\u00e9 \u00e0 faire cesser quatre ans de combats, mais plusieurs questions restent non r\u00e9solues, dont celles des territoires occup\u00e9s et des garanties de s\u00e9curit\u00e9 pour l&rsquo;Ukraine.<\/p>\n","protected":false},"excerpt":{"rendered":"Le pr\u00e9sident Volodymyr Zelensky a exprim\u00e9 son espoir de voir l&rsquo;Ukraine conclure la semaine prochaine des accords avec&hellip;\n","protected":false},"author":2,"featured_media":668735,"comment_status":"","ping_status":"","sticky":false,"template":"","format":"standard","meta":{"footnotes":""},"categories":[1590],"tags":[11,1777,674,12,220],"class_list":{"0":"post-668734","1":"post","2":"type-post","3":"status-publish","4":"format-standard","5":"has-post-thumbnail","7":"category-ukraine","8":"tag-actualites","9":"tag-eu","10":"tag-europe","11":"tag-news","12":"tag-ukraine"},"share_on_mastodon":{"url":"https:\/\/pubeurope.com\/@fr\/115907277961144153","error":""},"_links":{"self":[{"href":"https:\/\/www.europesays.com\/fr\/wp-json\/wp\/v2\/posts\/668734","targetHints":{"allow":["GET"]}}],"collection":[{"href":"https:\/\/www.europesays.com\/fr\/wp-json\/wp\/v2\/posts"}],"about":[{"href":"https:\/\/www.europesays.com\/fr\/wp-json\/wp\/v2\/types\/post"}],"author":[{"embeddable":true,"href":"https:\/\/www.europesays.com\/fr\/wp-json\/wp\/v2\/users\/2"}],"replies":[{"embeddable":true,"href":"https:\/\/www.europesays.com\/fr\/wp-json\/wp\/v2\/comments?post=668734"}],"version-history":[{"count":0,"href":"https:\/\/www.europesays.com\/fr\/wp-json\/wp\/v2\/posts\/668734\/revisions"}],"wp:featuredmedia":[{"embeddable":true,"href":"https:\/\/www.europesays.com\/fr\/wp-json\/wp\/v2\/media\/668735"}],"wp:attachment":[{"href":"https:\/\/www.europesays.com\/fr\/wp-json\/wp\/v2\/media?parent=668734"}],"wp:term":[{"taxonomy":"category","embeddable":true,"href":"https:\/\/www.europesays.com\/fr\/wp-json\/wp\/v2\/categories?post=668734"},{"taxonomy":"post_tag","embeddable":true,"href":"https:\/\/www.europesays.com\/fr\/wp-json\/wp\/v2\/tags?post=668734"}],"curies":[{"name":"wp","href":"https:\/\/api.w.org\/{rel}","templated":true}]}}