{"id":668736,"date":"2026-01-16T23:04:26","date_gmt":"2026-01-16T23:04:26","guid":{"rendered":"https:\/\/www.europesays.com\/fr\/668736\/"},"modified":"2026-01-16T23:04:26","modified_gmt":"2026-01-16T23:04:26","slug":"au-groenland-les-etats-unis-invites-a-participer-a-des-exercices-militaires","status":"publish","type":"post","link":"https:\/\/www.europesays.com\/fr\/668736\/","title":{"rendered":"Au Groenland, les \u00c9tats-Unis invit\u00e9s \u00e0 participer \u00e0 des exercices militaires"},"content":{"rendered":"<p>        <img decoding=\"async\" loading=\"lazy\" src=\"https:\/\/www.europesays.com\/fr\/wp-content\/uploads\/2026\/01\/50aa6c3_upload-1-yic7wsuike0d-afp-20260116-92yz364-v3-highres-greenlanddenmarkusdiplomacydefence.jpg\"  width=\"728\" height=\"410\" alt=\"Des militaires, vraisemblablement membres des forces arm\u00e9es allemandes, se dirigeant vers un bus apr\u00e8s avoir d\u00e9barqu\u00e9 d\u2019un avion charter \u00e0 leur arriv\u00e9e \u00e0 l\u2019a\u00e9roport international de Nuuk, au Groenland, le 16\u00a0janvier 2026.\"\/>  <\/p>\n<p>ALESSANDRO RAMPAZZO \/ AFP<\/p>\n<p>Des militaires, vraisemblablement membres des forces arm\u00e9es allemandes, se dirigeant vers un bus apr\u00e8s avoir d\u00e9barqu\u00e9 d\u2019un avion charter \u00e0 leur arriv\u00e9e \u00e0 l\u2019a\u00e9roport international de Nuuk, au Groenland, le 16\u00a0janvier 2026.<\/p>\n<p class=\"asset asset-text\">Le Groenland continue de faire l\u2019actualit\u00e9 ce vendredi 16\u00a0janvier. C\u2019est cette fois-ci le chef du Commandement arctique danois qui a fait des d\u00e9clarations, \u00e9voquant l\u2019arm\u00e9e am\u00e9ricaine.<\/p>\n<p class=\"asset asset-text\">\u00ab\u00a0Bien s\u00fbr, les \u00c9tats-Unis en tant que membres de l\u2019Otan sont invit\u00e9s ici\u00a0\u00bb, pour participer \u00e0 des exercices militaires, a ainsi affirm\u00e9 le g\u00e9n\u00e9ral S\u00f8ren Andersen lors d\u2019un entretien avec des journalistes sur un navire de la marine danoise amarr\u00e9 dans le port de Nuuk, la capitale groenlandaise.<\/p>\n<p class=\"asset asset-text\">L\u2019officier danois dit avoir eu un \u00e9change le jour m\u00eame avec les alli\u00e9s de l\u2019Otan, y compris am\u00e9ricains, et les a invit\u00e9s \u00e0 \u00ab\u00a0venir ici\u00a0\u00bb.<\/p>\n<p class=\"asset asset-text\">Il a tenu ces propos alors que plusieurs pays europ\u00e9ens de l\u2019Otan, dont la France et l\u2019Allemagne mais pas les \u00c9tats-Unis, <a href=\"https:\/\/www.huffingtonpost.fr\/international\/video\/groenland-ce-que-l-on-sait-de-l-envoi-de-militaires-francais-sur-place-pour-une-mission-militaire-europeenne_259225.html\" target=\"_blank\" rel=\"noopener\">ont envoy\u00e9 quelques dizaines de soldats au Groenland<\/a> pr\u00e9parer la participation de leurs arm\u00e9es \u00e0 de futurs exercices \u00ab\u00a0grand froid\u00a0\u00bb dans l\u2019Arctique.<\/p>\n<p class=\"asset asset-text\">Ce d\u00e9ploiement d\u2019\u00e9claireurs survient sur fond de tensions autour du sort du territoire autonome danois dont le pr\u00e9sident Trump a dit vouloir s\u2019emparer \u00ab\u00a0d\u2019une mani\u00e8re ou d\u2019une autre\u00a0\u00bb. Nombre d\u2019experts y voient un \u00ab\u00a0signalement strat\u00e9gique\u00a0\u00bb vis-\u00e0-vis de Washington. La Maison Blanche a assur\u00e9 que ce d\u00e9ploiement n\u2019aurait \u00ab\u00a0aucun impact\u00a0\u00bb sur l\u2019objectif de Donald Trump d\u2019\u00ab\u00a0acqu\u00e9rir\u00a0\u00bb le Groenland.<\/p>\n<p> La lecture de ce contenu est susceptible d\u2019entra\u00eener un d\u00e9p\u00f4t de cookies de la part de l\u2019op\u00e9rateur tiers qui l\u2019h\u00e9berge. Compte-tenu des choix que vous avez exprim\u00e9s en mati\u00e8re de d\u00e9p\u00f4t de cookies, nous avons bloqu\u00e9 l\u2019affichage de ce contenu. Si vous souhaitez y acc\u00e9der, vous devez accepter la cat\u00e9gorie de cookies \u201cContenus tiers\u201d en cliquant sur le bouton ci-dessous. <\/p>\n<p> Lire la Vid\u00e9o        Trump menace de droits de douane les pays qui ne soutiennent pas son plan    <\/p>\n<p class=\"asset asset-text\">\u00ab\u00a0Pour moi, c\u2019est en rapport avec la Russie. Il s\u2019agit de ce qui se passe en Ukraine\u00a0\u00bb, a d\u00e9clar\u00e9 le g\u00e9n\u00e9ral danois au sujet des exercices.<\/p>\n<p class=\"asset asset-text\">\u00ab\u00a0Nous voyons comment la Russie conduit la guerre en Ukraine et quand la guerre en Ukraine sera termin\u00e9e, esp\u00e9rons-le avec une issue favorable pour l\u2019Ukraine, nous pensons que la Russie red\u00e9ploiera les ressources qu\u2019elle utilise actuellement en Ukraine vers d\u2019autres th\u00e9\u00e2tres d\u2019op\u00e9rations, y compris l\u2019Arctique\u00a0\u00bb, a-t-il ajout\u00e9.<\/p>\n<p class=\"asset asset-text\">\u00ab\u00a0Je n\u2019ai vu aucun navire de combat russe ou chinois dans la r\u00e9gion\u00a0\u00bb en deux ans et demi de commandement sur l\u2019\u00eele, a-t-il aussi affirm\u00e9.<\/p>\n<p class=\"asset asset-text\">Donald Trump mart\u00e8le que les \u00c9tats-Unis <a href=\"https:\/\/www.huffingtonpost.fr\/international\/article\/pourquoi-l-argument-de-la-securite-utilise-par-trump-pour-annexer-le-groenland-ne-tient-pas_259162.html\" target=\"_blank\" rel=\"noopener\">ont besoin du Groenland pour leur s\u00e9curit\u00e9 nationale<\/a> et contenir les avanc\u00e9es de la Russie et de la Chine en Arctique.<\/p>\n<p class=\"asset asset-text\">Ce vendredi, le pr\u00e9sident am\u00e9ricain a par ailleurs menac\u00e9 de droits de douane les pays qui ne soutiendraient pas son plan pour acqu\u00e9rir le Groenland, au moment o\u00f9 une d\u00e9l\u00e9gation bipartisane du Congr\u00e8s am\u00e9ricain est \u00e0 Copenhague pour une visite de soutien au Danemark et au Groenland.<\/p>\n<p class=\"asset asset-text\">\u00ab\u00a0Je vais peut-\u00eatre imposer des droits de douane sur des pays s\u2019ils ne jouent pas le jeu sur le Groenland, parce qu\u2019on a besoin du Groenland pour la s\u00e9curit\u00e9 nationale\u00a0\u00bb, a d\u00e9clar\u00e9 Donald Trump lors d\u2019une table ronde \u00e0 la Maison Blanche.<\/p>\n","protected":false},"excerpt":{"rendered":"ALESSANDRO RAMPAZZO \/ AFP Des militaires, vraisemblablement membres des forces arm\u00e9es allemandes, se dirigeant vers un bus apr\u00e8s&hellip;\n","protected":false},"author":2,"featured_media":668737,"comment_status":"","ping_status":"","sticky":false,"template":"","format":"standard","meta":{"footnotes":""},"categories":[1589],"tags":[11,20931,17274,145,73,1866,146,14,12,1864,1865,1863,308],"class_list":{"0":"post-668736","1":"post","2":"type-post","3":"status-publish","4":"format-standard","5":"has-post-thumbnail","7":"category-etats-unis","8":"tag-actualites","9":"tag-arctique","10":"tag-armee-americaine","11":"tag-danemark","12":"tag-etats-unis","13":"tag-etats-unis-damerique","14":"tag-groenland","15":"tag-international","16":"tag-news","17":"tag-united-states","18":"tag-united-states-of-america","19":"tag-us","20":"tag-usa"},"share_on_mastodon":{"url":"https:\/\/pubeurope.com\/@fr\/115907281845740901","error":""},"_links":{"self":[{"href":"https:\/\/www.europesays.com\/fr\/wp-json\/wp\/v2\/posts\/668736","targetHints":{"allow":["GET"]}}],"collection":[{"href":"https:\/\/www.europesays.com\/fr\/wp-json\/wp\/v2\/posts"}],"about":[{"href":"https:\/\/www.europesays.com\/fr\/wp-json\/wp\/v2\/types\/post"}],"author":[{"embeddable":true,"href":"https:\/\/www.europesays.com\/fr\/wp-json\/wp\/v2\/users\/2"}],"replies":[{"embeddable":true,"href":"https:\/\/www.europesays.com\/fr\/wp-json\/wp\/v2\/comments?post=668736"}],"version-history":[{"count":0,"href":"https:\/\/www.europesays.com\/fr\/wp-json\/wp\/v2\/posts\/668736\/revisions"}],"wp:featuredmedia":[{"embeddable":true,"href":"https:\/\/www.europesays.com\/fr\/wp-json\/wp\/v2\/media\/668737"}],"wp:attachment":[{"href":"https:\/\/www.europesays.com\/fr\/wp-json\/wp\/v2\/media?parent=668736"}],"wp:term":[{"taxonomy":"category","embeddable":true,"href":"https:\/\/www.europesays.com\/fr\/wp-json\/wp\/v2\/categories?post=668736"},{"taxonomy":"post_tag","embeddable":true,"href":"https:\/\/www.europesays.com\/fr\/wp-json\/wp\/v2\/tags?post=668736"}],"curies":[{"name":"wp","href":"https:\/\/api.w.org\/{rel}","templated":true}]}}