{"id":668738,"date":"2026-01-16T23:05:13","date_gmt":"2026-01-16T23:05:13","guid":{"rendered":"https:\/\/www.europesays.com\/fr\/668738\/"},"modified":"2026-01-16T23:05:13","modified_gmt":"2026-01-16T23:05:13","slug":"communautarisme-ideologie-laffaire-de-linterdiction-des-supporters-israeliens-du-maccabi-eclabousse-la-police-britannique-et-vire-au-scandale-politique","status":"publish","type":"post","link":"https:\/\/www.europesays.com\/fr\/668738\/","title":{"rendered":"\u00abCommunautarisme\u00bb, \u00abid\u00e9ologie\u00bb&#8230; L\u2019affaire de l\u2019interdiction des supporters isra\u00e9liens du Maccabi \u00e9clabousse la police britannique et vire au scandale politique"},"content":{"rendered":"<p>\n    Alors que la police avait barr\u00e9 l\u2019acc\u00e8s au stade aux supporters du Maccabi Tel Aviv \u00e0 Birmingham, \u00e0 l\u2019automne dernier, la ministre de l\u2019Int\u00e9rieur et Downing Street ont d\u00e9savou\u00e9 son chef qui a d\u00fb jeter d\u2019\u00e9ponge ce vendredi.<\/p>\n<p class=\"fig-paragraph\">L\u2019affaire \u00e9br\u00e8che l\u2019image de la police et suscite une vive pol\u00e9mique sur les prismes id\u00e9ologiques ou communautaristes qui peuvent commander son action. Le rapport accablant sur la d\u00e9cision d<a href=\"http:\/\/www.lefigaro.fr\/sports\/football\/ligue-europa\/ligue-europa-les-supporters-israeliens-du-maccabi-tel-aviv-interdits-de-match-a-aston-villa-20251016\" data-fig-type=\"NewsFlash\" data-gtm-custom-categorie=\"navigation\" data-gtm-custom-action=\"crossclick\" data-gtm-custom-label=\"Contextuel\" data-gtm-event=\"customEventSPE\" data-fig-domain=\"LEFIGARO\" target=\"_blank\" rel=\"noopener\">\u2019interdire l\u2019acc\u00e8s au stade aux supporters du Maccabi Tel Aviv \u00e0 Birmingham \u00e0 l\u2019automne dernier<\/a>\u00a0met en lumi\u00e8re une s\u00e9rie de manquements de la part des forces de l\u2019ordre. L\u2019affaire a vir\u00e9 au scandale politique. Downing street et la ministre de l\u2019Int\u00e9rieur ont retir\u00e9 leur \u00abconfiance\u00bb au chef de la police des West Midlands, Craig Guildford. Alors que la pression montait, celui-ci a annonc\u00e9 son d\u00e9part aujourd\u2019hui.<\/p>\n<p class=\"fig-paragraph\">En octobre dernier, la police des West Midlands avait exhort\u00e9 le Safety Advisory Group (SAG) de la ville de Birmingham, qui supervise la s\u00e9curit\u00e9 au Villa Park, de ne pas autoriser les supporters isra\u00e9liens, classant la rencontre du 6 novembre \u00e0 hauts risques. Cette d\u00e9cision avait suscit\u00e9 de vives critiques, de la part du gouvernement isra\u00e9lien mais aussi du premier ministre travailliste. \u00abNous\u2026<\/p>\n<p class=\"fig-premium-paywall__infos\">\n        Cet article est r\u00e9serv\u00e9 aux abonn\u00e9s.        Il vous reste 81% \u00e0 d\u00e9couvrir.\n    <\/p>\n<p>                <img  data- alt=\"Le Figaro\" class=\"fig-img--complete fig-img\"\/><\/p>\n<p class=\"fig-premium-paywall__title\">Le Figaro c\u00e9l\u00e8bre ses 200 ans<\/p>\n<p class=\"fig-premium-paywall__subtitle\">Offre anniversaire : 2\u20ac\/mois pendant 200 semaines<\/p>\n<p class=\"fig-premium-paywall__connect\">\n                D\u00e9j\u00e0 abonn\u00e9\u00a0?                <a class=\"fig-premium-paywall__connect-link\" href=\"https:\/\/connect.lefigaro.fr\/login?client=horizon_web&amp;type=main&amp;redirect_uri=https%3A%2F%2Fwww.lefigaro.fr%2Finternational%2Fcommunautarisme-ideologie-l-affaire-de-l-interdiction-des-supporters-israeliens-du-maccabi-eclabousse-la-police-britannique-et-vire-au-scandale-politique-20260116\" data-js-gtm=\"{&quot;customCategorie&quot;: &quot;conversion&quot;, &quot;customAction&quot;: &quot;before_Landing_Connexion_paywall_auto&quot;, &quot;customLabel&quot;: &quot;bGVmaWdhcm8uZnJfXzFmMGYyZDJkLTFiNzEtNjhkOC1hZGY3LTExZTc3NDMwYTFjZV9fQXJ0aWNsZQ==_\u00abCommunautarisme\u00bb, \u00abid\u00e9ologie\u00bb... L\u2019affaire de l\u2019interdiction des supporters isra\u00e9liens du Maccabi \u00e9clabousse la police britannique et vire au scandale politique_397&quot;, &quot;customIDSPE&quot;: &quot;bGVmaWdhcm8uZnJfXzFmMGYyZDJkLTFiNzEtNjhkOC1hZGY3LTExZTc3NDMwYTFjZV9fQXJ0aWNsZQ==&quot;, &quot;event&quot;: &quot;customEventSPE&quot;}\" target=\"_blank\" rel=\"noopener\"><br \/>\n                    Connectez-vous<br \/>\n                <\/a>\n            <\/p>\n","protected":false},"excerpt":{"rendered":"Alors que la police avait barr\u00e9 l\u2019acc\u00e8s au stade aux supporters du Maccabi Tel Aviv \u00e0 Birmingham, \u00e0&hellip;\n","protected":false},"author":2,"featured_media":668739,"comment_status":"","ping_status":"","sticky":false,"template":"","format":"standard","meta":{"footnotes":""},"categories":[1588],"tags":[11,6155,1777,674,1253,12,473,1853,1851,1850,1852],"class_list":{"0":"post-668738","1":"post","2":"type-post","3":"status-publish","4":"format-standard","5":"has-post-thumbnail","7":"category-royaume-uni","8":"tag-actualites","9":"tag-antisemitisme","10":"tag-eu","11":"tag-europe","12":"tag-islamisme","13":"tag-news","14":"tag-royaume-uni","15":"tag-royaume-uni-de-grande-bretagne-et-dirlande-du-nord","16":"tag-uk","17":"tag-united-kingdom","18":"tag-united-kingdom-of-great-britain-and-northern-ireland"},"share_on_mastodon":{"url":"https:\/\/pubeurope.com\/@fr\/115907285789601225","error":""},"_links":{"self":[{"href":"https:\/\/www.europesays.com\/fr\/wp-json\/wp\/v2\/posts\/668738","targetHints":{"allow":["GET"]}}],"collection":[{"href":"https:\/\/www.europesays.com\/fr\/wp-json\/wp\/v2\/posts"}],"about":[{"href":"https:\/\/www.europesays.com\/fr\/wp-json\/wp\/v2\/types\/post"}],"author":[{"embeddable":true,"href":"https:\/\/www.europesays.com\/fr\/wp-json\/wp\/v2\/users\/2"}],"replies":[{"embeddable":true,"href":"https:\/\/www.europesays.com\/fr\/wp-json\/wp\/v2\/comments?post=668738"}],"version-history":[{"count":0,"href":"https:\/\/www.europesays.com\/fr\/wp-json\/wp\/v2\/posts\/668738\/revisions"}],"wp:featuredmedia":[{"embeddable":true,"href":"https:\/\/www.europesays.com\/fr\/wp-json\/wp\/v2\/media\/668739"}],"wp:attachment":[{"href":"https:\/\/www.europesays.com\/fr\/wp-json\/wp\/v2\/media?parent=668738"}],"wp:term":[{"taxonomy":"category","embeddable":true,"href":"https:\/\/www.europesays.com\/fr\/wp-json\/wp\/v2\/categories?post=668738"},{"taxonomy":"post_tag","embeddable":true,"href":"https:\/\/www.europesays.com\/fr\/wp-json\/wp\/v2\/tags?post=668738"}],"curies":[{"name":"wp","href":"https:\/\/api.w.org\/{rel}","templated":true}]}}