{"id":668740,"date":"2026-01-16T23:06:26","date_gmt":"2026-01-16T23:06:26","guid":{"rendered":"https:\/\/www.europesays.com\/fr\/668740\/"},"modified":"2026-01-16T23:06:26","modified_gmt":"2026-01-16T23:06:26","slug":"la-sortie-nucleaire-de-lallemagne-a-ete-une-grave-erreur-strategique-selon-le-chancelier-friedrich-merz","status":"publish","type":"post","link":"https:\/\/www.europesays.com\/fr\/668740\/","title":{"rendered":"La sortie nucl\u00e9aire de l\u2019Allemagne a \u00e9t\u00e9 \u00ab une grave erreur strat\u00e9gique \u00bb selon le chancelier Friedrich Merz\u00a0"},"content":{"rendered":"<p class=\"p1\">\u00c0 l\u2019occasion de la r\u00e9ception du Nouvel An de l\u2019\u00e9conomie \u00e0 Halle\/Saale mercredi 14 janvier, Friedrich Merz a fortement critiqu\u00e9 la sortie allemande du nucl\u00e9aire. Selon l<a href=\"https:\/\/www.valeursactuelles.com\/monde\/allemagne-le-chancelier-merz-veut-rapatrier-voire-expulser-des-refugies-vers-la-syrie\" target=\"_blank\" rel=\"noopener\">e chancelier f\u00e9d\u00e9ral<\/a>, la politique \u00e9nerg\u00e9tique des gouvernements pr\u00e9c\u00e9dents est une \u00ab grave erreur strat\u00e9gique \u00bb, dans des propos rapport\u00e9s par <a href=\"https:\/\/www.bild.de\/politik\/inland\/merz-schwerer-strategischer-fehler-aus-der-kernenergie-auszusteigen-6968bdbd29d7700ee8582b9a\" target=\"_blank\" rel=\"nofollow noopener\">Bild<\/a>. Au moment de cette transition, \u00ab\u00a0il aurait au moins fallu laisser en service les derni\u00e8res centrales nucl\u00e9aires restantes en Allemagne il y a trois ans, afin d\u2019avoir au moins les capacit\u00e9s de production \u00e9lectrique que nous avions \u00e0 l\u2019\u00e9poque \u00bb, ajoute-t-il.<\/p>\n<p><a href=\"https:\/\/www.valeursactuelles.com\/monde\/allemagne-le-nouveau-chancelier-friedrich-merz-veut-doter-le-pays-de-larmee-la-plus-puissante-deurope\" class=\"h-flex h-align-items-center h-border-tb h-ptb-15\" target=\"_blank\" rel=\"noopener\">A\u00a0LIRE\u00a0Allemagne : le nouveau chancelier Friedrich Merz veut doter le pays de \u00ab l\u2019arm\u00e9e la plus puissante d\u2019Europe \u00bb<\/a>L\u2019ancien gouvernement responsable de la hausse du prix de l\u2019\u00e9nergie selon lui<\/p>\n<p class=\"p1\">\u00ab Ainsi, nous r\u00e9alisons maintenant la transition \u00e9nerg\u00e9tique la plus co\u00fbteuse au monde. Je ne connais aucun autre pays qui se complique la vie et d\u00e9pense autant d\u2019argent que l\u2019Allemagne\u00a0\u00bb, d\u00e9plore Friedrich Merz. Pour lui, le pr\u00e9c\u00e9dent gouvernement sous la direction <a href=\"https:\/\/www.valeursactuelles.com\/clubvaleurs\/monde\/lun-des-politiciens-allemands-les-plus-destructeurs-pour-leurope-pourquoi-angela-merkel-a-declenche-une-tempete-en-europe-de-lest\" target=\"_blank\" rel=\"noopener\">d\u2019Angela Merkel<\/a> et la coalition \u00ab\u00a0feu tricolore\u00a0\u00bb, qui rassemble le Parti social-d\u00e9mocrate, le Parti lib\u00e9ral-d\u00e9mocrate, et l\u2019Alliance 90 \/ Les Verts, sont responsables des prix \u00e9lev\u00e9s de l\u2019\u00e9nergie.<\/p>\n<p class=\"p1\">Le chancelier f\u00e9d\u00e9ral milite pour retrouver \u00ab\u00a0des prix de march\u00e9 acceptables dans la production d\u2019\u00e9nergie et ne pas devoir subventionner continuellement les prix de l\u2019\u00e9nergie \u00e0 partir du budget f\u00e9d\u00e9ral \u00bb. Il estime ainsi qu\u2019il faut rapidement mettre en place de nouveaux projets de centrales \u00e9lectriques, et r\u00e9utiliser d\u2019anciens sites de centrales.<\/p>\n","protected":false},"excerpt":{"rendered":"\u00c0 l\u2019occasion de la r\u00e9ception du Nouvel An de l\u2019\u00e9conomie \u00e0 Halle\/Saale mercredi 14 janvier, Friedrich Merz a&hellip;\n","protected":false},"author":2,"featured_media":668741,"comment_status":"","ping_status":"","sticky":false,"template":"","format":"standard","meta":{"footnotes":""},"categories":[1587],"tags":[11,672,1804,13348,1805,1803,1777,674,4710,1801,12,5654,1802,4426],"class_list":{"0":"post-668740","1":"post","2":"type-post","3":"status-publish","4":"format-standard","5":"has-post-thumbnail","7":"category-allemagne","8":"tag-actualites","9":"tag-allemagne","10":"tag-bundesrepublik-deutschland","11":"tag-chancelier","12":"tag-de","13":"tag-deutschland","14":"tag-eu","15":"tag-europe","16":"tag-friedrich-merz","17":"tag-germany","18":"tag-news","19":"tag-nucleaire","20":"tag-republique-federale-dallemagne","21":"tag-transition-energetique"},"share_on_mastodon":{"url":"https:\/\/pubeurope.com\/@fr\/115907289603898477","error":""},"_links":{"self":[{"href":"https:\/\/www.europesays.com\/fr\/wp-json\/wp\/v2\/posts\/668740","targetHints":{"allow":["GET"]}}],"collection":[{"href":"https:\/\/www.europesays.com\/fr\/wp-json\/wp\/v2\/posts"}],"about":[{"href":"https:\/\/www.europesays.com\/fr\/wp-json\/wp\/v2\/types\/post"}],"author":[{"embeddable":true,"href":"https:\/\/www.europesays.com\/fr\/wp-json\/wp\/v2\/users\/2"}],"replies":[{"embeddable":true,"href":"https:\/\/www.europesays.com\/fr\/wp-json\/wp\/v2\/comments?post=668740"}],"version-history":[{"count":0,"href":"https:\/\/www.europesays.com\/fr\/wp-json\/wp\/v2\/posts\/668740\/revisions"}],"wp:featuredmedia":[{"embeddable":true,"href":"https:\/\/www.europesays.com\/fr\/wp-json\/wp\/v2\/media\/668741"}],"wp:attachment":[{"href":"https:\/\/www.europesays.com\/fr\/wp-json\/wp\/v2\/media?parent=668740"}],"wp:term":[{"taxonomy":"category","embeddable":true,"href":"https:\/\/www.europesays.com\/fr\/wp-json\/wp\/v2\/categories?post=668740"},{"taxonomy":"post_tag","embeddable":true,"href":"https:\/\/www.europesays.com\/fr\/wp-json\/wp\/v2\/tags?post=668740"}],"curies":[{"name":"wp","href":"https:\/\/api.w.org\/{rel}","templated":true}]}}